{"id":351052,"date":"2025-08-29T01:19:11","date_gmt":"2025-08-29T01:19:11","guid":{"rendered":"https:\/\/www.europesays.com\/fr\/351052\/"},"modified":"2025-08-29T01:19:11","modified_gmt":"2025-08-29T01:19:11","slug":"un-projet-special-avec-sa-fille-lolita-pour-ses-50-ans-de-carriere","status":"publish","type":"post","link":"https:\/\/www.europesays.com\/fr\/351052\/","title":{"rendered":"un projet sp\u00e9cial avec sa fille Lolita pour ses 50 ans de carri\u00e8re"},"content":{"rendered":"<p><img decoding=\"async\" src=\"https:\/\/www.europesays.com\/fr\/wp-content\/uploads\/2025\/08\/photo_1756375372.jpg\" class=\"textcenter img-content\" loading=\"lazy\"\/>Abaca<br \/>\n<br \/>\nRenaud a pr\u00e9vu de multiples surprises au public pour c\u00e9l\u00e9brer un cap symbolique : le 50\u00e8me anniversaire de sa carri\u00e8re ! Les plus nostalgiques s&rsquo;en souviennent s\u00fbrement, c&rsquo;est en 1975 que le po\u00e8te des mots et embl\u00e9matique chanteur fran\u00e7ais a commenc\u00e9 sa longue histoire d&rsquo;amour avec le public sur \u00ab\u00a0Amoureux de Paname\u00a0\u00bb, premier album dans lequel on retrouvait les titres \u00ab\u00a0Hexagone\u00a0\u00bb, \u00ab\u00a0Soci\u00e9t\u00e9, tu m&rsquo;auras pas\u00a0\u00bb et \u00ab\u00a0Camarade bourgeois\u00a0\u00bb, la toute premi\u00e8re chanson que Renaud a chant\u00e9e \u00e0 la t\u00e9l\u00e9vision. \u00ab \u00c7a me fait plaisir et, en m\u00eame temps, \u00e7a m&rsquo;angoisse cet anniversaire. J&rsquo;esp\u00e9rais durer dans ce m\u00e9tier, j&rsquo;ai r\u00e9ussi. Mais finalement, cela a \u00e9t\u00e9 facile, j&rsquo;ai eu de la chance, du talent entre guillemets, et de bons compositeurs \u00bb confie dans les pages du <a href=\"https:\/\/www.leparisien.fr\/culture-loisirs\/musique\/je-suis-excessif-en-tout-le-chanteur-renaud-fete-ses-50-ans-de-carriere-23-04-2025-6SXH5JLVG5GT7AMORV4CHBZ2XY.php\" target=\"_blank\" class=\"spip_out\" rel=\"nofollow noopener\">Parisien<\/a> le c\u00e9l\u00e8bre interpr\u00e8te de \u00ab\u00a0Mistral gagnant\u00a0\u00bb, qui n&rsquo;a pas du tout pr\u00e9vu de raccrocher le micro.<\/p>\n<p>Le player Dailymotion est en train de se charger&#8230;<\/p>\n<p>       \u00ab\u00a0Voil\u00e0 sur quoi je bossais depuis un an\u00a0\u00bb<br \/>\nAlors qu&rsquo;il pr\u00e9pare depuis plusieurs mois d\u00e9j\u00e0 <a href=\"https:\/\/www.chartsinfrance.net\/Renaud\/news-133011.html\" target=\"_blank\" class=\"spip_out\" rel=\"nofollow noopener\">un nouvel album<\/a> qui renfermera \u00ab la plus belle des chansons d&rsquo;amour \u00bb pour sa femme Cerise qu&rsquo;il a \u00e9pous\u00e9e en mai 2024, Renaud a travaill\u00e9 dans le plus grand secret sur un autre projet comm\u00e9moratif : un livre ! Et pour le confectionner, l&rsquo;artiste de 73 ans ne s&rsquo;est pas entour\u00e9 de n&rsquo;importe qui, puisque l&rsquo;ouvrage est co-\u00e9crit par Erwan L&rsquo;\u00c9l\u00e9oue et&#8230;  Lolita S\u00e9chan, la propre fille du chanteur. \u00ab Voil\u00e0 sur quoi je bossais (entre autres) depuis un an. Je vous en reparle \u00e0 la rentr\u00e9e\u2026 \u00bb \u00e9crit celle que l&rsquo;on surnomme Lola en divulguant la photographie d&rsquo;archive qui sert d&rsquo;illustration \u00e0 \u00ab\u00a0Renaud le livre\u00a0\u00bb, sur lequel \u00ab\u00a0Docteur Renaud, mister Renard\u00a0\u00bb pose un blouson de cuir \u00e0 l&rsquo;\u00e9paule. <\/p>\n<blockquote class=\"quote\"><p><b>A LIRE &#8211;<\/b> <a href=\"https:\/\/www.chartsinfrance.net\/actualite\/news-132260.html\" target=\"_blank\" class=\"spip_out\" rel=\"nofollow noopener\">Ce titre bouleversant que Renaud ne veut plus chanter sur sc\u00e8ne<\/a><\/p><\/blockquote>\n<p>\nLa sortie de ce livre de 336 pages aux \u00e9ditions La Martini\u00e8re, programm\u00e9e le 10 octobre, cache en r\u00e9alit\u00e9 un autre bouleversement dans la vie de Renaud et Lola. Sur Instagram, celle-ci explique \u00eatre devenue \u00ab pour diff\u00e9rentes raisons \u00bb sa manageuse et agent artistique. \u00ab C&rsquo;est tomb\u00e9 l&rsquo;ann\u00e9e de ses 50 ans de carri\u00e8re. Je me suis consacr\u00e9e \u00e0 l&rsquo;apprentissage de ce m\u00e9tier passionnant mais complexe, et \u00e0 cr\u00e9er de mon mieux, avec les meilleures personnes pour nous accompagner, les plus belles choses possibles autour de son \u0153uvre et son parcours \u00bb indique-t-elle. Lolita S\u00e9chan a notamment supervis\u00e9 la parution en juin d&rsquo;un coffret CD, vinyle et en streaming du fameux \u00ab\u00a0Live \u00e0 la Cigale\u00a0\u00bb enregistr\u00e9 le 29 septembre 2007. \u00c0 l&rsquo;\u00e9poque, Renaud y avait entonn\u00e9 69 de ses chansons les plus marquantes durant plus de cinq heures !<\/p>\n<blockquote class=\"instagram-media\" data-instgrm-captioned=\"\" data-instgrm-permalink=\"https:\/\/www.instagram.com\/p\/DNnq0AsMeK5\/?utm_source=ig_embed&amp;utm_campaign=loading\" data-instgrm-version=\"14\" style=\" background:#FFF; border:0; border-radius:3px; box-shadow:0 0 1px 0 rgba(0,0,0,0.5),0 1px 10px 0 rgba(0,0,0,0.15); margin: 1px; max-width:540px; min-width:326px; padding:0; width:99.375%; width:-webkit-calc(100% - 2px); width:calc(100% - 2px);\"\/>\n<p>Si ce nouveau travail occupe l&rsquo;autrice \u00e0 plein temps, Lolita S\u00e9chan ne met pas totalement de c\u00f4t\u00e9 sa propre carri\u00e8re. \u00ab Je ne laisse pas tomber mes BD. Merci \u00e0 vous qui suivez tant\u00f4t les taupes, tant\u00f4t ce qu&rsquo;on fera avec mon p\u00e8re, main dans la main \u00bb ajoute-t-elle \u00e0 destination de ses abonn\u00e9s.<\/p>\n<p><script async src=\"\/\/www.instagram.com\/embed.js\"><\/script><\/p>\n","protected":false},"excerpt":{"rendered":"Abaca Renaud a pr\u00e9vu de multiples surprises au public pour c\u00e9l\u00e9brer un cap symbolique : le 50\u00e8me anniversaire&hellip;\n","protected":false},"author":2,"featured_media":351053,"comment_status":"","ping_status":"","sticky":false,"template":"","format":"standard","meta":{"footnotes":""},"categories":[1355],"tags":[58,59,1011,27,1361,873],"class_list":{"0":"post-351052","1":"post","2":"type-post","3":"status-publish","4":"format-standard","5":"has-post-thumbnail","7":"category-musique","8":"tag-divertissement","9":"tag-entertainment","10":"tag-fr","11":"tag-france","12":"tag-music","13":"tag-musique"},"share_on_mastodon":{"url":"https:\/\/pubeurope.com\/@fr\/115109426911464226","error":""},"_links":{"self":[{"href":"https:\/\/www.europesays.com\/fr\/wp-json\/wp\/v2\/posts\/351052","targetHints":{"allow":["GET"]}}],"collection":[{"href":"https:\/\/www.europesays.com\/fr\/wp-json\/wp\/v2\/posts"}],"about":[{"href":"https:\/\/www.europesays.com\/fr\/wp-json\/wp\/v2\/types\/post"}],"author":[{"embeddable":true,"href":"https:\/\/www.europesays.com\/fr\/wp-json\/wp\/v2\/users\/2"}],"replies":[{"embeddable":true,"href":"https:\/\/www.europesays.com\/fr\/wp-json\/wp\/v2\/comments?post=351052"}],"version-history":[{"count":0,"href":"https:\/\/www.europesays.com\/fr\/wp-json\/wp\/v2\/posts\/351052\/revisions"}],"wp:featuredmedia":[{"embeddable":true,"href":"https:\/\/www.europesays.com\/fr\/wp-json\/wp\/v2\/media\/351053"}],"wp:attachment":[{"href":"https:\/\/www.europesays.com\/fr\/wp-json\/wp\/v2\/media?parent=351052"}],"wp:term":[{"taxonomy":"category","embeddable":true,"href":"https:\/\/www.europesays.com\/fr\/wp-json\/wp\/v2\/categories?post=351052"},{"taxonomy":"post_tag","embeddable":true,"href":"https:\/\/www.europesays.com\/fr\/wp-json\/wp\/v2\/tags?post=351052"}],"curies":[{"name":"wp","href":"https:\/\/api.w.org\/{rel}","templated":true}]}}