{"id":351054,"date":"2025-08-29T01:20:10","date_gmt":"2025-08-29T01:20:10","guid":{"rendered":"https:\/\/www.europesays.com\/fr\/351054\/"},"modified":"2025-08-29T01:20:10","modified_gmt":"2025-08-29T01:20:10","slug":"lucasfilm-revele-le-casting-cinq-etoiles-de-star-wars-starfighter","status":"publish","type":"post","link":"https:\/\/www.europesays.com\/fr\/351054\/","title":{"rendered":"Lucasfilm r\u00e9v\u00e8le le casting cinq \u00e9toiles de Star Wars: Starfighter"},"content":{"rendered":"<p>Star Wars: Starfighter est certainement le projet le plus excitant de ces derni\u00e8res ann\u00e9es dans l\u2019univers Star Wars. <a href=\"https:\/\/www.journaldugeek.com\/2025\/08\/06\/un-visage-iconique-de-la-science-fiction-rejoint-star-wars-starfighter\/\" target=\"_blank\" rel=\"noopener\">Annonc\u00e9 en grande pompe d\u00e9but ao\u00fbt<\/a>, le film r\u00e9alis\u00e9 par Shawn Levy \u2014 qui sort tout juste du carton atomique de Deadpool &amp; Wolverine \u2014 est entr\u00e9 dans sa phase de production active\u00a0! Et comme une bonne nouvelle n\u2019arrive jamais seule, Lucasfilm a \u00e9galement d\u00e9voil\u00e9 une partie du casting.<\/p>\n<p> Ryan Gosling, Matt Smith et Amy Adams au c\u0153ur d\u2019une histoire in\u00e9dite <\/p>\n<p>Outre Ryan Gosling dans un r\u00f4le dont on ignore tout et Mia Goth qui avait \u00e9t\u00e9 confirm\u00e9e dans la foul\u00e9e, le film b\u00e9n\u00e9ficiera du grand talent de Matt Smith. On pressent que le 11e docteur, dont le nom circulait dans la rumeur depuis un moment, sera l\u2019antagoniste de l\u2019histoire. Amy Adams (Premier Contact) rejoint le blockbuster, ainsi que Flynn Gray (Mercredi), Aaron Pierre (Rebel Ridge), Simon Bird (les com\u00e9dies The Inbetweeners), Jamael Westman (Good Grief) et Daniel Ings (la s\u00e9rie The Gentlemen) qui sont aussi de la partie.<\/p>\n<p>La production d\u2019un film comme Star Wars est une chose, la post-prod\u2019 en est une autre, c\u2019est pourquoi la date de sortie parait aussi \u00e9loign\u00e9e\u00a0: 28 mai 2027 dans les salles am\u00e9ricaines. Un an plus t\u00f4t, les amateurs auront eu droit \u00e0 The Mandalorian &amp; Grogu, la suite au cin\u00e9ma de la s\u00e9rie Disney+. Histoire de faire patienter les amoureux de Ryan Gosling, Lucasfilm partage une premi\u00e8re image avec l\u2019acteur embl\u00e9matique et Flynn Gray, tous deux assis sur ce qui ressemble \u00e0 un landspeeder.<\/p>\n<p>Le v\u00e9hicule est bien connu des fans, puisqu\u2019il \u00e9tait utilis\u00e9 par Luke Skywalker dans le tout premier Star Wars (le 4e \u00e9pisode en vrai) de 1977. N\u00e9anmoins, Starfighter ne devrait gu\u00e8re partager de points communs avec la saga Skywalker. Aucun pitch n\u2019a \u00e9t\u00e9 r\u00e9v\u00e9l\u00e9, mais on sait que le film sera une histoire \u00ab\u00a0compl\u00e8tement originale\u00a0\u00bb qui se d\u00e9roulera durant une \u00e9poque jamais explor\u00e9e dans la saga.<\/p>\n<p>Shawn Levy est en tout cas ravi de l\u2019opportunit\u00e9 de mettre en bo\u00eete cette aventure in\u00e9dite. \u00ab\u00a0Star Wars a fa\u00e7onn\u00e9 ma vision de ce que peut accomplir une histoire, de la fa\u00e7on dont les personnages et les instants de cin\u00e9ma peuvent nous accompagner pour toujours\u00a0\u00bb, explique le r\u00e9alisateur. \u00ab\u00a0Rejoindre cette galaxie de r\u00e9cits aux c\u00f4t\u00e9s de collaborateurs aussi brillants, \u00e0 l\u2019\u00e9cran comme en coulisses, est le frisson d\u2019une vie.\u00a0\u00bb Esp\u00e9rons que ce frisson sera partag\u00e9 par les spectateurs\u00a0!<\/p>\n<\/p>\n<p>    <a href=\"https:\/\/www.youtube.com\/user\/JournalduGeek?sub_confirmation=1\" target=\"_blank\" rel=\"nofollow noopener\"><br \/>\n        S&rsquo;abonner \u00e0 Journal du Geek<br \/>\n    <\/a> <\/p>\n<p>\u00a0<\/p>\n<blockquote>\n<p class=\"text-base text-neutral-700 dark:text-neutral-300\">\ud83d\udfe3 Pour ne manquer aucune news sur le Journal du Geek, abonnez-vous sur <a href=\"https:\/\/news.google.com\/publications\/CAAqBwgKMNr_hAswwYyCAw?hl=fr&amp;gl=FR&amp;ceid=FR%3Afr\" target=\"_blank\" rel=\"noopener\">Google Actualit\u00e9s<\/a> et sur <a href=\"https:\/\/whatsapp.com\/channel\/0029VaClM5y4tRry12tb7D2h\" target=\"_blank\" rel=\"noopener\">notre WhatsApp<\/a>. Et si vous nous adorez, on a <a href=\"https:\/\/www.journaldugeek.com\/newsletter\/\" target=\"_blank\" rel=\"noopener\">une newsletter tous les matins<\/a>.<\/p>\n<\/blockquote>\n","protected":false},"excerpt":{"rendered":"Star Wars: Starfighter est certainement le projet le plus excitant de ces derni\u00e8res ann\u00e9es dans l\u2019univers Star Wars.&hellip;\n","protected":false},"author":2,"featured_media":351055,"comment_status":"","ping_status":"","sticky":false,"template":"","format":"standard","meta":{"footnotes":""},"categories":[1354],"tags":[58,59,1346,1011,27,1360,44041],"class_list":{"0":"post-351054","1":"post","2":"type-post","3":"status-publish","4":"format-standard","5":"has-post-thumbnail","7":"category-films","8":"tag-divertissement","9":"tag-entertainment","10":"tag-films","11":"tag-fr","12":"tag-france","13":"tag-movies","14":"tag-star-wars-starfighter"},"share_on_mastodon":{"url":"https:\/\/pubeurope.com\/@fr\/115109431135796941","error":""},"_links":{"self":[{"href":"https:\/\/www.europesays.com\/fr\/wp-json\/wp\/v2\/posts\/351054","targetHints":{"allow":["GET"]}}],"collection":[{"href":"https:\/\/www.europesays.com\/fr\/wp-json\/wp\/v2\/posts"}],"about":[{"href":"https:\/\/www.europesays.com\/fr\/wp-json\/wp\/v2\/types\/post"}],"author":[{"embeddable":true,"href":"https:\/\/www.europesays.com\/fr\/wp-json\/wp\/v2\/users\/2"}],"replies":[{"embeddable":true,"href":"https:\/\/www.europesays.com\/fr\/wp-json\/wp\/v2\/comments?post=351054"}],"version-history":[{"count":0,"href":"https:\/\/www.europesays.com\/fr\/wp-json\/wp\/v2\/posts\/351054\/revisions"}],"wp:featuredmedia":[{"embeddable":true,"href":"https:\/\/www.europesays.com\/fr\/wp-json\/wp\/v2\/media\/351055"}],"wp:attachment":[{"href":"https:\/\/www.europesays.com\/fr\/wp-json\/wp\/v2\/media?parent=351054"}],"wp:term":[{"taxonomy":"category","embeddable":true,"href":"https:\/\/www.europesays.com\/fr\/wp-json\/wp\/v2\/categories?post=351054"},{"taxonomy":"post_tag","embeddable":true,"href":"https:\/\/www.europesays.com\/fr\/wp-json\/wp\/v2\/tags?post=351054"}],"curies":[{"name":"wp","href":"https:\/\/api.w.org\/{rel}","templated":true}]}}