{"id":351056,"date":"2025-08-29T01:21:11","date_gmt":"2025-08-29T01:21:11","guid":{"rendered":"https:\/\/www.europesays.com\/fr\/351056\/"},"modified":"2025-08-29T01:21:11","modified_gmt":"2025-08-29T01:21:11","slug":"mourante-elle-guerit-soudainement-de-la-maladie-de-lyme-apres-avoir-ete-attaquee-par-des-abeilles","status":"publish","type":"post","link":"https:\/\/www.europesays.com\/fr\/351056\/","title":{"rendered":"Mourante, elle gu\u00e9rit soudainement de la maladie de Lyme apr\u00e8s avoir \u00e9t\u00e9 attaqu\u00e9e par des abeilles"},"content":{"rendered":"<p class=\"mb-4 text-lg md:leading-8 break-words\"><strong>INCROYABLE &#8211; Une femme de 45 ans atteinte de la maladie de Lyme a \u00e9chapp\u00e9 \u00e0 une mort certaine gr\u00e2ce \u00e0 une attaque d\u2019abeilles tueuses qui a \u00e9limin\u00e9 la maladie de son organisme<\/strong><\/p>\n<p class=\"mb-4 text-lg md:leading-8 break-words\">Une histoire \u00e0 peine croyable. Aux \u00c9tats-Unis, une femme de 45 ans a \u00e9t\u00e9 gu\u00e9rie de la <a href=\"https:\/\/www.20minutes.fr\/sante\/maladie-lyme\/?at_medium=RSS%20feed&amp;at_campaign=ynews&amp;utm_source=yahoo&amp;utm_medium=rss&amp;utm_campaign=news_feed&amp;utm_content=in_article_link\" rel=\"nofollow noopener\" target=\"_blank\" data-ylk=\"slk:maladie de Lyme;elm:context_link;itc:0;sec:content-canvas\" class=\"link \">maladie de Lyme<\/a> gr\u00e2ce \u00e0 l\u2019attaque d\u2019un <a href=\"https:\/\/www.20minutes.fr\/planete\/abeilles\/?at_medium=RSS%20feed&amp;at_campaign=ynews&amp;utm_source=yahoo&amp;utm_medium=rss&amp;utm_campaign=news_feed&amp;utm_content=in_article_link\" rel=\"nofollow noopener\" target=\"_blank\" data-ylk=\"slk:essaim d\u2019abeilles;elm:context_link;itc:0;sec:content-canvas\" class=\"link \">essaim d\u2019abeilles<\/a>, rapporte\u00a0<a href=\"https:\/\/www.popularmechanics.com\/science\/health\/a65864000\/bee-venom-lyme\/?at_medium=RSS%20feed&amp;at_campaign=ynews&amp;utm_source=yahoo&amp;utm_medium=rss&amp;utm_campaign=news_feed&amp;utm_content=in_article_link\" rel=\"nofollow noopener\" target=\"_blank\" data-ylk=\"slk:Popular Mechanics;elm:context_link;itc:0;sec:content-canvas\" class=\"link \">Popular Mechanics<\/a> ce samedi.<\/p>\n<p class=\"mb-4 text-lg md:leading-8 break-words\">Diagnostiqu\u00e9e quinze ans plus t\u00f4t, la quadrag\u00e9naire britannique, physicienne de profession, \u00e9tait <a href=\"https:\/\/www.20minutes.fr\/dossier\/hopital?at_medium=RSS%20feed&amp;at_campaign=ynews&amp;utm_source=yahoo&amp;utm_medium=rss&amp;utm_campaign=news_feed&amp;utm_content=in_article_link\" rel=\"nofollow noopener\" target=\"_blank\" data-ylk=\"slk:hospitalis\u00e9e;elm:context_link;itc:0;sec:content-canvas\" class=\"link \">hospitalis\u00e9e<\/a> en soins palliatifs en Californie (<a href=\"https:\/\/www.20minutes.fr\/monde\/etats-unis\/?at_medium=RSS%20feed&amp;at_campaign=ynews&amp;utm_source=yahoo&amp;utm_medium=rss&amp;utm_campaign=news_feed&amp;utm_content=in_article_link\" rel=\"nofollow noopener\" target=\"_blank\" data-ylk=\"slk:\u00c9tats-Unis;elm:context_link;itc:0;sec:content-canvas\" class=\"link \">\u00c9tats-Unis<\/a>). Souffrant d\u2019intenses douleurs chroniques, elle n\u2019avait plus que quelques jours \u00e0 vivre. Lors d\u2019une sortie \u00e0 l\u2019ext\u00e9rieur, elle a cependant \u00e9t\u00e9 attaqu\u00e9e par un essaim d\u2019<a href=\"https:\/\/www.20minutes.fr\/dossier\/insecte?at_medium=RSS%20feed&amp;at_campaign=ynews&amp;utm_source=yahoo&amp;utm_medium=rss&amp;utm_campaign=news_feed&amp;utm_content=in_article_link\" rel=\"nofollow noopener\" target=\"_blank\" data-ylk=\"slk:abeilles africanis\u00e9es;elm:context_link;itc:0;sec:content-canvas\" class=\"link \">abeilles africanis\u00e9es<\/a> (ou abeilles tueuses).<\/p>\n<p>Disparition progressive de tous les sympt\u00f4mes<\/p>\n<p class=\"mb-4 text-lg md:leading-8 break-words\">La victime s\u2019attendait \u00e0 faire un choc anaphylactique fatal. Pendant trois jours, elle a en effet subi une forte fi\u00e8vre et des inflammations lancinantes. Mais le quatri\u00e8me jour, la quadrag\u00e9naire s\u2019est r\u00e9veill\u00e9e dans un \u00e9tat stable\u2026 et m\u00eame meilleur qu\u2019auparavant. Les douleurs li\u00e9es \u00e0 la <a href=\"https:\/\/www.20minutes.fr\/dossier\/maladie?at_medium=RSS%20feed&amp;at_campaign=ynews&amp;utm_source=yahoo&amp;utm_medium=rss&amp;utm_campaign=news_feed&amp;utm_content=in_article_link\" rel=\"nofollow noopener\" target=\"_blank\" data-ylk=\"slk:maladie;elm:context_link;itc:0;sec:content-canvas\" class=\"link \">maladie<\/a> de Lyme s\u2019\u00e9taient apais\u00e9es.<\/p>\n<p class=\"mb-4 text-lg md:leading-8 break-words\">Au fur et \u00e0 mesure, tous ses sympt\u00f4mes (fi\u00e8vre, inflammation, <a href=\"https:\/\/www.20minutes.fr\/dossier\/fatigue?at_medium=RSS%20feed&amp;at_campaign=ynews&amp;utm_source=yahoo&amp;utm_medium=rss&amp;utm_campaign=news_feed&amp;utm_content=in_article_link\" rel=\"nofollow noopener\" target=\"_blank\" data-ylk=\"slk:fatigue;elm:context_link;itc:0;sec:content-canvas\" class=\"link \">fatigue<\/a> cognitive) ont disparu. La <a href=\"https:\/\/www.20minutes.fr\/dossier\/bacterie?at_medium=RSS%20feed&amp;at_campaign=ynews&amp;utm_source=yahoo&amp;utm_medium=rss&amp;utm_campaign=news_feed&amp;utm_content=in_article_link\" rel=\"nofollow noopener\" target=\"_blank\" data-ylk=\"slk:bact\u00e9rie;elm:context_link;itc:0;sec:content-canvas\" class=\"link \">bact\u00e9rie<\/a> responsable de la maladie de Lyme a finalement compl\u00e8tement disparu de son organisme, et ce gr\u00e2ce \u00e0 la m\u00e9littine, une prot\u00e9ine contenue dans le venin d\u2019abeille.<\/p>\n<p>Un potentiel \u00e0 confirmer et ma\u00eetriser<\/p>\n<p class=\"mb-4 text-lg md:leading-8 break-words\">De pr\u00e9c\u00e9dentes \u00e9tudes ont d\u00e9j\u00e0 mis en lumi\u00e8re les propri\u00e9t\u00e9s antibact\u00e9riennes, antifongiques et anti-inflammatoires de cette prot\u00e9ine. Le venin d\u2019abeille aurait m\u00eame, selon certains chercheurs, des vertus \u00e0 explorer dans la lutte contre le cancer et divers virus. Apr\u00e8s (&#8230;)<\/p>\n<p class=\"mb-4 text-lg md:leading-8 break-words\"><a href=\"https:\/\/www.20minutes.fr\/high-tech\/sciences\/4170008-20250828-etats-unis-mourante-guerit-soudainement-maladie-lyme-apres-avoir-attaquee-abeilles?at_medium=RSS%20feed&amp;at_campaign=ynews&amp;utm_source=yahoo&amp;utm_medium=rss&amp;utm_campaign=news_feed&amp;utm_content=read_more_link&quot;\" rel=\"nofollow noopener\" target=\"_blank\" data-ylk=\"slk:Lire la suite sur 20minutes;elm:context_link;itc:0;sec:content-canvas\" class=\"link \">Lire la suite sur 20minutes<\/a><\/p>\n<p>\u00c0 lire aussi :<br \/><a href=\"https:\/\/www.20minutes.fr\/monde\/4168351-20250818-etats-unis-randonneur-ramasse-serpent-venimeux-fait-mordre-decede-parc-naturel?at_medium=RSS%20feed&amp;at_campaign=ynews&amp;utm_source=yahoo&amp;utm_medium=rss&amp;utm_campaign=news_feed&amp;utm_content=related_content_link\" rel=\"nofollow noopener\" target=\"_blank\" data-ylk=\"slk:\u00c9tats-Unis\u00a0: Un randonneur ramasse un serpent venimeux, se fait mordre et d\u00e9c\u00e8de dans un parc naturel;elm:context_link;itc:0;sec:content-canvas\" class=\"link \">\u00c9tats-Unis\u00a0: Un randonneur ramasse un serpent venimeux, se fait mordre et d\u00e9c\u00e8de dans un parc naturel<\/a><br \/><a href=\"https:\/\/www.20minutes.fr\/faits_divers\/4165805-20250729-inde-attaque-cobra-enfant-deux-ans-mord-tue?at_medium=RSS%20feed&amp;at_campaign=ynews&amp;utm_source=yahoo&amp;utm_medium=rss&amp;utm_campaign=news_feed&amp;utm_content=related_content_link\" rel=\"nofollow noopener\" target=\"_blank\" data-ylk=\"slk:Inde\u00a0: Attaqu\u00e9 par un cobra, un enfant de deux ans le mord et le tue;elm:context_link;itc:0;sec:content-canvas\" class=\"link \">Inde\u00a0: Attaqu\u00e9 par un cobra, un enfant de deux ans le mord et le tue<\/a><\/p>\n","protected":false},"excerpt":{"rendered":"INCROYABLE &#8211; Une femme de 45 ans atteinte de la maladie de Lyme a \u00e9chapp\u00e9 \u00e0 une mort&hellip;\n","protected":false},"author":2,"featured_media":351057,"comment_status":"","ping_status":"","sticky":false,"template":"","format":"standard","meta":{"footnotes":""},"categories":[10],"tags":[48763,48762,73,1011,27,72,42637,48764,71],"class_list":{"0":"post-351056","1":"post","2":"type-post","3":"status-publish","4":"format-standard","5":"has-post-thumbnail","7":"category-sante","8":"tag-abeilles-tueuses","9":"tag-essaim-dabeilles","10":"tag-etats-unis","11":"tag-fr","12":"tag-france","13":"tag-health","14":"tag-maladie-de-lyme","15":"tag-popular-mechanics","16":"tag-sante"},"share_on_mastodon":{"url":"https:\/\/pubeurope.com\/@fr\/115109434770864986","error":""},"_links":{"self":[{"href":"https:\/\/www.europesays.com\/fr\/wp-json\/wp\/v2\/posts\/351056","targetHints":{"allow":["GET"]}}],"collection":[{"href":"https:\/\/www.europesays.com\/fr\/wp-json\/wp\/v2\/posts"}],"about":[{"href":"https:\/\/www.europesays.com\/fr\/wp-json\/wp\/v2\/types\/post"}],"author":[{"embeddable":true,"href":"https:\/\/www.europesays.com\/fr\/wp-json\/wp\/v2\/users\/2"}],"replies":[{"embeddable":true,"href":"https:\/\/www.europesays.com\/fr\/wp-json\/wp\/v2\/comments?post=351056"}],"version-history":[{"count":0,"href":"https:\/\/www.europesays.com\/fr\/wp-json\/wp\/v2\/posts\/351056\/revisions"}],"wp:featuredmedia":[{"embeddable":true,"href":"https:\/\/www.europesays.com\/fr\/wp-json\/wp\/v2\/media\/351057"}],"wp:attachment":[{"href":"https:\/\/www.europesays.com\/fr\/wp-json\/wp\/v2\/media?parent=351056"}],"wp:term":[{"taxonomy":"category","embeddable":true,"href":"https:\/\/www.europesays.com\/fr\/wp-json\/wp\/v2\/categories?post=351056"},{"taxonomy":"post_tag","embeddable":true,"href":"https:\/\/www.europesays.com\/fr\/wp-json\/wp\/v2\/tags?post=351056"}],"curies":[{"name":"wp","href":"https:\/\/api.w.org\/{rel}","templated":true}]}}