{"id":351060,"date":"2025-08-29T01:23:11","date_gmt":"2025-08-29T01:23:11","guid":{"rendered":"https:\/\/www.europesays.com\/fr\/351060\/"},"modified":"2025-08-29T01:23:11","modified_gmt":"2025-08-29T01:23:11","slug":"mon-fils-ma-dit-francois-cluzet-ses-rares-confidences-sur-son-ex-marie-trintignant-tuee-par-bertrand-cantat","status":"publish","type":"post","link":"https:\/\/www.europesays.com\/fr\/351060\/","title":{"rendered":"\u00ab\u00a0Mon fils m\u2019a dit\u00a0\u00bb : Fran\u00e7ois Cluzet, ses rares confidences sur son ex, Marie Trintignant tu\u00e9e par Bertrand Cantat"},"content":{"rendered":"<p>Il \u00e9voque rarement <strong>son ex-compagne Marie Trintignant<\/strong> et c\u2019est son fils qui lui a fait la demande. N\u00e9anmoins, ce jeudi 28 ao\u00fbt 2025, <a href=\"https:\/\/vsd.fr\/tag\/francois-cluzet\/\" target=\"_blank\" rel=\"noopener\">Fran\u00e7ois Cluzet<\/a> a accept\u00e9 de \u00ab\u00a0d\u00e9roger \u00e0 la r\u00e8gle\u00a0\u00bb \u00e0 l\u2019occasion de son passage sur France Inter. \u00a0<\/p>\n<p>Il faut dire que Sonia Devillers l\u2019a pouss\u00e9 \u00e0 le faire, sans pour autant le forcer. En effet, le com\u00e9dien de 69 ans \u00e9tait l\u2019invit\u00e9 du <strong>\u00ab\u00a0Grand Portrait\u00a0\u00bb<\/strong> pour notamment \u00e9voquer le film <strong>\u00ab\u00a0Fils de\u00a0\u00bb<\/strong> qui sera projet\u00e9 dans les salles obscures le 3 septembre prochain.\u00a0<\/p>\n<p>En plus de parler de ce nouveau long-m\u00e9trage, Fran\u00e7ois Cluzet a \u00e9galement accept\u00e9 d\u2019\u00e9voquer sa carri\u00e8re, sa maman et ses enfants. Au cours de cet entretien, il a \u00e9galement accept\u00e9 de revenir sur son histoire avec la m\u00e8re de son premier fils, Marie Trintignant, <a href=\"https:\/\/www.public.fr\/il-la-tenue-avec-le-genou-sur-la-gorge-lio-revient-sur-le-meurtre-de-marie-trintignant-par-bertrand-cantat-et-evoque-une-execution\" target=\"_blank\" rel=\"noopener\">tu\u00e9e par Bertrand Cantat en 2003.<\/a><\/p>\n<p>Fran\u00e7ois Cluzet \u00e9voque son ex-compagne comme rarement<\/p>\n<p>Sonia Devillers a toutefois attendu la fin de l\u2019\u00e9mission avant d\u2019interpeller son invit\u00e9 sur ce sujet d\u00e9licat. \u00ab\u00a0<strong>Est-ce que vous avez envie de parler de\u00a0Marie Trintignant<\/strong>\u00a0, qui est morte au d\u00e9but des ann\u00e9es 2000, du fils que vous avez eu avec elle ?\u00a0\u00bb, a-t-elle demand\u00e9 dans un premier temps, avant de poursuivre : \u00ab\u00a0et de ce documentaire Netflix <a href=\"https:\/\/www.public.fr\/bertrand-cantat-complete-deprime-et-confine-a-son-domicile-sa-nouvelle-compagne-est-inquiete-pour-lui\" target=\"_blank\" rel=\"noopener\">consacr\u00e9 \u00e0\u00a0Bertrand Cantat<\/a>\u00a0, l\u2019homme qui l\u2019a assassin\u00e9e, et qui a eu un retentissement immense\u00a0?\u00a0\u00bb<\/p>\n<p>Tr\u00e8s discret sur le sujet, et notamment concernant le documentaire Netflix qui a vu le jour en mars dernier et intitul\u00e9 \u00ab\u00a0De rock star \u00e0 tueur\u00a0: le cas Cantat\u00a0\u00bb, Fran\u00e7ois Cluzet a finalement accepter de prendre la parole.<\/p>\n<p>\u00ab\u00a0Marie fait partie de ma vie. Pour moi, c\u2019est \u00e9videmment bouleversant de penser \u00e0 Marie, parce que je l\u2019ai aim\u00e9e, qu\u2019elle m\u2019a aim\u00e9 et qu\u2019on a ce fils\u00a0\u00bb, a-t-il d\u00e9but\u00e9. N\u00e9anmoins, <a href=\"https:\/\/www.public.fr\/je-vous-assure-ce-nest-pas-moi-la-technique-de-francois-cluzet-pour-eviter-les-fans-trop-insistants\" target=\"_blank\" rel=\"noopener\">le com\u00e9dien de 69 ans<\/a> n\u2019a pas souhait\u00e9 plus s\u2019attarder sur le sujet, pour tenir la promesse faite \u00e0 son fils.\u00a0<\/p>\n<p>\u00ab\u00a0Mais un jour, mon fils m\u2019a dit, il devait avoir d\u00e9j\u00e0 trente ans\u00a0:\u00a0\u2018<strong>Papa, s\u2019il te pla\u00eet, ne parle plus de Marie \u00e0 la t\u00e9l\u00e9 ou la radio<\/strong>, parce que si tu savais comme \u00e0 chaque fois \u00e7a nous redonne un coup de poignard\u2019.\u00a0Ce jour-l\u00e0, je lui ai promis que je n\u2019en parlerai plus jamais\u00a0\u00bb, a alors expliqu\u00e9 Fran\u00e7ois Cluzet.\u00a0<\/p>\n<p>Le com\u00e9dien de 69 ans se rem\u00e9more les bons souvenirs<\/p>\n<p>Une r\u00e9ponse qui a convaincu Sonia Devillers. \u00ab\u00a0Est-ce que moi je peux vous dire quelque chose\u00a0? Je fais partie des millions de gens qui ont vu cette enqu\u00eate documentaire diffus\u00e9e sur Netflix. Je ne parlerai pas de Bertrand Cantat \u00e9tant donn\u00e9 qu\u2019un procureur vient de rouvrir l\u2019enqu\u00eate \u00e0 Bordeaux, mais je voudrais juste vous dire que nous sommes des millions de gens \u00e0 avoir vu ce film, et \u00e0 avoir compris la solitude dans laquelle vous avez pu \u00eatre, vous qui l\u2019avez aim\u00e9e. Parce que de revoir ces extraits de t\u00e9l\u00e9, de voir ces journalistes qui font leur mea culpa, dire\u00a0\u2018on n\u2019\u00e9tait pas capable d\u2019en parler comme il fallait, Marie Trintignant on l\u2019a effac\u00e9e, on l\u2019a tu\u00e9e une deuxi\u00e8me fois\u2019, aujourd\u2019hui, c\u2019est insupportable. Nous sommes nombreux \u00e0 avoir pens\u00e9 \u00e0 vous \u00e0 ce moment-l\u00e0\u00a0\u00bb, lui a-t-elle r\u00e9pondu.\u00a0<\/p>\n<p>L\u2019intervention de la journaliste de France Inter a finalement pouss\u00e9 Fran\u00e7ois Cluzet \u00e0 s\u2019exprimer davantage sur le sujet. \u00ab\u00a0Ce qui \u00e9tait dingue, c\u2019est que c\u2019\u00e9tait plus votre histoire que la n\u00f4tre. On nous parlait d\u2019une histoire qui \u00e9tait notre intimit\u00e9. Tout le monde parlait de cette histoire sans parler de nous. Quand je dis de nous, pour moi, ce sont les enfants. Quand les faux amis disent \u00e0 quel point ils l\u2019ont bien connue, \u00e7a nous fait rire parce que nous, nous \u00e9tions vraiment proches\u00a0\u00bb, s\u2019est-il notamment souvenu.<\/p>\n<p>Avant de conclure : \u00ab\u00a0Nous \u00e9tions s\u00e9par\u00e9s avec Marie mais on riait comme pas un. Nous avons fait des films ensemble, nous nous connaissions bien, nous nous appr\u00e9cions \u00e9norm\u00e9ment. <strong>Je comprends pour les enfants ce coup de poignard<\/strong>\u00ab\u00a0.<\/p>\n<blockquote class=\"twitter-tweet\">\n<p>\u00ab\u00a0On est dans une \u00e9poque tellement \u00e9tonnante, agressive, d\u00e9licate, difficile pour beaucoup, clownesque, farcesque que, finalement, il n&rsquo;y a que le rire qui peut nous divertir\u00a0\u00bb, estime Fran\u00e7ois Cluzet, \u00e0 l&rsquo;affiche de \u00ab\u00a0Fils de\u00a0\u00bb qui sort en salle le 3 septembre <a href=\"https:\/\/twitter.com\/hashtag\/LaGrandeMatinale?src=hash&amp;ref_src=twsrc%5Etfw\" target=\"_blank\" rel=\"noopener\">#LaGrandeMatinale<\/a> <a href=\"https:\/\/t.co\/TzxNMc7Q39\">pic.twitter.com\/TzxNMc7Q39<\/a><\/p>\n<p>\u2014 France Inter (@franceinter) <a href=\"https:\/\/twitter.com\/franceinter\/status\/1960975706386489608?ref_src=twsrc%5Etfw\" target=\"_blank\" rel=\"noopener\">August 28, 2025<\/a><\/p><\/blockquote>\n<p>      Mentionn\u00e9s dans cet article<\/p>\n<p>      Sur le m\u00eame sujet<\/p>\n<p>  <script async src=\"https:\/\/platform.twitter.com\/widgets.js\" charset=\"utf-8\"><\/script><\/p>\n","protected":false},"excerpt":{"rendered":"Il \u00e9voque rarement son ex-compagne Marie Trintignant et c\u2019est son fils qui lui a fait la demande. N\u00e9anmoins,&hellip;\n","protected":false},"author":2,"featured_media":351061,"comment_status":"","ping_status":"","sticky":false,"template":"","format":"standard","meta":{"footnotes":""},"categories":[8],"tags":[456,58,59,1011,27,48765,8634,127],"class_list":{"0":"post-351060","1":"post","2":"type-post","3":"status-publish","4":"format-standard","5":"has-post-thumbnail","7":"category-divertissement","8":"tag-bertrand-cantat","9":"tag-divertissement","10":"tag-entertainment","11":"tag-fr","12":"tag-france","13":"tag-francois-cluzet","14":"tag-marie-trintignant","15":"tag-netflix"},"share_on_mastodon":{"url":"https:\/\/pubeurope.com\/@fr\/115109442769310061","error":""},"_links":{"self":[{"href":"https:\/\/www.europesays.com\/fr\/wp-json\/wp\/v2\/posts\/351060","targetHints":{"allow":["GET"]}}],"collection":[{"href":"https:\/\/www.europesays.com\/fr\/wp-json\/wp\/v2\/posts"}],"about":[{"href":"https:\/\/www.europesays.com\/fr\/wp-json\/wp\/v2\/types\/post"}],"author":[{"embeddable":true,"href":"https:\/\/www.europesays.com\/fr\/wp-json\/wp\/v2\/users\/2"}],"replies":[{"embeddable":true,"href":"https:\/\/www.europesays.com\/fr\/wp-json\/wp\/v2\/comments?post=351060"}],"version-history":[{"count":0,"href":"https:\/\/www.europesays.com\/fr\/wp-json\/wp\/v2\/posts\/351060\/revisions"}],"wp:featuredmedia":[{"embeddable":true,"href":"https:\/\/www.europesays.com\/fr\/wp-json\/wp\/v2\/media\/351061"}],"wp:attachment":[{"href":"https:\/\/www.europesays.com\/fr\/wp-json\/wp\/v2\/media?parent=351060"}],"wp:term":[{"taxonomy":"category","embeddable":true,"href":"https:\/\/www.europesays.com\/fr\/wp-json\/wp\/v2\/categories?post=351060"},{"taxonomy":"post_tag","embeddable":true,"href":"https:\/\/www.europesays.com\/fr\/wp-json\/wp\/v2\/tags?post=351060"}],"curies":[{"name":"wp","href":"https:\/\/api.w.org\/{rel}","templated":true}]}}