{"id":351062,"date":"2025-08-29T01:24:14","date_gmt":"2025-08-29T01:24:14","guid":{"rendered":"https:\/\/www.europesays.com\/fr\/351062\/"},"modified":"2025-08-29T01:24:14","modified_gmt":"2025-08-29T01:24:14","slug":"adieu-la-peau-seche-et-les-rides-cette-nouvelle-creme-liftante-offre-240-heures-dhydratation-comme-par-magie","status":"publish","type":"post","link":"https:\/\/www.europesays.com\/fr\/351062\/","title":{"rendered":"Adieu la peau s\u00e8che et les rides, cette nouvelle cr\u00e8me liftante offre 240 heures d\u2019hydratation comme par magie"},"content":{"rendered":"<p>Alors que <a href=\"https:\/\/www.mariefrance.fr\/beaute\/la-question-qui-tue\/coiffure\/rentree-2025-frange-irresistible-verra-partout-septembre-plus-faciles-coiffer-1199080.html\" target=\"_blank\" rel=\"noopener\">la rentr\u00e9e approche \u00e0 grands<br \/>\npas<\/a>, la peau a plus que jamais <strong>besoin de<br \/>\nr\u00e9confort<\/strong>. Il faut dire que la p\u00e9riode estivale ne<br \/>\nl\u2019\u00e9pargne pas ! Entre <a href=\"https:\/\/www.mariefrance.fr\/beaute\/5-produits-meilleurs-creer-fausses-taches-rousseur-garder-teint-ensoleille-meme-apres-rentree-1192952.html\" target=\"_blank\" rel=\"noopener\">le soleil<\/a>, le vent, le chlore et<br \/>\nle sel\u2026 l\u2019\u00e9piderme est constamment agress\u00e9 et n\u2019en ressort pas<br \/>\nindemne. C\u2019est le moment id\u00e9al pour lui offrir <strong>une cure de<br \/>\nvitalit\u00e9<\/strong> bien m\u00e9rit\u00e9e.<\/p>\n<p>Une peau d\u00e9shydrat\u00e9e <strong>manque de rebond et<br \/>\nd\u2019\u00e9lasticit\u00e9<\/strong>, un ph\u00e9nom\u00e8ne auquel sont principalement<br \/>\nconfront\u00e9es <a href=\"https:\/\/www.mariefrance.fr\/beaute\/aroma-zone-exit-rides-elixir-fleurs-anti-age-parfait-lisser-peaux-matures-1124947.html\" target=\"_blank\" rel=\"noopener\">les peaux matures<\/a>\u2026 mais pas que<br \/>\n! Dans ce cas, <strong>l\u2019application de soins adapt\u00e9s<\/strong><br \/>\ns\u2019impose et le march\u00e9 de la beaut\u00e9 regorge d\u2019options en tout genre.<br \/>\nBonne nouvelle : <strong>une nouvelle p\u00e9pite<\/strong> vient<br \/>\nenrichir l\u2019offre d\u00e9j\u00e0 existante.<\/p>\n<p>Cette nouvelle cr\u00e8me anti-rides sign\u00e9e Elizabeth Arden est une<br \/>\nv\u00e9ritable prouesse technologique<\/p>\n<p>Sign\u00e9e Elizabeth Arden, cette innovation associe le<br \/>\npouvoir hydratant de <strong>5 formes d\u2019acide hyaluronique<\/strong><br \/>\naux propri\u00e9t\u00e9s raffermissantes de <strong>16 000 peptides<\/strong>.<br \/>\nR\u00e9sultat : la peau est repulp\u00e9e sous tous les angles, tonifi\u00e9e,<br \/>\nrebondie et <strong>visiblement rajeunie<\/strong>. Et ce, d\u00e8s les<br \/>\npremi\u00e8res utilisations de l\u2019<a href=\"https:\/\/www.elizabetharden.fr\/products\/acide-hyaluronique-peptides-watercream\" target=\"_blank\" rel=\"nofollow noopener sponsored\"><strong>Aqua-Cr\u00e8me Acide Hyaluronique<br \/>\n+ Peptides<\/strong><\/a>.<\/p>\n<p>Oubliez les sensations de s\u00e9cheresse, de tiraillement et<br \/>\n<strong>les rides de d\u00e9shydratation<\/strong> ! Cette nouveaut\u00e9<br \/>\n<strong>Elizabeth Arden<\/strong> agit comme un v\u00e9ritable<br \/>\nr\u00e9servoir, capable de retenir l\u2019eau au c\u0153ur des cellules cutan\u00e9es<br \/>\n<strong>jusqu\u2019\u00e0 240 heures<\/strong>. Oui, oui, vous avez bien lu !<br \/>\nUne v\u00e9ritable prouesse technologique au service de votre peau.<\/p>\n<p><img loading=\"lazy\" decoding=\"async\" itemprop=\"thumbnailUrl\" class=\"aligncenter wp-image-1199794 img-responsive size-medium\" src=\"https:\/\/www.europesays.com\/fr\/wp-content\/uploads\/2025\/08\/ha_peptides_atf_water_cream_final_1_primary_alt-500x500.png\" alt=\"\" width=\"500\" height=\"500\"\/> \u00a9 Elizabeth<br \/>\nArden<\/p>\n<p>Un duo haute performance pour une peau<br \/>\nplus hydrat\u00e9e, repulp\u00e9e et rebondie que jamais<\/p>\n<p>Pour d\u00e9cupler les bienfaits de l\u2019<strong>Aqua-Cr\u00e8me Acide<br \/>\nHyaluronique + Peptides<\/strong> d\u2019Elizabeth Arden, vous<br \/>\npouvez l\u2019associer au <a href=\"https:\/\/www.elizabetharden.fr\/products\/acide-hyaluronique-peptides-90-capsules\" target=\"_blank\" rel=\"nofollow noopener sponsored\">S\u00e9rum Acide<br \/>\nHyaluronique + Peptides<\/a>\u00a0de la m\u00eame marque. Cette formule<br \/>\nencapsul\u00e9e <strong>repulpe la peau en 10 minutes chrono<\/strong> et<br \/>\naugmente son taux d\u2019acide hyaluronique naturel de 109 %.<\/p>\n<p>Combin\u00e9s, ces deux produits r\u00e9v\u00e8lent le meilleur de votre peau.<br \/>\nEntre le s\u00e9rum en premi\u00e8re \u00e9tape active et la cr\u00e8me pour sceller<br \/>\nl\u2019hydratation pour de bon, c\u2019est ce que l\u2019on appelle <strong>une<br \/>\nroutine beaut\u00e9 compl\u00e8te et ultra-efficace<\/strong> ! \u00c0 appliquer<br \/>\nmatin et soir, ce duo haute performance (disponible <strong>\u00e0<br \/>\npartir de septembre<\/strong> chez Marionnaud) convient \u00e0<br \/>\ntous les types de peau.<\/p>\n<p><img loading=\"lazy\" decoding=\"async\" class=\"aligncenter wp-image-1199793 img-responsive size-medium\" src=\"https:\/\/www.europesays.com\/fr\/wp-content\/uploads\/2025\/08\/ha_peptides_atf_caps_final1_primary_alt-500x500.png\" alt=\"\" width=\"500\" height=\"500\"\/> \u00a9 Elizabeth<br \/>\nArden<\/p>\n","protected":false},"excerpt":{"rendered":"Alors que la rentr\u00e9e approche \u00e0 grands pas, la peau a plus que jamais besoin de r\u00e9confort. Il&hellip;\n","protected":false},"author":2,"featured_media":351063,"comment_status":"","ping_status":"","sticky":false,"template":"","format":"standard","meta":{"footnotes":""},"categories":[7],"tags":[10108,48766,1011,27,43,40,41,39,42,44],"class_list":{"0":"post-351062","1":"post","2":"type-post","3":"status-publish","4":"format-standard","5":"has-post-thumbnail","7":"category-sciences-et-technologies","8":"tag-anti-age","9":"tag-anti-rides","10":"tag-fr","11":"tag-france","12":"tag-science","13":"tag-science-and-technology","14":"tag-sciences","15":"tag-sciences-et-technologies","16":"tag-technologies","17":"tag-technology"},"share_on_mastodon":{"url":"https:\/\/pubeurope.com\/@fr\/115109446817952455","error":""},"_links":{"self":[{"href":"https:\/\/www.europesays.com\/fr\/wp-json\/wp\/v2\/posts\/351062","targetHints":{"allow":["GET"]}}],"collection":[{"href":"https:\/\/www.europesays.com\/fr\/wp-json\/wp\/v2\/posts"}],"about":[{"href":"https:\/\/www.europesays.com\/fr\/wp-json\/wp\/v2\/types\/post"}],"author":[{"embeddable":true,"href":"https:\/\/www.europesays.com\/fr\/wp-json\/wp\/v2\/users\/2"}],"replies":[{"embeddable":true,"href":"https:\/\/www.europesays.com\/fr\/wp-json\/wp\/v2\/comments?post=351062"}],"version-history":[{"count":0,"href":"https:\/\/www.europesays.com\/fr\/wp-json\/wp\/v2\/posts\/351062\/revisions"}],"wp:featuredmedia":[{"embeddable":true,"href":"https:\/\/www.europesays.com\/fr\/wp-json\/wp\/v2\/media\/351063"}],"wp:attachment":[{"href":"https:\/\/www.europesays.com\/fr\/wp-json\/wp\/v2\/media?parent=351062"}],"wp:term":[{"taxonomy":"category","embeddable":true,"href":"https:\/\/www.europesays.com\/fr\/wp-json\/wp\/v2\/categories?post=351062"},{"taxonomy":"post_tag","embeddable":true,"href":"https:\/\/www.europesays.com\/fr\/wp-json\/wp\/v2\/tags?post=351062"}],"curies":[{"name":"wp","href":"https:\/\/api.w.org\/{rel}","templated":true}]}}