{"id":351066,"date":"2025-08-29T01:26:11","date_gmt":"2025-08-29T01:26:11","guid":{"rendered":"https:\/\/www.europesays.com\/fr\/351066\/"},"modified":"2025-08-29T01:26:11","modified_gmt":"2025-08-29T01:26:11","slug":"un-drone-de-surface-russe-a-coule-le-navire-collecteur-de-renseignement-ukrainien-simferopol","status":"publish","type":"post","link":"https:\/\/www.europesays.com\/fr\/351066\/","title":{"rendered":"Un drone de surface russe a coul\u00e9 le navire collecteur de renseignement ukrainien Simferopol"},"content":{"rendered":"<p><img fetchpriority=\"high\" decoding=\"async\" src=\"https:\/\/www.europesays.com\/fr\/wp-content\/uploads\/2025\/08\/simferopol-20250828.jpg\" alt=\"\" width=\"600\" height=\"398\" class=\"alignnone size-full wp-image-83627\"  \/><\/p>\n<p>Ce 28 ao\u00fbt, la Russie a dit qu\u2019elle restait \u00ab\u00a0int\u00e9ress\u00e9e\u00a0\u00bb par les n\u00e9gociations de paix avec Kiev\u2026 mais qu\u2019elle continuerait ses frappes, comme elle l\u2019a fait quelques heures plus t\u00f4t, en lan\u00e7ant 598 drones et 31 missiles balistiques et de croisi\u00e8re lors d\u2019une nouvelle attaque massive contre l\u2019Ukraine. <\/p>\n<p>Selon un dernier bilan, ces frappes ont fait au moins dix-neuf tu\u00e9s et une trentaine de bless\u00e9s. Mais elles ont aussi consist\u00e9 \u00e0 faire passer un message \u00e9tant donn\u00e9 que le b\u00e2timent abritant la mission de l\u2019Union europ\u00e9enne \u00e0 Kiev a \u00e9t\u00e9 touch\u00e9, de m\u00eame que le bureau du British Council. <\/p>\n<p>\u00ab\u00a0Ces terribles attaques menacent la paix que le pr\u00e9sident des Etats-Unis cherche \u00e0 obtenir\u00a0\u00bb, a r\u00e9agi Keith Kellogg, l\u2019\u00e9missaire am\u00e9ricain pour l\u2019Ukraine et la Russie. \u00ab\u00a0Voici l\u2019id\u00e9e de paix de la Russie. Terreur et barbarie\u00a0\u00bb, a comment\u00e9 le pr\u00e9sident Macron, avant de recevoir le chancelier allemand, Friedrich Merz, \u00e0 Br\u00e9gan\u00e7on [Var]. Pour ce dernier, le fait que la repr\u00e9sentation de l\u2019UE ait \u00e9t\u00e9 vis\u00e9e d\u00e9montre que le \u00ab\u00a0r\u00e9gime russe a de moins en moins de scrupules\u00a0\u00bb et qu\u2019il a \u00ab\u00a0de nouveau montr\u00e9 son vrai visage\u00a0\u00bb. <\/p>\n<p>Quoi qu\u2019il en soit, au bilan de cette nouvelle attaque russe est venu s\u2019ajouter le naufrage du navire collecteur de renseignement ukrainien Simferopol [classe  Lahouna], alors qu\u2019il se trouvait \u00e0 l\u2019embouchure du Danube. Selon Moscou, ce b\u00e2timent de 1 200 tonnes a \u00e9t\u00e9 touch\u00e9 par un drone de surface, ce qui est un mode op\u00e9ratoire plut\u00f4t rare pour la flotte russe de la mer Noire. Et cela a \u00e9t\u00e9 confirm\u00e9 par Dmytro Pletentchouk, le porte-parole de la marine ukrainienne. <\/p>\n<blockquote class=\"twitter-tweet\">\n<p lang=\"uk\" dir=\"ltr\">\u0421\u044c\u043e\u0433\u043e\u0434\u043d\u0456 \u043e\u043f\u0456\u0432\u043d\u043e\u0447\u0456 \u043d\u0430 \u0440\u0456\u0447\u0446\u0456 \u0414\u0443\u043d\u0430\u0439 \u0440\u043e\u0441\u0456\u0439\u0441\u044c\u043a\u0438\u0439 \u043c\u043e\u0440\u0441\u044c\u043a\u0438\u0439 \u0434\u0440\u043e\u043d \u043d\u0430\u043d\u0456\u0441 \u0443\u0434\u0430\u0440 \u043f\u043e \u043d\u0430\u0448\u043e\u043c\u0443 \u043a\u043e\u0440\u0430\u0431\u043b\u044e \u0421\u0456\u043c\u0444\u0435\u0440\u043e\u043f\u043e\u043b\u044c.<br \/>\u041a\u043e\u0440\u0430\u0431\u0435\u043b\u044c \u043e\u0442\u0440\u0438\u043c\u0430\u0432 \u043f\u0440\u043e\u0431\u043e\u0457\u043d\u0443 \u0456 \u043b\u0456\u0433 \u043d\u0430 \u0431\u043e\u0440\u0442. \u041d\u0430 \u0434\u0430\u043d\u0438\u0439 \u043c\u043e\u043c\u0435\u043d\u0442 \u043e\u0434\u0438\u043d \u0437\u0430\u0433\u0438\u0431\u043b\u0438\u0439 \u043c\u043e\u0440\u044f\u043a, \u0447\u0430\u0441\u0442\u0438\u043d\u0430 \u043a\u043e\u043c\u0430\u043d\u0434\u0430 \u0437\u043d\u0438\u043a\u043b\u0430 \u0431\u0435\u0437\u0432\u0456\u0441\u0442\u0456 \u0456 \u043f\u0440\u043e\u0432\u043e\u0434\u0438\u0442\u044c\u0441\u044f \u0457\u0445 \u043f\u043e\u0448\u0443\u043a.<br \/>\u2026<br \/>\u041f\u0456\u0434\u043f\u0438\u0441\u0443\u0439\u0442\u0435\u0441\u044f \u043d\u0430 \u0404\u0432\u0440\u043e\u041c\u0430\u0439\u0434\u0430\u043d. <a href=\"https:\/\/t.co\/iEClCLt9kf\">pic.twitter.com\/iEClCLt9kf<\/a><\/p>\n<p>\u2014 \ud83c\uddfa\ud83c\udde6 \u0404\u0432\u0440\u043e\u041c\u0430\u0439\u0434\u0430\u043d \ud83c\uddea\ud83c\uddfa (@EuroMaydan) <a href=\"https:\/\/twitter.com\/EuroMaydan\/status\/1961031817345089954?ref_src=twsrc%5Etfw\" target=\"_blank\" rel=\"noopener\">August 28, 2025<\/a><\/p>\n<\/blockquote>\n<p>\u00ab\u00a0Nous confirmons la frappe sur le navire\u00a0\u00bb Simferopol, qui a fait \u00ab\u00a0au moins un mort et plusieurs bless\u00e9s\u00a0\u00bb, a-t-il dit, aupr\u00e8s de l\u2019agence de presse Ukrinform. \u00ab\u00a0La plupart des membres de l\u2019\u00e9quipage sont en s\u00e9curit\u00e9. Les recherches [pour retrouver] plusieurs marins militaires se poursuivent\u00a0\u00bb, a-t-il ajout\u00e9, ce qui laisse pr\u00e9sager un bilan beaucoup plus lourd. <\/p>\n<blockquote class=\"twitter-tweet\">\n<p lang=\"en\" dir=\"ltr\">Russian MoD video taken by an Inokhodets \/ Orion UCAV reportedly showing a naval drone strike on the Ukrainian Simferopol reconnaissance ship. Ukrainian Navy spokesman Dmytro Pletenchuk confirms that a ship was struck, killing a sailor.<a href=\"https:\/\/t.co\/dhlO5FSEJt\">https:\/\/t.co\/dhlO5FSEJt<\/a>\u2026 <a href=\"https:\/\/t.co\/nbsCpkEM3N\">pic.twitter.com\/nbsCpkEM3N<\/a><\/p>\n<p>\u2014 Rob Lee (@RALee85) <a href=\"https:\/\/twitter.com\/RALee85\/status\/1961100402038067427?ref_src=twsrc%5Etfw\" target=\"_blank\" rel=\"noopener\">August 28, 2025<\/a><\/p>\n<\/blockquote>\n<p>D\u00e9j\u00e0 affect\u00e9e par des ann\u00e9es de n\u00e9gligence, la marine ukrainienne avait perdu les deux tiers de ses navires lors de l\u2019annexion de la Crim\u00e9e, en mars 2014. Et, au d\u00e9but de la guerre, elle ne pouvait aligner qu\u2019une seule fr\u00e9gate et une vingtaine de navires plus l\u00e9gers, dont le Simferopol, admis au service actif en 2021. Pour autant, cela ne l\u2019a pas emp\u00each\u00e9 d\u2019infliger des pertes significatives \u00e0 la flotte russe de la mer Noire, comme lors du naufrage du croiseur Moskva, en avril 2022. <\/p>\n<p>Quant au Simferopol, mis en \u0153uvre par 31 marins, il \u00e9tait notamment \u00e9quip\u00e9 de la \u00ab\u00a0station de reconnaissance radio Melchior\u00a0\u00bb et d\u2019un canon rotatif \u00e0 6 tubes AK-306 de calibre 30 mm.<\/p>\n<p>\t\t\t\t\t\t\t\t\t\t\t\t\t<script async src=\"https:\/\/platform.twitter.com\/widgets.js\" charset=\"utf-8\"><\/script><\/p>\n","protected":false},"excerpt":{"rendered":"Ce 28 ao\u00fbt, la Russie a dit qu\u2019elle restait \u00ab\u00a0int\u00e9ress\u00e9e\u00a0\u00bb par les n\u00e9gociations de paix avec Kiev\u2026 mais&hellip;\n","protected":false},"author":2,"featured_media":351067,"comment_status":"","ping_status":"","sticky":false,"template":"","format":"standard","meta":{"footnotes":""},"categories":[5],"tags":[11,48665,48768,48769,1011,27,131,14,48770,48771,12,132,48772,220,28],"class_list":{"0":"post-351066","1":"post","2":"type-post","3":"status-publish","4":"format-standard","5":"has-post-thumbnail","7":"category-international","8":"tag-actualites","9":"tag-danube","10":"tag-drone-de-surface","11":"tag-drone-naval","12":"tag-fr","13":"tag-france","14":"tag-guerre-en-ukraine","15":"tag-international","16":"tag-marine-ukrainienne","17":"tag-navire-de-renseignement","18":"tag-news","19":"tag-russie","20":"tag-simferopol","21":"tag-ukraine","22":"tag-world"},"share_on_mastodon":{"url":"https:\/\/pubeurope.com\/@fr\/115109454423990201","error":""},"_links":{"self":[{"href":"https:\/\/www.europesays.com\/fr\/wp-json\/wp\/v2\/posts\/351066","targetHints":{"allow":["GET"]}}],"collection":[{"href":"https:\/\/www.europesays.com\/fr\/wp-json\/wp\/v2\/posts"}],"about":[{"href":"https:\/\/www.europesays.com\/fr\/wp-json\/wp\/v2\/types\/post"}],"author":[{"embeddable":true,"href":"https:\/\/www.europesays.com\/fr\/wp-json\/wp\/v2\/users\/2"}],"replies":[{"embeddable":true,"href":"https:\/\/www.europesays.com\/fr\/wp-json\/wp\/v2\/comments?post=351066"}],"version-history":[{"count":0,"href":"https:\/\/www.europesays.com\/fr\/wp-json\/wp\/v2\/posts\/351066\/revisions"}],"wp:featuredmedia":[{"embeddable":true,"href":"https:\/\/www.europesays.com\/fr\/wp-json\/wp\/v2\/media\/351067"}],"wp:attachment":[{"href":"https:\/\/www.europesays.com\/fr\/wp-json\/wp\/v2\/media?parent=351066"}],"wp:term":[{"taxonomy":"category","embeddable":true,"href":"https:\/\/www.europesays.com\/fr\/wp-json\/wp\/v2\/categories?post=351066"},{"taxonomy":"post_tag","embeddable":true,"href":"https:\/\/www.europesays.com\/fr\/wp-json\/wp\/v2\/tags?post=351066"}],"curies":[{"name":"wp","href":"https:\/\/api.w.org\/{rel}","templated":true}]}}