{"id":351068,"date":"2025-08-29T01:27:11","date_gmt":"2025-08-29T01:27:11","guid":{"rendered":"https:\/\/www.europesays.com\/fr\/351068\/"},"modified":"2025-08-29T01:27:11","modified_gmt":"2025-08-29T01:27:11","slug":"un-prefet-part-en-vacances-en-voiture-de-fonction-la-cgt-lui-rappelle-le-contexte-deconomie-budgetaire","status":"publish","type":"post","link":"https:\/\/www.europesays.com\/fr\/351068\/","title":{"rendered":"Un pr\u00e9fet part en vacances en voiture de fonction, la CGT lui rappelle le contexte d\u2019\u00e9conomie budg\u00e9taire"},"content":{"rendered":"<p>        <img decoding=\"async\" loading=\"lazy\" src=\"https:\/\/www.europesays.com\/fr\/wp-content\/uploads\/2025\/08\/3a5b6bb_upload-1-vs9nmp3d4jxo-000-68ld7cx.jpg\"  width=\"728\" height=\"409\" alt=\"Le pr\u00e9fet de la Haute-Loire est critiqu\u00e9 pour \u00eatre all\u00e9 en vacances en Italie avec sa voiture de fonction. Yvan Cordier a \u00ab\u00a0reconnu\u00a0\u00bb les faits ce jeudi 28\u00a0ao\u00fbt.\"\/>  <\/p>\n<p>THOMAS SAMSON \/ AFP<\/p>\n<p>Le pr\u00e9fet de la Haute-Loire est critiqu\u00e9 pour \u00eatre all\u00e9 en vacances en Italie avec sa voiture de fonction. Yvan Cordier a \u00ab\u00a0reconnu\u00a0\u00bb les faits ce jeudi 28\u00a0ao\u00fbt.<\/p>\n<p class=\"asset asset-text\">POLITIQUE &#8211; Il pr\u00e9sente ses excuses pour un \u00ab\u00a0manque de discernement\u00a0\u00bb. Le\u00a0<a href=\"https:\/\/www.huffingtonpost.fr\/politique\/article\/laurent-wauquiez-mis-en-cause-dans-l-incendie-de-la-prefecture-du-puy-en-velay_181357.html\" target=\"_blank\" rel=\"noopener\">pr\u00e9fet<\/a>\u00a0de la Haute-Loire est critiqu\u00e9 par la<a href=\"https:\/\/www.huffingtonpost.fr\/politique\/article\/emmanuel-macron-promet-de-sauver-les-sites-arcelormittal-mais-sans-nationaliser_249979.html\" target=\"_blank\" rel=\"noopener\"> CGT<\/a> pour \u00eatre all\u00e9 en vacances en <a href=\"https:\/\/www.huffingtonpost.fr\/international\/article\/en-italie-ces-touristes-francaises-n-auraient-pas-du-tenter-un-resto-basket_253936.html\" target=\"_blank\" rel=\"noopener\">Italie<\/a> avec sa voiture de fonction. Puis, apr\u00e8s un accident, pour avoir sollicit\u00e9 un v\u00e9hicule avec chauffeur de son administration pour rentrer chez lui avec son \u00e9pouse depuis la fronti\u00e8re.<\/p>\n<p class=\"asset asset-text\">Yvan Cordier a \u00ab\u00a0reconnu\u00a0\u00bb ce jeudi 28\u00a0ao\u00fbt s\u2019\u00eatre rendu \u00e0 Turin d\u00e9but mai \u00ab\u00a0avec un v\u00e9hicule de fonction\u00a0\u00bb et dit avoir \u00ab\u00a0exprim\u00e9 ses regrets\u00a0\u00bb par email aupr\u00e8s des agents de la pr\u00e9fecture.<\/p>\n<p class=\"asset asset-text\">La section CGT au minist\u00e8re de l\u2019Int\u00e9rieur avait auparavant d\u00e9nonc\u00e9 dans un tract \u00ab\u00a0l\u2019utilisation des moyens (r\u00e9sidence et personnel, v\u00e9hicules et chauffeurs&#8230;)\u00a0\u00bb \u00ab\u00a0pour ou par les familles\u00a0\u00bb du \u00ab\u00a0corps pr\u00e9fectoral\u00a0\u00bb, assurant \u00e9galement que le fils du\u00a0pr\u00e9fet\u00a0a utilis\u00e9 \u00ab\u00a0une voiture de service\u00a0\u00bb.<\/p>\n<p>    La CGT rappelle le \u00ab\u00a0contexte budg\u00e9taire\u00a0\u00bb    <\/p>\n<p class=\"asset asset-text\">\u00ab\u00a0Nous devions aller chercher une personne \u00e0 la gare mais, pris par mes activit\u00e9s professionnelles (&#8230;), j\u2019ai sollicit\u00e9 les services de la pr\u00e9fecture pour mettre un v\u00e9hicule \u00e0 disposition de mon fils\u00a0\u00bb, assure le haut-fonctionnaire \u00e0 l\u2019AFP.<\/p>\n<p class=\"asset asset-text\">Au moment o\u00f9 le gouvernement \u00ab\u00a0nous parle d\u2019\u00e9conomie budg\u00e9taire de 44 milliards d\u2019euros dont 4,8 milliards pour l\u2019\u00c9tat\u00a0\u00bb, et dans un contexte de \u00ab\u00a0conditions de travail d\u00e9grad\u00e9es\u00a0\u00bb \u00e0 la pr\u00e9fecture, \u00ab\u00a0eux se servent et ne sont jamais inqui\u00e9t\u00e9s\u00a0\u00bb, d\u00e9plore de son c\u00f4t\u00e9 la CGT dans un tract intitul\u00e9 \u00ab\u00a0Aust\u00e9rit\u00e9 pour les agents, pas pour les autorit\u00e9s\u00a0\u00bb.<\/p>\n<p class=\"asset asset-text\">\u00ab\u00a0D\u00e8s la prise de connaissance de ce tract (dat\u00e9 du 22 ao\u00fbt), j\u2019ai rendu compte au minist\u00e8re de l\u2019Int\u00e9rieur (&#8230;) et me suis engag\u00e9 \u00e0 prendre en charge les frais de rapatriement de Modane (Savoie) au Puy-en-Velay\u00a0\u00bb, a d\u00e9clar\u00e9 Yvan Cordier Cordier \u00e0 l\u2019AFP.<\/p>\n<p>    \u00ab\u00a0Il s\u2019agit d\u2019un avantage en nature, tax\u00e9 fiscalement\u00a0\u00bb    <\/p>\n<p class=\"asset asset-text\">\u00ab\u00a0J\u2019avais \u00e9t\u00e9 en poste dans un d\u00e9partement du Nord o\u00f9 il m\u2019\u00e9tait arriv\u00e9 en toute r\u00e9gularit\u00e9 d\u2019aller en Belgique avec ma voiture de fonction mais, cette fois, je n\u2019ai pas regard\u00e9 avec pr\u00e9cision une circulaire de 2010\u00a0\u00bb qui ne l\u2019autorise que pour les d\u00e9partements frontaliers, assure le\u00a0pr\u00e9fet\u00a0plaidant \u00ab\u00a0la bonne foi, sans intention de violer une r\u00e8gle\u00a0\u00bb.<\/p>\n<p class=\"asset asset-text\">Pour le reste, le corps pr\u00e9fectoral a le droit, selon lui, \u00ab\u00a0d\u2019utiliser ces v\u00e9hicules pour des d\u00e9placements priv\u00e9s parce que, quand vous \u00eates\u00a0pr\u00e9fet, vous \u00eates rappelable \u00e0 tout moment, et qu\u2019il s\u2019agit d\u2019un avantage en nature, tax\u00e9 fiscalement\u00a0\u00bb.<\/p>\n<p class=\"asset asset-text\">Ce sera \u00ab\u00a0au secr\u00e9tariat g\u00e9n\u00e9ral du minist\u00e8re de l\u2019Int\u00e9rieur de prendre une \u00e9ventuelle d\u00e9cision\u00a0\u00bb, a-t-il ajout\u00e9 en r\u00e9ponse \u00e0 une question sur d\u2019\u00e9ventuelles suites disciplinaires.<\/p>\n","protected":false},"excerpt":{"rendered":"THOMAS SAMSON \/ AFP Le pr\u00e9fet de la Haute-Loire est critiqu\u00e9 pour \u00eatre all\u00e9 en vacances en Italie&hellip;\n","protected":false},"author":2,"featured_media":351069,"comment_status":"","ping_status":"","sticky":false,"template":"","format":"standard","meta":{"footnotes":""},"categories":[4],"tags":[11,1003,1271,1011,27,452,12,316,14583,25],"class_list":{"0":"post-351068","1":"post","2":"type-post","3":"status-publish","4":"format-standard","5":"has-post-thumbnail","7":"category-france","8":"tag-actualites","9":"tag-budget","10":"tag-cgt","11":"tag-fr","12":"tag-france","13":"tag-italie","14":"tag-news","15":"tag-politique","16":"tag-prefet","17":"tag-republique-francaise"},"share_on_mastodon":{"url":"https:\/\/pubeurope.com\/@fr\/115109458342455006","error":""},"_links":{"self":[{"href":"https:\/\/www.europesays.com\/fr\/wp-json\/wp\/v2\/posts\/351068","targetHints":{"allow":["GET"]}}],"collection":[{"href":"https:\/\/www.europesays.com\/fr\/wp-json\/wp\/v2\/posts"}],"about":[{"href":"https:\/\/www.europesays.com\/fr\/wp-json\/wp\/v2\/types\/post"}],"author":[{"embeddable":true,"href":"https:\/\/www.europesays.com\/fr\/wp-json\/wp\/v2\/users\/2"}],"replies":[{"embeddable":true,"href":"https:\/\/www.europesays.com\/fr\/wp-json\/wp\/v2\/comments?post=351068"}],"version-history":[{"count":0,"href":"https:\/\/www.europesays.com\/fr\/wp-json\/wp\/v2\/posts\/351068\/revisions"}],"wp:featuredmedia":[{"embeddable":true,"href":"https:\/\/www.europesays.com\/fr\/wp-json\/wp\/v2\/media\/351069"}],"wp:attachment":[{"href":"https:\/\/www.europesays.com\/fr\/wp-json\/wp\/v2\/media?parent=351068"}],"wp:term":[{"taxonomy":"category","embeddable":true,"href":"https:\/\/www.europesays.com\/fr\/wp-json\/wp\/v2\/categories?post=351068"},{"taxonomy":"post_tag","embeddable":true,"href":"https:\/\/www.europesays.com\/fr\/wp-json\/wp\/v2\/tags?post=351068"}],"curies":[{"name":"wp","href":"https:\/\/api.w.org\/{rel}","templated":true}]}}