{"id":351073,"date":"2025-08-29T01:30:20","date_gmt":"2025-08-29T01:30:20","guid":{"rendered":"https:\/\/www.europesays.com\/fr\/351073\/"},"modified":"2025-08-29T01:30:20","modified_gmt":"2025-08-29T01:30:20","slug":"la-spa-de-saint-etienne-a-besoin-de-vous-pour-des-familles-daccueil","status":"publish","type":"post","link":"https:\/\/www.europesays.com\/fr\/351073\/","title":{"rendered":"LA SPA DE SAINT-\u00c9TIENNE A BESOIN DE VOUS POUR DES FAMILLES D&rsquo;ACCUEIL"},"content":{"rendered":"<p>                <a href=\"https:\/\/cadenceradio.fr\" target=\"_blank\" aria-label=\"Banni\u00e8re Cadence 2025\" rel=\"nofollow noopener\"><img loading=\"lazy\" decoding=\"async\" src=\"https:\/\/www.europesays.com\/fr\/wp-content\/uploads\/2025\/07\/Banniere-Cadence-2025-scaled.jpg\" alt=\"\"   width=\"2560\" height=\"738\"\/><\/a><br \/>\nUne saturation pr\u00e9occupante des installations<\/p>\n<p>L\u2019association de protection animale st\u00e9phanoise fait face \u00e0 une situation critique. Dans un communiqu\u00e9 diffus\u00e9 sur son site internet, elle alerte sur l\u2019engorgement complet de ses structures d\u2019h\u00e9bergement. Les espaces de quarantaine et la chatterie principale affichent complet, ne permettant plus d\u2019accueillir de nouveaux pensionnaires dans des conditions optimales.<\/p>\n<p>Cette saturation pousse l\u2019organisation \u00e0 mobiliser son r\u00e9seau d\u2019adh\u00e9rents, de b\u00e9n\u00e9voles et de sympathisants pour trouver des solutions d\u2019h\u00e9bergement temporaire.<\/p>\n<p>L\u2019histoire touchante d\u2019Hela et de sa port\u00e9e<\/p>\n<p>Pour illustrer l\u2019urgence de la situation, la SPA \u00e9voque le cas d\u2019Hela, une femelle qui a donn\u00e9 naissance \u00e0 six petits dans les locaux de la fourri\u00e8re. Gr\u00e2ce \u00e0 la pr\u00e9sence exceptionnelle d\u2019\u00e9quipes pendant un weekend, cette famille f\u00e9line a pu \u00eatre secourue et mise en s\u00e9curit\u00e9.<\/p>\n<p>Aujourd\u2019hui, la m\u00e8re et ses chatons se retrouvent confin\u00e9s dans un espace restreint, dans l\u2019attente d\u2019un placement plus adap\u00e9 \u00e0 leurs besoins. Leur situation symbolise celle de nombreux autres animaux en attente d\u2019une solution d\u2019h\u00e9bergement.<\/p>\n<p>Une prise en charge financi\u00e8re totale propos\u00e9e<\/p>\n<p>Pour encourager les candidatures, l\u2019association garantit une prise en charge int\u00e9grale de tous les co\u00fbts li\u00e9s \u00e0 l\u2019accueil temporaire. Les frais v\u00e9t\u00e9rinaires, l\u2019alimentation et le mat\u00e9riel n\u00e9cessaire restent \u00e0 la charge de la SPA, d\u00e9chargeant ainsi les familles volontaires de toute pr\u00e9occupation financi\u00e8re.<\/p>\n<p>En contrepartie, l\u2019organisation ne demande que la mise \u00e0 disposition d\u2019un environnement bienveillant, un investissement en temps raisonnable et surtout beaucoup d\u2019affection pour ces animaux en d\u00e9tresse.<\/p>\n<p>Comment proposer son aide<\/p>\n<p>Les personnes int\u00e9ress\u00e9es par cette d\u00e9marche solidaire peuvent contacter directement la SPA de Saint-\u00c9tienne par t\u00e9l\u00e9phone au 04 77 33 35 50. Des informations d\u00e9taill\u00e9es sont \u00e9galement disponibles en ligne sur le site www.spa42.fr, dans la rubrique d\u00e9di\u00e9e aux candidatures de familles d\u2019accueil.<\/p>\n<p>Cette initiative repr\u00e9sente une opportunit\u00e9 pour les amoureux des animaux de contribuer concr\u00e8tement au sauvetage et au bien-\u00eatre des pensionnaires de l\u2019association, en attendant leur adoption d\u00e9finitive.<\/p>\n","protected":false},"excerpt":{"rendered":"Une saturation pr\u00e9occupante des installations L\u2019association de protection animale st\u00e9phanoise fait face \u00e0 une situation critique. Dans un&hellip;\n","protected":false},"author":2,"featured_media":351074,"comment_status":"","ping_status":"","sticky":false,"template":"","format":"standard","meta":{"footnotes":""},"categories":[9653],"tags":[1111,11,2430,1777,674,1011,27,3367,12,25,4001,18730],"class_list":{"0":"post-351073","1":"post","2":"type-post","3":"status-publish","4":"format-standard","5":"has-post-thumbnail","7":"category-saint-etienne","8":"tag-actu","9":"tag-actualites","10":"tag-auvergne-rhone-alpes","11":"tag-eu","12":"tag-europe","13":"tag-fr","14":"tag-france","15":"tag-loire","16":"tag-news","17":"tag-republique-francaise","18":"tag-saint-etienne","19":"tag-spa"},"share_on_mastodon":{"url":"https:\/\/pubeurope.com\/@fr\/115109470228494476","error":""},"_links":{"self":[{"href":"https:\/\/www.europesays.com\/fr\/wp-json\/wp\/v2\/posts\/351073","targetHints":{"allow":["GET"]}}],"collection":[{"href":"https:\/\/www.europesays.com\/fr\/wp-json\/wp\/v2\/posts"}],"about":[{"href":"https:\/\/www.europesays.com\/fr\/wp-json\/wp\/v2\/types\/post"}],"author":[{"embeddable":true,"href":"https:\/\/www.europesays.com\/fr\/wp-json\/wp\/v2\/users\/2"}],"replies":[{"embeddable":true,"href":"https:\/\/www.europesays.com\/fr\/wp-json\/wp\/v2\/comments?post=351073"}],"version-history":[{"count":0,"href":"https:\/\/www.europesays.com\/fr\/wp-json\/wp\/v2\/posts\/351073\/revisions"}],"wp:featuredmedia":[{"embeddable":true,"href":"https:\/\/www.europesays.com\/fr\/wp-json\/wp\/v2\/media\/351074"}],"wp:attachment":[{"href":"https:\/\/www.europesays.com\/fr\/wp-json\/wp\/v2\/media?parent=351073"}],"wp:term":[{"taxonomy":"category","embeddable":true,"href":"https:\/\/www.europesays.com\/fr\/wp-json\/wp\/v2\/categories?post=351073"},{"taxonomy":"post_tag","embeddable":true,"href":"https:\/\/www.europesays.com\/fr\/wp-json\/wp\/v2\/tags?post=351073"}],"curies":[{"name":"wp","href":"https:\/\/api.w.org\/{rel}","templated":true}]}}