{"id":351075,"date":"2025-08-29T01:31:12","date_gmt":"2025-08-29T01:31:12","guid":{"rendered":"https:\/\/www.europesays.com\/fr\/351075\/"},"modified":"2025-08-29T01:31:12","modified_gmt":"2025-08-29T01:31:12","slug":"meurthe-et-moselle-un-pere-de-famille-de-61-ans-meurt-poignarde-son-fils-blesse","status":"publish","type":"post","link":"https:\/\/www.europesays.com\/fr\/351075\/","title":{"rendered":"Meurthe-et-Moselle. Un p\u00e8re de famille de 61 ans meurt poignard\u00e9, son fils bless\u00e9"},"content":{"rendered":"<p>Une agression \u00e0 l&rsquo;arme blanche a fait un mort et un bless\u00e9, un p\u00e8re et son fils, jeudi \u00e0 Vandoeuvre-l\u00e8s-Nancy (Meurthe-et-Moselle), rapporte <a href=\"https:\/\/www.estrepublicain.fr\/faits-divers-justice\/2025\/08\/28\/un-pere-de-famille-tue-a-l-armee-blanche-dans-la-rue-un-ou-plusieurs-suspects-recherches\" target=\"_blank\" rel=\"noopener\">L&rsquo;Est R\u00e9publicain<\/a>.<\/p>\n<p>\u00ab Les circonstances de ces faits sont encore \u00e0 \u00e9claircir \u00bb, a indiqu\u00e9 le procureur de Nancy, Fran\u00e7ois Capin-Dulhoste. \u00ab Un homme de 61 ans et son fils de 27 ans ont \u00e9t\u00e9 victimes de coups port\u00e9s par arme blanche cet apr\u00e8s-midi sur la voie publique \u00e0 Vandoeuvre. Le p\u00e8re, atteint \u00e0 la poitrine, est d\u00e9c\u00e9d\u00e9. \u00bb<\/p>\n<p>Une enqu\u00eate des chefs de meurtre et tentative de meurtre a \u00e9t\u00e9 ouverte et un dispositif policier cons\u00e9quent a \u00e9t\u00e9 d\u00e9ploy\u00e9 sur place.<\/p>\n<p>Ce contenu est bloqu\u00e9 car vous n&rsquo;avez pas accept\u00e9 les cookies et autres traceurs.<\/p>\n<p>En cliquant sur \u00ab J\u2019accepte \u00bb, les cookies et autres traceurs seront d\u00e9pos\u00e9s et vous pourrez visualiser les contenus  (<a href=\"\" class=\"consentModule_policy\" target=\"_blank\" title=\"Consulter la politique de protection des donn\u00e9es du fournisseur\">plus d&rsquo;informations<\/a>).<\/p>\n<p>En cliquant sur \u00ab J\u2019accepte tous les cookies \u00bb, vous autorisez des d\u00e9p\u00f4ts de cookies et autres traceurs pour le stockage de vos donn\u00e9es sur nos sites et applications \u00e0 des fins de personnalisation et de ciblage publicitaire.<\/p>\n<p class=\"consentModule_secondaryText\">Vous gardez la possibilit\u00e9 de retirer votre consentement \u00e0 tout moment en consultant notre <a href=\"https:\/\/www.lalsace.fr\/protection-des-donnees\" target=\"_blank\" title=\"Consulter notre politique de protection des donn\u00e9es\" rel=\"noopener\">politique de protection des donn\u00e9es<\/a>. <br \/>&#13;<br \/>\n            <a href=\"https:\/\/www.lalsace.fr\/faits-divers-justice\/2025\/08\/28\/javascript:Didomi.notice.show()\" class=\"consentModule_cmp\" target=\"_blank\" rel=\"noopener\">G\u00e9rer mes choix<\/a>&#13;\n        <\/p>\n<p>&#13;<br \/>\n                        J&rsquo;accepte&#13;<br \/>\n            J&rsquo;accepte tous les cookies&#13;\n        <\/p>\n<p>  Les suspects recherch\u00e9s<\/p>\n<p>La victime et son fils sont tous deux d&rsquo;origine arm\u00e9nienne. Le fils a \u00e9t\u00e9 pris en charge par les secours et transport\u00e9 vers les urgences. Ses jours ne seraient pas en danger, selon Patrice Donati, maire de cette ville de 30 000 habitants, dans la p\u00e9riph\u00e9rie imm\u00e9diate de Nancy. \u00ab Je pense \u00e0 cette famille, ce n&rsquo;est pas une famille connue des forces de police, je ne peux avoir que de l&#8217;empathie pour eux \u00bb, a-t-il d\u00e9clar\u00e9.<\/p>\n<p>Le ou les auteurs de l&rsquo;agression n&rsquo;ont pas \u00e9t\u00e9 identifi\u00e9s. Le maire a fait part de sa stupeur face \u00e0 cette agression mortelle. \u00ab Notre commune a des habitants de 95 nationalit\u00e9s diff\u00e9rentes, mais avec des indices de s\u00e9curit\u00e9 assez bons \u00bb, a-t-il soulign\u00e9. \u00ab Nous n&rsquo;avons pas de gare, pas de bo\u00eete de nuit, pas de lieu \u00e0 risque, et des affaires de ce type nous n&rsquo;en avons pas tous les jours, et heureusement. \u00bb<\/p>\n<p class=\"note\">&gt;&gt; Lire l&rsquo;article de <a href=\"https:\/\/www.estrepublicain.fr\/faits-divers-justice\/2025\/08\/28\/un-pere-de-famille-tue-a-l-armee-blanche-dans-la-rue-un-ou-plusieurs-suspects-recherches\" target=\"_blank\" rel=\"noopener\">L&rsquo;Est R\u00e9publicain<\/a>.<\/p>\n","protected":false},"excerpt":{"rendered":"Une agression \u00e0 l&rsquo;arme blanche a fait un mort et un bless\u00e9, un p\u00e8re et son fils, jeudi&hellip;\n","protected":false},"author":2,"featured_media":351076,"comment_status":"","ping_status":"","sticky":false,"template":"","format":"standard","meta":{"footnotes":""},"categories":[9635],"tags":[1111,11,271,272,1777,674,274,107,1011,27,329,775,1702,12,25],"class_list":{"0":"post-351075","1":"post","2":"type-post","3":"status-publish","4":"format-standard","5":"has-post-thumbnail","7":"category-nancy","8":"tag-actu","9":"tag-actualites","10":"tag-crime","11":"tag-delit-et-contravention","12":"tag-eu","13":"tag-europe","14":"tag-faits-divers-justice","15":"tag-fil-info","16":"tag-fr","17":"tag-france","18":"tag-france-monde","19":"tag-grand-est","20":"tag-nancy","21":"tag-news","22":"tag-republique-francaise"},"share_on_mastodon":{"url":"https:\/\/pubeurope.com\/@fr\/115109474079109617","error":""},"_links":{"self":[{"href":"https:\/\/www.europesays.com\/fr\/wp-json\/wp\/v2\/posts\/351075","targetHints":{"allow":["GET"]}}],"collection":[{"href":"https:\/\/www.europesays.com\/fr\/wp-json\/wp\/v2\/posts"}],"about":[{"href":"https:\/\/www.europesays.com\/fr\/wp-json\/wp\/v2\/types\/post"}],"author":[{"embeddable":true,"href":"https:\/\/www.europesays.com\/fr\/wp-json\/wp\/v2\/users\/2"}],"replies":[{"embeddable":true,"href":"https:\/\/www.europesays.com\/fr\/wp-json\/wp\/v2\/comments?post=351075"}],"version-history":[{"count":0,"href":"https:\/\/www.europesays.com\/fr\/wp-json\/wp\/v2\/posts\/351075\/revisions"}],"wp:featuredmedia":[{"embeddable":true,"href":"https:\/\/www.europesays.com\/fr\/wp-json\/wp\/v2\/media\/351076"}],"wp:attachment":[{"href":"https:\/\/www.europesays.com\/fr\/wp-json\/wp\/v2\/media?parent=351075"}],"wp:term":[{"taxonomy":"category","embeddable":true,"href":"https:\/\/www.europesays.com\/fr\/wp-json\/wp\/v2\/categories?post=351075"},{"taxonomy":"post_tag","embeddable":true,"href":"https:\/\/www.europesays.com\/fr\/wp-json\/wp\/v2\/tags?post=351075"}],"curies":[{"name":"wp","href":"https:\/\/api.w.org\/{rel}","templated":true}]}}