{"id":351083,"date":"2025-08-29T01:35:13","date_gmt":"2025-08-29T01:35:13","guid":{"rendered":"https:\/\/www.europesays.com\/fr\/351083\/"},"modified":"2025-08-29T01:35:13","modified_gmt":"2025-08-29T01:35:13","slug":"une-parade-festive-a-velo-vers-le-mamastock-festival-au-parc-montcalm-de-montpellier-ce-samedi-30-aout","status":"publish","type":"post","link":"https:\/\/www.europesays.com\/fr\/351083\/","title":{"rendered":"Une parade festive \u00e0 v\u00e9lo vers le Mamastock Festival, au parc Montcalm de Montpellier, ce samedi 30\u00a0ao\u00fbt"},"content":{"rendered":"<p>\n                                                                L\u2019association V\u00e9locit\u00e9 se mobilise pour offrir un d\u00e9placement s\u00e9curis\u00e9 vers le parc Montcalm. Sans oublier le c\u00f4t\u00e9 revendicatif, avec le passage sur l\u2019avenue de Toulouse.\n                            <\/p>\n<p>Quand V\u00e9locit\u00e9 (association de promotion du v\u00e9lo) collabore avec Mamasound (acteur culturel organisateur de concerts), cela donne une v\u00e9loparade en musique\u00a0!<\/p>\n<p>Apr\u00e8s des records printaniers de fr\u00e9quentation sur les pistes cyclables de Montpellier, c\u2019est l\u2019occasion de se retrouver pour la fin de l\u2019\u00e9t\u00e9 et de se remettre en selle de mani\u00e8re festive et musicale avant la rentr\u00e9e.<\/p>\n<p>Cette parade festive \u00e0 v\u00e9lo se d\u00e9roulera sur un parcours encadr\u00e9 et s\u00e9curis\u00e9 par V\u00e9locit\u00e9. Elle sera\u00a0accompagn\u00e9e d\u2019un DJ ou d\u2019une fanfare \u00e0 v\u00e9lo.<\/p>\n<p>Une touche de militantisme<\/p>\n<p>Destination le\u00a0Mamastock festival organis\u00e9 par Mamasound au parc Montcalm.<\/p>\n<p>Le militantisme ne sera pas oubli\u00e9 puisque le cort\u00e8ge empruntera\u00a0l\u2019avenue de Toulouse, afin de\u00a0rappeler la n\u00e9cessit\u00e9 de\u00a0s\u00e9curiser les cycles sur cet axe majeur en attendant les futurs am\u00e9nagements de la v\u00e9loligne 7.<\/p>\n<p>Pour les participants, d\u00e9part samedi 30\u00a0ao\u00fbt \u00e0\u00a014\u00a0h de la place de la Com\u00e9die\u00a0; arriv\u00e9e pr\u00e9vue au parc Montcalm vers 15\u00a0h<\/p>\n","protected":false},"excerpt":{"rendered":"L\u2019association V\u00e9locit\u00e9 se mobilise pour offrir un d\u00e9placement s\u00e9curis\u00e9 vers le parc Montcalm. Sans oublier le c\u00f4t\u00e9 revendicatif,&hellip;\n","protected":false},"author":2,"featured_media":351084,"comment_status":"","ping_status":"","sticky":false,"template":"","format":"standard","meta":{"footnotes":""},"categories":[9599],"tags":[1111,11,1777,674,1011,27,2208,12,2680,25],"class_list":{"0":"post-351083","1":"post","2":"type-post","3":"status-publish","4":"format-standard","5":"has-post-thumbnail","7":"category-montpellier","8":"tag-actu","9":"tag-actualites","10":"tag-eu","11":"tag-europe","12":"tag-fr","13":"tag-france","14":"tag-montpellier","15":"tag-news","16":"tag-occitanie","17":"tag-republique-francaise"},"share_on_mastodon":{"url":"https:\/\/pubeurope.com\/@fr\/115109489868982985","error":""},"_links":{"self":[{"href":"https:\/\/www.europesays.com\/fr\/wp-json\/wp\/v2\/posts\/351083","targetHints":{"allow":["GET"]}}],"collection":[{"href":"https:\/\/www.europesays.com\/fr\/wp-json\/wp\/v2\/posts"}],"about":[{"href":"https:\/\/www.europesays.com\/fr\/wp-json\/wp\/v2\/types\/post"}],"author":[{"embeddable":true,"href":"https:\/\/www.europesays.com\/fr\/wp-json\/wp\/v2\/users\/2"}],"replies":[{"embeddable":true,"href":"https:\/\/www.europesays.com\/fr\/wp-json\/wp\/v2\/comments?post=351083"}],"version-history":[{"count":0,"href":"https:\/\/www.europesays.com\/fr\/wp-json\/wp\/v2\/posts\/351083\/revisions"}],"wp:featuredmedia":[{"embeddable":true,"href":"https:\/\/www.europesays.com\/fr\/wp-json\/wp\/v2\/media\/351084"}],"wp:attachment":[{"href":"https:\/\/www.europesays.com\/fr\/wp-json\/wp\/v2\/media?parent=351083"}],"wp:term":[{"taxonomy":"category","embeddable":true,"href":"https:\/\/www.europesays.com\/fr\/wp-json\/wp\/v2\/categories?post=351083"},{"taxonomy":"post_tag","embeddable":true,"href":"https:\/\/www.europesays.com\/fr\/wp-json\/wp\/v2\/tags?post=351083"}],"curies":[{"name":"wp","href":"https:\/\/api.w.org\/{rel}","templated":true}]}}