{"id":351085,"date":"2025-08-29T01:36:16","date_gmt":"2025-08-29T01:36:16","guid":{"rendered":"https:\/\/www.europesays.com\/fr\/351085\/"},"modified":"2025-08-29T01:36:16","modified_gmt":"2025-08-29T01:36:16","slug":"usap-mhr-les-compos-du-dernier-match-de-preparation-avant-le-debut-de-la-saison-de-top-14","status":"publish","type":"post","link":"https:\/\/www.europesays.com\/fr\/351085\/","title":{"rendered":"Usap-MHR\u00a0: les compos du dernier match de pr\u00e9paration avant le d\u00e9but de la saison de Top 14"},"content":{"rendered":"<p>\n                                                                Montpellier se d\u00e9place \u00e0 Aim\u00e9-Giral et affrontera l\u2019Usap, ce vendredi 29\u00a0ao\u00fbt (19\u00a0h\u00a030) pour son deuxi\u00e8me match de pr\u00e9paration de l\u2019\u00e9t\u00e9. Les deux \u00e9quipes restent chacune sur une victoire.\n                            <\/p>\n<p>C\u2019est le dernier galop d\u2019essai avant le coup d\u2019envoi officiel de la saison. Le MHR se d\u00e9place \u00e0 Aim\u00e9-Giral pour se tester avant d\u2019attaquer une nouvelle saison de Top 14. Victorieux (26-5) de Pau lors de sa premi\u00e8re sortie de l\u2019\u00e9t\u00e9, le MHR s\u2019attend \u00e0 un match de costaud contre une Usap qui, elle, a largement domin\u00e9 le RC Toulon, il y a une semaine (50-19) en terres catalanes.<\/p>\n<blockquote data-instgrm-captioned=\"\" data-instgrm-permalink=\"https:\/\/www.instagram.com\/p\/DN555GnCAJc\/?utm_source=ig_embed&amp;utm_campaign=loading\" data-instgrm-version=\"14\" style=\" background:#FFF; border:0; border-radius:3px; box-shadow:0 0 1px 0 rgba(0,0,0,0.5),0 1px 10px 0 rgba(0,0,0,0.15); margin: 1px; max-width:540px; min-width:326px; padding:0; width:99.375%; width:-webkit-calc(100% - 2px); width:calc(100% - 2px);\" data-class=\"instagram-media\"\/>\n<p>Retour des internationaux<\/p>\n<p>Pour cette rencontre, les deux staffs vont aligner des \u00e9quipes qui vont se rapprocher de celles qui d\u00e9buteront la saison, face \u00e0 Toulon au Septeo Stadium pour le MHR, et contre Bayonne \u00e0 AIm\u00e9-Giral pour l\u2019Usap. C\u00f4t\u00e9 Montpellier, le groupe est quasiment au complet \u00e0 l\u2019exception de la rercue n\u00e9o-z\u00e9landaise, le talonneur Ricky Riccitelli, du jeune Valentin Welsch et de l\u2019arri\u00e8re Stuart Hogg, absent pour quelques mois encore. Les deux internationaux, le pilier Baptiste Erdocio et le deuxi\u00e8me ligne Tyler Duguid seront, eux, de retour.<\/p>\n<blockquote data-class=\"twitter-tweet\">\n<p lang=\"fr\" dir=\"ltr\">\\ud83d\\udce3 ?? ??????<\/p>\n<p>D\u00e9couvrez les 34 joueurs retenus pour le second match de pr\u00e9paration \u00e0 Aim\u00e9 Giral \\ud83d\\udd25<\/p>\n<p>\\ud83c\\udfc9 Match de pr\u00e9paration\u2070\\ud83d\\udc8a USAP vs MHR<br \/>\\u23f0 Vendredi 29 ao\u00fbt \u00e0 19h30\u2070\\ud83c\\udfdf\\ufe0f Ouverture des portes \u00e0 18h\u2070<br \/>Tous ensemble derri\u00e8re nos joueurs \\u2764\\ufe0f\\ud83d\\udc9b<a href=\"https:\/\/twitter.com\/hashtag\/le5eelement?src=hash&amp;ref_src=twsrc%5Etfw\" rel=\"nofollow noopener\" target=\"_blank\">#le5eelement<\/a> <a href=\"https:\/\/t.co\/a4SfjJuQ7l\" rel=\"nofollow\">pic.twitter.com\/a4SfjJuQ7l<\/a><\/p>\n<p>\u2014 USAP (@usap_officiel) <a href=\"https:\/\/twitter.com\/usap_officiel\/status\/1961095967383396442?ref_src=twsrc%5Etfw\" rel=\"nofollow noopener\" target=\"_blank\">August 28, 2025<\/a><\/p><\/blockquote>\n<p>C\u00f4t\u00e9 Usap, les Catalans seront priv\u00e9s des deux internationaux argentins, le talonneur Ignacio Ruiz et le troisi\u00e8me ligne Joaquin Oviedo, mais \u00e9galement de Jamie Ritchie et\u00a0Patrick Sobela (troisi\u00e8mes lignes), Jordan Petaia (centre) et David Aucagne (arri\u00e8re). Les internationaux Alivereti Duguivalu et Jacobus Van Tonder sont \u00e9galement au repos.<\/p>\n<p>                                                                                                                                                                                                        <script async src=\"https:\/\/platform.twitter.com\/widgets.js\" charset=\"utf-8\"><\/script><script async src=\"\/\/www.instagram.com\/embed.js\"><\/script><\/p>\n","protected":false},"excerpt":{"rendered":"Montpellier se d\u00e9place \u00e0 Aim\u00e9-Giral et affrontera l\u2019Usap, ce vendredi 29\u00a0ao\u00fbt (19\u00a0h\u00a030) pour son deuxi\u00e8me match de pr\u00e9paration&hellip;\n","protected":false},"author":2,"featured_media":351086,"comment_status":"","ping_status":"","sticky":false,"template":"","format":"standard","meta":{"footnotes":""},"categories":[9599],"tags":[1111,11,1777,674,1011,27,2208,12,2680,25],"class_list":{"0":"post-351085","1":"post","2":"type-post","3":"status-publish","4":"format-standard","5":"has-post-thumbnail","7":"category-montpellier","8":"tag-actu","9":"tag-actualites","10":"tag-eu","11":"tag-europe","12":"tag-fr","13":"tag-france","14":"tag-montpellier","15":"tag-news","16":"tag-occitanie","17":"tag-republique-francaise"},"share_on_mastodon":{"url":"https:\/\/pubeurope.com\/@fr\/115109493643995448","error":""},"_links":{"self":[{"href":"https:\/\/www.europesays.com\/fr\/wp-json\/wp\/v2\/posts\/351085","targetHints":{"allow":["GET"]}}],"collection":[{"href":"https:\/\/www.europesays.com\/fr\/wp-json\/wp\/v2\/posts"}],"about":[{"href":"https:\/\/www.europesays.com\/fr\/wp-json\/wp\/v2\/types\/post"}],"author":[{"embeddable":true,"href":"https:\/\/www.europesays.com\/fr\/wp-json\/wp\/v2\/users\/2"}],"replies":[{"embeddable":true,"href":"https:\/\/www.europesays.com\/fr\/wp-json\/wp\/v2\/comments?post=351085"}],"version-history":[{"count":0,"href":"https:\/\/www.europesays.com\/fr\/wp-json\/wp\/v2\/posts\/351085\/revisions"}],"wp:featuredmedia":[{"embeddable":true,"href":"https:\/\/www.europesays.com\/fr\/wp-json\/wp\/v2\/media\/351086"}],"wp:attachment":[{"href":"https:\/\/www.europesays.com\/fr\/wp-json\/wp\/v2\/media?parent=351085"}],"wp:term":[{"taxonomy":"category","embeddable":true,"href":"https:\/\/www.europesays.com\/fr\/wp-json\/wp\/v2\/categories?post=351085"},{"taxonomy":"post_tag","embeddable":true,"href":"https:\/\/www.europesays.com\/fr\/wp-json\/wp\/v2\/tags?post=351085"}],"curies":[{"name":"wp","href":"https:\/\/api.w.org\/{rel}","templated":true}]}}