{"id":351087,"date":"2025-08-29T01:39:29","date_gmt":"2025-08-29T01:39:29","guid":{"rendered":"https:\/\/www.europesays.com\/fr\/351087\/"},"modified":"2025-08-29T01:39:29","modified_gmt":"2025-08-29T01:39:29","slug":"football-annan-et-appiah-absents-plusieurs-semaines-lasse-amoindrie-avant-grenoble","status":"publish","type":"post","link":"https:\/\/www.europesays.com\/fr\/351087\/","title":{"rendered":"Football. Annan et Appiah absents plusieurs semaines, l&rsquo;ASSE amoindrie avant Grenoble"},"content":{"rendered":"<p>Un de perdu, dix de retrouv\u00e9s est-il coutume de dire. Chez les Verts, c\u2019est plut\u00f4t l\u2019inverse en ce moment. Sans Maxime Bernauer depuis le dernier amical disput\u00e9 \u00e0 Cagliari, Eirik Horneland se faisait une joie de retrouver son central cette semaine \u00e0 l\u2019entra\u00eenement, avec l\u2019objectif de le rendre disponible pour la r\u00e9ception de Grenoble (samedi 20 heures).<\/p>\n<p>Si cela pourrait bien \u00eatre le cas, le coach norv\u00e9gien doit composer avec d\u2019autres absences. <a href=\"https:\/\/www.leprogres.fr\/sport\/2025\/08\/23\/les-verts-savent-maintenant-gagner-comme-ca\" target=\"_blank\" rel=\"noopener\">S\u00e9rieusement tacl\u00e9 \u00e0 Boulogne (0-1)<\/a>, le lat\u00e9ral gauche ghan\u00e9en avait d\u00fb sortir pr\u00e9matur\u00e9ment.<\/p>\n<p>Remplac\u00e9 par Ben Old dans le Pas-de-Calais, il ne tiendra pas sa place ce week-end, ni les suivants. Horneland l\u2019a assur\u00e9, \u00ab\u00a0lui et Dennis Appiah seront absents pour quatre \u00e0 cinq semaines\u00a0\u00bb. Une tuile qu\u2019il pourrait compenser avec Lassana Traor\u00e9 et\/ou Maeddine Makhloufi.<\/p>\n<p>  Moueffek et Davitashvili incertains<\/p>\n<p>Et ce n\u2019est pas la seule qui va lui donner \u00e0 r\u00e9fl\u00e9chir d\u2019ici vendredi soir pour composer son groupe. A\u00efmen Moueffek, qui a pris un coup sur la cheville en d\u00e9but de semaine, est tr\u00e8s incertain, tandis que Zuriko Davitashvili est malade au point que sa participation au match de samedi soit aussi en suspens.<\/p>\n<p>Sur fond de fin de mercato, ce dernier groupe du mois d\u2019ao\u00fbt pourrait r\u00e9server quelques surprises.<\/p>\n<p>Le tout sans compter sur les absences longue dur\u00e9e de Djylian N\u2019Guessan (cuisse) et Benjamin Bouchouari (dos) qui ne \u00ab sont pas les plus\u00a0proches d&rsquo;un retour \u00bb, selon Eirik Horneland.<\/p>\n","protected":false},"excerpt":{"rendered":"Un de perdu, dix de retrouv\u00e9s est-il coutume de dire. Chez les Verts, c\u2019est plut\u00f4t l\u2019inverse en ce&hellip;\n","protected":false},"author":2,"featured_media":351088,"comment_status":"","ping_status":"","sticky":false,"template":"","format":"standard","meta":{"footnotes":""},"categories":[9566],"tags":[1111,11,4000,2430,7539,1777,674,63,1011,27,2731,4002,3367,12,25,4001,517],"class_list":{"0":"post-351087","1":"post","2":"type-post","3":"status-publish","4":"format-standard","5":"has-post-thumbnail","7":"category-grenoble","8":"tag-actu","9":"tag-actualites","10":"tag-asse-as-saint-etienne-football","11":"tag-auvergne-rhone-alpes","12":"tag-edition-loire-sud","13":"tag-eu","14":"tag-europe","15":"tag-football","16":"tag-fr","17":"tag-france","18":"tag-grenoble","19":"tag-haute-loire","20":"tag-loire","21":"tag-news","22":"tag-republique-francaise","23":"tag-saint-etienne","24":"tag-sport"},"share_on_mastodon":{"url":"https:\/\/pubeurope.com\/@fr\/115109505483540868","error":""},"_links":{"self":[{"href":"https:\/\/www.europesays.com\/fr\/wp-json\/wp\/v2\/posts\/351087","targetHints":{"allow":["GET"]}}],"collection":[{"href":"https:\/\/www.europesays.com\/fr\/wp-json\/wp\/v2\/posts"}],"about":[{"href":"https:\/\/www.europesays.com\/fr\/wp-json\/wp\/v2\/types\/post"}],"author":[{"embeddable":true,"href":"https:\/\/www.europesays.com\/fr\/wp-json\/wp\/v2\/users\/2"}],"replies":[{"embeddable":true,"href":"https:\/\/www.europesays.com\/fr\/wp-json\/wp\/v2\/comments?post=351087"}],"version-history":[{"count":0,"href":"https:\/\/www.europesays.com\/fr\/wp-json\/wp\/v2\/posts\/351087\/revisions"}],"wp:featuredmedia":[{"embeddable":true,"href":"https:\/\/www.europesays.com\/fr\/wp-json\/wp\/v2\/media\/351088"}],"wp:attachment":[{"href":"https:\/\/www.europesays.com\/fr\/wp-json\/wp\/v2\/media?parent=351087"}],"wp:term":[{"taxonomy":"category","embeddable":true,"href":"https:\/\/www.europesays.com\/fr\/wp-json\/wp\/v2\/categories?post=351087"},{"taxonomy":"post_tag","embeddable":true,"href":"https:\/\/www.europesays.com\/fr\/wp-json\/wp\/v2\/tags?post=351087"}],"curies":[{"name":"wp","href":"https:\/\/api.w.org\/{rel}","templated":true}]}}