{"id":351089,"date":"2025-08-29T01:40:12","date_gmt":"2025-08-29T01:40:12","guid":{"rendered":"https:\/\/www.europesays.com\/fr\/351089\/"},"modified":"2025-08-29T01:40:12","modified_gmt":"2025-08-29T01:40:12","slug":"asse-2-forfaits-annonces-et-4-incertains-pour-grenoble","status":"publish","type":"post","link":"https:\/\/www.europesays.com\/fr\/351089\/","title":{"rendered":"ASSE : 2 forfaits annonc\u00e9s et 4 incertains pour Grenoble"},"content":{"rendered":"<p>Avant ASSE \u2013 Grenoble, c\u2019est l\u2019h\u00e9catombe chez les Verts\u2026<\/p>\n<p>L\u2019ASSE veut continuer sa s\u00e9rie ce samedi ! Leader, Saint-\u00c9tienne re\u00e7oit Grenoble et veut s\u2019imposer face \u00e0 son public,<a href=\"https:\/\/www.sport.fr\/football\/asse-grenoble-tres-bonne-nouvelle-en-vue-pour-saint-etienne-1397941.shtm\" rel=\"nofollow noopener\" target=\"_blank\"> qui va bien \u00e9videmment r\u00e9pondre pr\u00e9sent<\/a>. Ce jeudi 28 ao\u00fbt, Eirik Horneland s\u2019est pr\u00e9sent\u00e9 face \u00e0 la presse et a confirm\u00e9 2 mauvaises nouvelles. \u00ab\u00a0Dennis Appiah et Ebenezer Annan seront out pour ce match contre Grenoble. Annan a un probl\u00e8me \u00e0 la cheville, il est absent pour le moment\u00a0\u00bb, a confirm\u00e9 l\u2019entra\u00eeneur des Verts, comme le rapporte <a href=\"https:\/\/www.envertetcontretous.fr\/articles\/-ligue-2-annan-et-appiah-out-5-semaines-des-incertitudes-a-l-asse-69936-1.html\" rel=\"nofollow noopener\" target=\"_blank\">EVECT<\/a>.<\/p>\n<p>Moueffek, N\u2019Guessan, Davitashvili et Bouchouari sont incertains<\/p>\n<p>Pour cette r\u00e9ception face \u00e0 Grenoble, l\u2019ASSE a aussi quelques incertains. \u00ab\u00a0A\u00efmen Moueffek n\u2019a pas particip\u00e9 \u00e0 tous les entrainements de la semaine, c\u2019est du 50\/50 pour lui. Il est incertain. A\u00efmen a re\u00e7u un coup \u00e0 la cheville en d\u00e9but de semaine, sur la premi\u00e8re s\u00e9ance, on l\u2019a m\u00e9nag\u00e9 depuis, on va le remettre sur le terrain demain pour voir comment \u00e7a va\u00a0\u00bb, a analys\u00e9 Eirik Horneland.<\/p>\n<p>\u00ab\u00a0Benjamin Bouchouari a juste recommenc\u00e9 la course. Djylian N\u2019Guessan poursuit aussi son protocole de reprise. Pour Appiah et Annan, ils sont out pour les quatre ou cinq prochaines semaines surement. Davitashvili est malade aujourd\u2019hui on verra s\u2019il peut reprendre demain\u00a0\u00bb, a conclu l\u2019entra\u00eeneur l\u2019ASSE. Reste \u00e0 savoir si ces incertains seront remis \u00e0 temps avant samedi.<\/p>\n","protected":false},"excerpt":{"rendered":"Avant ASSE \u2013 Grenoble, c\u2019est l\u2019h\u00e9catombe chez les Verts\u2026 L\u2019ASSE veut continuer sa s\u00e9rie ce samedi ! Leader,&hellip;\n","protected":false},"author":2,"featured_media":351090,"comment_status":"","ping_status":"","sticky":false,"template":"","format":"standard","meta":{"footnotes":""},"categories":[9566],"tags":[1111,11,2430,1777,674,1011,27,2731,12,25],"class_list":{"0":"post-351089","1":"post","2":"type-post","3":"status-publish","4":"format-standard","5":"has-post-thumbnail","7":"category-grenoble","8":"tag-actu","9":"tag-actualites","10":"tag-auvergne-rhone-alpes","11":"tag-eu","12":"tag-europe","13":"tag-fr","14":"tag-france","15":"tag-grenoble","16":"tag-news","17":"tag-republique-francaise"},"share_on_mastodon":{"url":"https:\/\/pubeurope.com\/@fr\/115109509465507649","error":""},"_links":{"self":[{"href":"https:\/\/www.europesays.com\/fr\/wp-json\/wp\/v2\/posts\/351089","targetHints":{"allow":["GET"]}}],"collection":[{"href":"https:\/\/www.europesays.com\/fr\/wp-json\/wp\/v2\/posts"}],"about":[{"href":"https:\/\/www.europesays.com\/fr\/wp-json\/wp\/v2\/types\/post"}],"author":[{"embeddable":true,"href":"https:\/\/www.europesays.com\/fr\/wp-json\/wp\/v2\/users\/2"}],"replies":[{"embeddable":true,"href":"https:\/\/www.europesays.com\/fr\/wp-json\/wp\/v2\/comments?post=351089"}],"version-history":[{"count":0,"href":"https:\/\/www.europesays.com\/fr\/wp-json\/wp\/v2\/posts\/351089\/revisions"}],"wp:featuredmedia":[{"embeddable":true,"href":"https:\/\/www.europesays.com\/fr\/wp-json\/wp\/v2\/media\/351090"}],"wp:attachment":[{"href":"https:\/\/www.europesays.com\/fr\/wp-json\/wp\/v2\/media?parent=351089"}],"wp:term":[{"taxonomy":"category","embeddable":true,"href":"https:\/\/www.europesays.com\/fr\/wp-json\/wp\/v2\/categories?post=351089"},{"taxonomy":"post_tag","embeddable":true,"href":"https:\/\/www.europesays.com\/fr\/wp-json\/wp\/v2\/tags?post=351089"}],"curies":[{"name":"wp","href":"https:\/\/api.w.org\/{rel}","templated":true}]}}