{"id":351091,"date":"2025-08-29T01:41:16","date_gmt":"2025-08-29T01:41:16","guid":{"rendered":"https:\/\/www.europesays.com\/fr\/351091\/"},"modified":"2025-08-29T01:41:16","modified_gmt":"2025-08-29T01:41:16","slug":"pres-de-rennes-le-ministre-inaugure-lhotel-des-polices-quid-des-renforts-sur-le-terrain-actu-fr","status":"publish","type":"post","link":"https:\/\/www.europesays.com\/fr\/351091\/","title":{"rendered":"Pr\u00e8s de Rennes, le ministre inaugure l&#039;h\u00f4tel des polices : quid des renforts sur le terrain ? &#8211; Actu.fr"},"content":{"rendered":"<ol>\n<li><a href=\"https:\/\/news.google.com\/rss\/articles\/CBMi7wFBVV95cUxQZklYSlBEaGU5OVowUElVWS1UOWtlYl84cE9EX2NRTWVSQ09QVW1mTmViUFQ3MV9OZ0J4WnlLUWFDb19fUGlUanRic01IVzl0eFRrNnQ3VHlBa3MyWGNyWGtpMkpBWWJBenVhMTUxTFlJMjBJNXY3Nkg5X2xvakhCWXFXUjRKRmJ6b1NQWkgyWFlZRmNINTdwVXNpTEp4cW1DUkRON1JKdVN5RnA3Y1NFWmtwT19rX29SN2FEdTM5djFfV01FME9QR3hXWjk4WC00WEQ2c3cwVlFMT1RVVEdjdlV5VFhWYzZvd0tZMEZmRQ?oc=5\" target=\"_blank\" rel=\"nofollow noopener\">Pr\u00e8s de Rennes, le ministre inaugure l&rsquo;h\u00f4tel des polices : quid des renforts sur le terrain ?<\/a>&nbsp;&nbsp;Actu.fr<\/li>\n<li><a href=\"https:\/\/news.google.com\/rss\/articles\/CBMi_gFBVV95cUxONXQtTkloaTBwd3hSN2drdkpRc0N4WnBxTHg0dXlzQm1GN1NZTUpWSjRpRzIyWENCc2oyOUw0aGlHaWZQWGhiMS1VS0V1ZU1qVVR5ZERsVi1ETy1UcDdmYWEzWnd5WlBvTGVwTnNmSEhJZUI5NENLLUYzUlcyZk5RZWVPeE5uaVZ4eTlIdmR4eVRaV1NJeGtOZVBkUnlNSGZfOHJpN3VvUERGb21RTUxnZXpsSWJfTzJhUVQ1OG4xV2Y5UlUxTVRnSWtwNUw3bThjV1FjWUlySDE2V1VEZndXRDVabVEyTFBRLWNsSHdETGQxOUQwMTN2Z2FvemJFUQ?oc=5\" target=\"_blank\" rel=\"nofollow noopener\">Au commissariat de Cesson-S\u00e9vign\u00e9, un ministre qui vient les mains vides, mais enthousiaste<\/a>&nbsp;&nbsp;Ouest-France<\/li>\n<li><a href=\"https:\/\/news.google.com\/rss\/articles\/CBMi4gFBVV95cUxNczFTdE9xOG5RWlpabC1TR1pTWFFXWE1RUXFDY3hTbGVsN2I4UHY0bzBWMFA4YzI5TVlzN3RNWVpoMGV4cUk1V0o4bTl5cU9JeHZHS0R4X19EQnMxdC1OVFp6NVE0TGZDeTkwRlBqb0Fndk54d3VaRnZ6Wlk2Z002V2VFM1FXMjNMWnpUZlVjYlF1bl9obFEtaDNQdG50Q2dMM1lOTkZYUTNFWWM4YW5WZGNHMGhhZmV5a3R0ZDREa1pBb0hBaHBmLUZxTFp4NGJXQWVmMlNqSy1BTmJibTlwZ0tB?oc=5\" target=\"_blank\" rel=\"nofollow noopener\">\u00c0 Cesson-S\u00e9vign\u00e9, l\u2019h\u00f4tel des polices inaugur\u00e9 et en attente d\u2019effectifs nationaux<\/a>&nbsp;&nbsp;Le T\u00e9l\u00e9gramme<\/li>\n<li><a href=\"https:\/\/news.google.com\/rss\/articles\/CBMijgFBVV95cUxOYnExNnFmNHh2bENNWnA5UXUwRTBWUk5qQlRfdWRTZjFHcGdKVnZoaGFoRFZFY0VodF9iZ2pUclZDa1RtUGppQ0YwUzBjdkhzd2Y3UFJ0ZU1wWFlWRUdPaHZudHBXRzZsbDJadHZkOFlhenFEbjRGN1dCNTVMY01QcnNhanNaUW9YMWpLZHpR?oc=5\" target=\"_blank\" rel=\"nofollow noopener\">PARIS : D\u00e9placement de Fran\u00e7ois &#8211; No\u00ebl Buffet en Ille-et-Vilaine<\/a>&nbsp;&nbsp;Presse Agence<\/li>\n<li><a href=\"https:\/\/news.google.com\/rss\/articles\/CBMi4gFBVV95cUxNNTdXQkVsNnJITUY3MjdRbnBvTm9ZZjY1ektFbTRVRkNZS2pmbll2aFdNVWVBUG1ZRTRBWHZLY1JUYzVja2NVTzhPbi1UdWNJRGJrSDZ3RUw1ek9EaGF5dklnN0p0NEdxZzA3NzFaU2RoR3RMZWwtSTRQeWtaWUlTRUFNWGdkaFdDdlEyNFE4V0poY0M1VDNqZGMwUXVtYm50RmprQ09sZVZwRE03VzNMNk9xcXp5RlBCTmU4b3dBN1ZmLTRuTVV1aUlmQVEwZEo0RGRGeTNLQ0F2TGp4WElvem13?oc=5\" target=\"_blank\" rel=\"nofollow noopener\">Le nouveau commissariat de Cesson-S\u00e9vign\u00e9 aura-t-il des moyens \u00e0 la hauteur des attentes<\/a>&nbsp;&nbsp;MaVille.com &#8211; Rennes<\/li>\n<\/ol>\n","protected":false},"excerpt":{"rendered":"Pr\u00e8s de Rennes, le ministre inaugure l&rsquo;h\u00f4tel des polices : quid des renforts sur le terrain ?&nbsp;&nbsp;Actu.fr Au&hellip;\n","protected":false},"author":2,"featured_media":351092,"comment_status":"","ping_status":"","sticky":false,"template":"","format":"standard","meta":{"footnotes":""},"categories":[2821],"tags":[1111,11,829,1777,674,1011,27,12,1072,584,25,104],"class_list":{"0":"post-351091","1":"post","2":"type-post","3":"status-publish","4":"format-standard","5":"has-post-thumbnail","7":"category-rennes","8":"tag-actu","9":"tag-actualites","10":"tag-bretagne","11":"tag-eu","12":"tag-europe","13":"tag-fr","14":"tag-france","15":"tag-news","16":"tag-police","17":"tag-rennes","18":"tag-republique-francaise","19":"tag-societe"},"share_on_mastodon":{"url":"https:\/\/pubeurope.com\/@fr\/115109513406786093","error":""},"_links":{"self":[{"href":"https:\/\/www.europesays.com\/fr\/wp-json\/wp\/v2\/posts\/351091","targetHints":{"allow":["GET"]}}],"collection":[{"href":"https:\/\/www.europesays.com\/fr\/wp-json\/wp\/v2\/posts"}],"about":[{"href":"https:\/\/www.europesays.com\/fr\/wp-json\/wp\/v2\/types\/post"}],"author":[{"embeddable":true,"href":"https:\/\/www.europesays.com\/fr\/wp-json\/wp\/v2\/users\/2"}],"replies":[{"embeddable":true,"href":"https:\/\/www.europesays.com\/fr\/wp-json\/wp\/v2\/comments?post=351091"}],"version-history":[{"count":0,"href":"https:\/\/www.europesays.com\/fr\/wp-json\/wp\/v2\/posts\/351091\/revisions"}],"wp:featuredmedia":[{"embeddable":true,"href":"https:\/\/www.europesays.com\/fr\/wp-json\/wp\/v2\/media\/351092"}],"wp:attachment":[{"href":"https:\/\/www.europesays.com\/fr\/wp-json\/wp\/v2\/media?parent=351091"}],"wp:term":[{"taxonomy":"category","embeddable":true,"href":"https:\/\/www.europesays.com\/fr\/wp-json\/wp\/v2\/categories?post=351091"},{"taxonomy":"post_tag","embeddable":true,"href":"https:\/\/www.europesays.com\/fr\/wp-json\/wp\/v2\/tags?post=351091"}],"curies":[{"name":"wp","href":"https:\/\/api.w.org\/{rel}","templated":true}]}}