{"id":351093,"date":"2025-08-29T01:42:24","date_gmt":"2025-08-29T01:42:24","guid":{"rendered":"https:\/\/www.europesays.com\/fr\/351093\/"},"modified":"2025-08-29T01:42:24","modified_gmt":"2025-08-29T01:42:24","slug":"rennes-accueille-son-nouveau-numero-9-france-stade-rennais","status":"publish","type":"post","link":"https:\/\/www.europesays.com\/fr\/351093\/","title":{"rendered":"Rennes accueille son nouveau num\u00e9ro 9 &#8211; France &#8211; Stade rennais"},"content":{"rendered":"<p>La t\u00eate sur Lepaul.<\/p>\n<p><a target=\"_blank\" href=\"https:\/\/www.sofoot.com\/breves\/accord-total-entre-esteban-lepaul-et-rennes-le-joueur-est-attendu-ce-jeudi\" rel=\"nofollow noopener\">Il \u00e9tait attendu sur les bords de la Vilaine<\/a>, il est arriv\u00e9 : <strong>Est\u00e9ban Lepaul s\u2019est engag\u00e9 jusqu\u2019en 2029 avec le Stade rennais<\/strong>, a officialis\u00e9 le club breton ce jeudi soir, entre <a target=\"_blank\" href=\"https:\/\/www.sofoot.com\/articles\/suivez-en-direct-le-tirage-au-sort-de-la-ligue-des-champions-pour-le-psg-lom-et-monaco\" rel=\"nofollow noopener\">le tirage au sort de la Ligue des champions<\/a> et <a target=\"_blank\" href=\"https:\/\/www.sofoot.com\/articles\/en-direct-brondby-strasbourg\" rel=\"nofollow noopener\">le coup de sifflet final du barrage de Strasbourg<\/a>. <strong>Un transfert estim\u00e9 \u00e0 un peu plus de 15 millions d\u2019euros, bonus compris<\/strong>, qui devrait faire du bien aux caisses du SCO.<\/p>\n<p>Il \u00e9tait pr\u00e9sent au Roazhon Park pour Rennes-OM<\/p>\n<p>Une sacr\u00e9e trajectoire pour celui qui portera le num\u00e9ro 9 dans son nouveau club et qui \u00e9tait encore \u00e0 \u00c9pinal, en N2, lors de la saison 2023-2024. Recrut\u00e9 pour presque rien par les dirigeants angevins, Lepaul a plant\u00e9 17 fois en 50 matchs avec Angers, dont un dernier contre le Paris FC en premi\u00e8re journ\u00e9e cette saison.<\/p>\n<p><strong>L\u2019attaquant, qui \u00e9tait pr\u00e9sent dans les tribunes du Roazhon Park <a target=\"_blank\" href=\"https:\/\/www.sofoot.com\/articles\/ligue-1-a-10-contre-11-rennes-douche-lom\" rel=\"nofollow noopener\">pour assister \u00e0 Rennes-OM<\/a><\/strong>, a expliqu\u00e9 avoir \u00ab\u202fle sentiment de passer un pas important dans ma carri\u00e8re. Je connais les id\u00e9es de jeu du coach et je pense que c\u2019est un projet dans lequel je peux m\u2019\u00e9panouir.\u202f\u00bb \u00ab\u00a0C\u2019est un profil atypique de par son parcours, mais il n\u2019y pas d\u2019\u00e2ge pour se r\u00e9v\u00e9ler, pose Lo\u00efc D\u00e9sir\u00e9 sur le site officiel du SRFC.\u00a0Lorsqu\u2019on le voit \u00e9voluer sur un terrain, on d\u00e9c\u00e8le tout de suite son instinct de buteur. C\u2019est un joueur g\u00e9n\u00e9reux qui a le sens du collectif et du placement. L\u2019objectif est bien \u00e9videmment de renforcer notre ligne d\u2019attaque et de profiter de sa dynamique actuelle pour atteindre nos objectifs.\u00a0\u00bb<\/p>\n<p>Bonus : il fera son retour \u00e0 Raymond-Kopa d\u00e8s dimanche\u2026 sous un autre maillot.<\/p>\n<p>\t\t\t\t\t\t\t\t\t\t<a class=\"lien-connexe\" href=\"https:\/\/www.sofoot.com\/breves\/rennes-om-et-nantes-psg-on-connait-les-affiches-de-la-premiere-journee-de-ligue-1\" rel=\"nofollow noopener\" target=\"_blank\">D\u00e9couvrez les affiches de la premi\u00e8re journ\u00e9e de Ligue 1<\/a>\t\t\t\t\t<\/p>\n","protected":false},"excerpt":{"rendered":"La t\u00eate sur Lepaul. Il \u00e9tait attendu sur les bords de la Vilaine, il est arriv\u00e9 : Est\u00e9ban&hellip;\n","protected":false},"author":2,"featured_media":351094,"comment_status":"","ping_status":"","sticky":false,"template":"","format":"standard","meta":{"footnotes":""},"categories":[2821],"tags":[1111,47,11,61,829,69,65,64,1777,674,63,1011,27,68,66,12,62,70,584,25,67],"class_list":{"0":"post-351093","1":"post","2":"type-post","3":"status-publish","4":"format-standard","5":"has-post-thumbnail","7":"category-rennes","8":"tag-actu","9":"tag-actualite","10":"tag-actualites","11":"tag-actus-football","12":"tag-bretagne","13":"tag-bundesliga","14":"tag-championnats-europeens","15":"tag-equipe-de-france","16":"tag-eu","17":"tag-europe","18":"tag-football","19":"tag-fr","20":"tag-france","21":"tag-ligua","22":"tag-ligue-1","23":"tag-news","24":"tag-news-foot","25":"tag-premier-league","26":"tag-rennes","27":"tag-republique-francaise","28":"tag-serie-a"},"share_on_mastodon":{"url":"https:\/\/pubeurope.com\/@fr\/115109517391853241","error":""},"_links":{"self":[{"href":"https:\/\/www.europesays.com\/fr\/wp-json\/wp\/v2\/posts\/351093","targetHints":{"allow":["GET"]}}],"collection":[{"href":"https:\/\/www.europesays.com\/fr\/wp-json\/wp\/v2\/posts"}],"about":[{"href":"https:\/\/www.europesays.com\/fr\/wp-json\/wp\/v2\/types\/post"}],"author":[{"embeddable":true,"href":"https:\/\/www.europesays.com\/fr\/wp-json\/wp\/v2\/users\/2"}],"replies":[{"embeddable":true,"href":"https:\/\/www.europesays.com\/fr\/wp-json\/wp\/v2\/comments?post=351093"}],"version-history":[{"count":0,"href":"https:\/\/www.europesays.com\/fr\/wp-json\/wp\/v2\/posts\/351093\/revisions"}],"wp:featuredmedia":[{"embeddable":true,"href":"https:\/\/www.europesays.com\/fr\/wp-json\/wp\/v2\/media\/351094"}],"wp:attachment":[{"href":"https:\/\/www.europesays.com\/fr\/wp-json\/wp\/v2\/media?parent=351093"}],"wp:term":[{"taxonomy":"category","embeddable":true,"href":"https:\/\/www.europesays.com\/fr\/wp-json\/wp\/v2\/categories?post=351093"},{"taxonomy":"post_tag","embeddable":true,"href":"https:\/\/www.europesays.com\/fr\/wp-json\/wp\/v2\/tags?post=351093"}],"curies":[{"name":"wp","href":"https:\/\/api.w.org\/{rel}","templated":true}]}}