{"id":351095,"date":"2025-08-29T01:43:10","date_gmt":"2025-08-29T01:43:10","guid":{"rendered":"https:\/\/www.europesays.com\/fr\/351095\/"},"modified":"2025-08-29T01:43:10","modified_gmt":"2025-08-29T01:43:10","slug":"pour-moi-cest-un-lieu-magique","status":"publish","type":"post","link":"https:\/\/www.europesays.com\/fr\/351095\/","title":{"rendered":"Pour moi, c&rsquo;est un lieu magique"},"content":{"rendered":"<p>            Par<br \/>\n        <strong><br \/>\n            <a href=\"https:\/\/actu.fr\/auteur\/ivan-capecchi\" title=\"Consulter tous les articles de Ivan CAPECCHI\" rel=\"nofollow noopener\" target=\"_blank\">Ivan CAPECCHI<\/a><br \/>\n        <\/strong><\/p>\n<p>        Publi\u00e9 le<\/p>\n<p>            28 ao\u00fbt 2025 \u00e0 19h07        <\/p>\n<p>Depuis 25 ans, Vincent, responsable technique de site (RTS), habite au sein de l\u2019<strong>\u00e9cole Schoepflin<\/strong>, \u00e0 <strong>Strasbourg<\/strong>. Ce jeudi, alors que <strong>les professeurs pr\u00e9parent la reprise<\/strong>, il a accept\u00e9 de nous ouvrir les grilles du portail pour d\u00e9voiler son quotidien.<\/p>\n<p>\u00ab\u00a0Je vis dans un super cadre\u00a0\u00bb<\/p>\n<p class=\" wall-content\">Son appartement de <strong>140 m\u00b2<\/strong>, situ\u00e9 au troisi\u00e8me \u00e9tage du b\u00e2timent, comprend un <strong>salon ouvert sur une cuisine<\/strong>, <strong>trois chambres<\/strong> et une <strong>grande salle de bain<\/strong>. Vincent y vit avec sa <strong>compagne<\/strong>, <strong>Laure<\/strong>, <strong>assistante maternelle dans la m\u00eame \u00e9cole<\/strong>, ainsi que les deux <a href=\"https:\/\/actu.fr\/tag\/enfants\" rel=\"nofollow noopener\" target=\"_blank\">enfants<\/a> de celle-ci.<\/p>\n<p class=\" wall-content\">\u00ab <strong>Je vis dans un super cadre<\/strong>, juste en face du tribunal, avec une tr\u00e8s belle vue. J\u2019ai l\u2019Ill \u00e0 c\u00f4t\u00e9, j\u2019entends les bateaux qui passent, les oiseaux parfois\u2026 \u00bb, glisse-t-il.<\/p>\n<p class=\" wall-content\">Cerise sur le g\u00e2teau : l\u2019homme de 55 ans <strong>ne paie pas de loyer<\/strong>. \u00ab C\u2019est un <strong>avantage financier indiscutable<\/strong>, m\u00eame si je r\u00e8gle les charges et les imp\u00f4ts \u00bb, pr\u00e9cise-t-il.<\/p>\n<p>Un m\u00e9tier sous-estim\u00e9<\/p>\n<p class=\" wall-content\">Ce <a href=\"https:\/\/actu.fr\/tag\/logement\" rel=\"nofollow noopener\" target=\"_blank\">logement<\/a>, Vincent l\u2019a int\u00e9gr\u00e9 le 1er septembre 2001. \u00c0 l\u2019\u00e9poque, la Ville cherchait un concierge pour entretenir l\u2019\u00e9cole. \u00ab On m\u2019avait dit qu\u2019il y avait un logement de fonction, mais \u00e7a n\u2019\u00e9tait pas mon premier crit\u00e8re de s\u00e9lection \u00bb, explique-t-il. L\u2019homme cherchait avant tout un nouveau<strong> d\u00e9fi professionnel<\/strong>.<\/p>\n<p class=\" wall-content\">\u00ab Les gens pensent qu\u2019\u00eatre concierge, \u00e7a se r\u00e9sume \u00e0 ouvrir et fermer l\u2019\u00e9cole. <strong>Mais c\u2019est seulement 5 % du travail<\/strong>, \u00e7a. C\u2019est un m\u00e9tier qu\u2019on sous-estime \u00bb, explique-t-il.<\/p>\n<p class=\" wall-content\">\u00catre RTS, c\u2019est en r\u00e9alit\u00e9 s\u2019occuper \u00ab de<strong> l\u2019entretien du b\u00e2timent<\/strong>, des r\u00e9parations \u00e9lectriques et sanitaires, <strong>manager les \u00e9quipes<\/strong> en charge du nettoyage, entretenir le gymnase\u2026 \u00bb. \u00ab Ce qui me pla\u00eet, <strong>c\u2019est le relationnel<\/strong>. Le contact avec les enseignants, les parents, mais aussi avec le p\u00e9riscolaire \u00bb, ajoute-t-il.<\/p>\n<p>Votre r\u00e9gion, votre actu !<\/p>\n<p>Recevez chaque jour les infos qui comptent pour vous.<\/p>\n<p>\t<a href=\"https:\/\/actu.fr\/newsletter\" class=\"ac-btn ac-btn--corner ac-btn--medium ac-btn--blue800\" rel=\"nofollow noopener\" target=\"_blank\">S&rsquo;incrire<\/a><\/p>\n<p class=\" wall-content\">Ses journ\u00e9es s\u2019\u00e9tendent de 6h \u00e0 19h. En dehors de son temps effectif de travail, il peut sortir mais<strong> doit rester joignable \u00e0 tout moment<\/strong>, en cas d\u2019urgence. \u00ab Le fait de vivre dans un logement de fonction <strong>permet de r\u00e9agir tr\u00e8s rapidement en cas d\u2019urgence<\/strong> \u00bb, souligne-t-il.<\/p>\n<blockquote class=\"tiktok-embed\" cite=\"https:\/\/www.tiktok.com\/@lorraine.actu\/video\/7543681819179224342\" data-video-id=\"7543681819179224342\" data-embed-from=\"oembed\" style=\"max-width:605px; min-width:325px;\"><p>\n<a target=\"_blank\" title=\"@lorraine.actu\" href=\"https:\/\/www.tiktok.com\/@lorraine.actu?refer=embed\" rel=\"nofollow noopener\">@lorraine.actu<\/a> <\/p>\n<p>Depuis 25 ans, Vincent, responsable technique de site, vit dans l\u2019\u00e9cole Schoepflin \u00e0 Strasbourg. Son logement de fonction de 140 m\u00b2, partag\u00e9 avec sa compagne et ses enfants, lui offre un cadre privil\u00e9gi\u00e9 au c\u0153ur de la ville. Mais derri\u00e8re l\u2019image du \u00ab concierge \u00bb, son m\u00e9tier recouvre bien plus qu\u2019ouvrir et fermer les portes : entretien du b\u00e2timent, r\u00e9parations, gestion des \u00e9quipes de nettoyage, suivi du gymnase. Ses journ\u00e9es s\u2019\u00e9tirent de 6 h \u00e0 19 h, toujours joignable en cas d\u2019urgence. Pour lui, habiter sur place est un atout, m\u00eame si le travail reste intense, surtout pendant les vacances. Entre souvenirs marquants \u2014 confinement seul dans l\u2019\u00e9cole, passage du cort\u00e8ge d\u2019Obama, tournage d\u2019un film \u2014 et les g\u00e9n\u00e9rations d\u2019\u00e9l\u00e8ves qu\u2019il a vues grandir, Vincent sourit : \u00ab Moi, j\u2019ai trouv\u00e9 un travail qui me pla\u00eet, dans un cadre idyllique. \u00bb<\/p>\n<p> <a target=\"_blank\" title=\"\u266c son original - Lorraine Actu\" href=\"https:\/\/www.tiktok.com\/music\/son-original-7543681811835095830?refer=embed\" rel=\"nofollow noopener\">\u266c son original \u2013 Lorraine Actu<\/a> <\/p>\n<\/blockquote>\n<p>Souvenirs marquants<\/p>\n<p class=\" wall-content\">Avec le temps, Vincent <strong>conna\u00eet l\u2019\u00e9cole \u00ab comme sa poche \u00bb<\/strong>. \u00ab <strong>Pour moi, c\u2019est un lieu magique<\/strong> \u00bb, raconte-t-il, des \u00e9toiles dans les yeux.<\/p>\n<p class=\" wall-content\">Certains souvenirs l\u2019ont marqu\u00e9 : \u00ab Pendant le <a href=\"https:\/\/actu.fr\/coronavirus\" rel=\"nofollow noopener\" target=\"_blank\">Covid<\/a>, l\u2019\u00e9cole a ferm\u00e9 pendant un mois.<strong> J\u2019ai v\u00e9cu seul dans l\u2019\u00e9cole<\/strong>, \u00e0 faire mes petits <a href=\"https:\/\/actu.fr\/tag\/travaux\" rel=\"nofollow noopener\" target=\"_blank\">travaux<\/a>. C\u2019\u00e9tait vraiment <strong>bizarre<\/strong>. Il n\u2019y avait pas un enfant, <strong>pas un bruit<\/strong>. J\u2019avais l\u2019impression que ce qu\u2019il se passait <strong>n\u2019\u00e9tait pas r\u00e9el<\/strong>. \u00bb<\/p>\n<p class=\" wall-content\">Il se souvient aussi avoir vu <strong>passer le cort\u00e8ge de Barack Obama lors du G7<\/strong> ou encore du tournage du film Blackout, avec <a href=\"https:\/\/actu.fr\/tag\/florent-pagny\" rel=\"nofollow noopener\" target=\"_blank\">Florent Pagny<\/a>, dans le gymnase de l\u2019\u00e9cole.<\/p>\n<p>Une vie au rythme des enfants<\/p>\n<p class=\" wall-content\">Mais ce qu\u2019il retient surtout, <strong>ce sont les g\u00e9n\u00e9rations d\u2019\u00e9l\u00e8ves qu\u2019il a vues grandir<\/strong>. \u00ab<strong> Les enfants, c\u2019est g\u00e9nial<\/strong> \u00bb, dit-il dans un grand sourire. \u00ab Parfois, je croise d\u2019anciens \u00e9l\u00e8ves qui ont maintenant 25-26 ans. Ils me disent : \u201cAh, M. Battaglia, comment \u00e7a va ?!\u201d Et moi je ne les reconnais m\u00eame pas ! (rires) \u00bb<\/p>\n<blockquote class=\"ac-article-quote wall-content\">\n<p>Les enfants sont adorables, ils me disent bonjour, parfois ils baissent un peu les yeux \u00e0 mon passage car ils savent qu\u2019ils ne doivent pas faire de b\u00eatises quand je suis l\u00e0\u2026 <\/p>\n<p>    <strong>Vincent<\/strong><br \/>\n        Responsable technique de site    <\/p><\/blockquote>\n<p class=\" wall-content\"><strong>Ses propres enfants ont aussi \u00e9t\u00e9 scolaris\u00e9s \u00e0 Schoepflin<\/strong>. \u00ab Quand je voyais ma fille dans une classe,<strong> je lui faisais un coucou discret depuis l\u2019ext\u00e9rieur<\/strong> \u00bb, se rappelle-t-il avec \u00e9motion.<\/p>\n<p>Un \u00e9quilibre trouv\u00e9<\/p>\n<p class=\" wall-content\">Aujourd\u2019hui encore, certains lui disent qu\u2019il a \u00ab trouv\u00e9 la planque \u00bb. Vincent sourit. \u00ab Ils me disent : \u2018Tu dois \u00eatre tranquille, tu dois passer tout ton temps chez toi\u2019. Ils pensent aussi qu\u2019on ne fait rien pendant les vacances, <strong>alors que c\u2019est l\u00e0 qu\u2019on bosse vraiment beaucoup<\/strong>\u2018\u00a0\u00bb, confie-t-il.\u00a0<\/p>\n<p class=\" wall-content\">Et de conclure : \u00ab <strong>Moi, j\u2019ai trouv\u00e9 un travail qui me pla\u00eet, dans un cadre idyllique<\/strong>. \u00bb<\/p>\n<p class=\" wall-content\">Personnalisez votre actualit\u00e9 en ajoutant vos villes et m\u00e9dias en favori avec <a href=\"https:\/\/moncompte.actu.fr\" title=\"D\u00e9couvez Mon Actu\" rel=\"nofollow noopener\" data-trk=\"{&quot;cta&quot;:{&quot;action&quot;:&quot;https:\\\/\\\/moncompte.actu.fr&quot;,&quot;category&quot;:&quot;mon compte&quot;,&quot;from&quot;:&quot;article footer&quot;,&quot;name&quot;:&quot;Mon actu&quot;,&quot;type&quot;:&quot;cta&quot;}}\" target=\"_blank\">Mon Actu<\/a>.<\/p>\n<p>                    <script async src=\"\/\/www.tiktok.com\/embed.js\"><\/script><\/p>\n","protected":false},"excerpt":{"rendered":"Par Ivan CAPECCHI Publi\u00e9 le 28 ao\u00fbt 2025 \u00e0 19h07 Depuis 25 ans, Vincent, responsable technique de site&hellip;\n","protected":false},"author":2,"featured_media":351096,"comment_status":"","ping_status":"","sticky":false,"template":"","format":"standard","meta":{"footnotes":""},"categories":[2820],"tags":[1111,11,1719,1777,674,1011,27,775,1908,12,25,104,640],"class_list":{"0":"post-351095","1":"post","2":"type-post","3":"status-publish","4":"format-standard","5":"has-post-thumbnail","7":"category-strasbourg","8":"tag-actu","9":"tag-actualites","10":"tag-enfants","11":"tag-eu","12":"tag-europe","13":"tag-fr","14":"tag-france","15":"tag-grand-est","16":"tag-logement","17":"tag-news","18":"tag-republique-francaise","19":"tag-societe","20":"tag-strasbourg"},"share_on_mastodon":{"url":"https:\/\/pubeurope.com\/@fr\/115109521243008727","error":""},"_links":{"self":[{"href":"https:\/\/www.europesays.com\/fr\/wp-json\/wp\/v2\/posts\/351095","targetHints":{"allow":["GET"]}}],"collection":[{"href":"https:\/\/www.europesays.com\/fr\/wp-json\/wp\/v2\/posts"}],"about":[{"href":"https:\/\/www.europesays.com\/fr\/wp-json\/wp\/v2\/types\/post"}],"author":[{"embeddable":true,"href":"https:\/\/www.europesays.com\/fr\/wp-json\/wp\/v2\/users\/2"}],"replies":[{"embeddable":true,"href":"https:\/\/www.europesays.com\/fr\/wp-json\/wp\/v2\/comments?post=351095"}],"version-history":[{"count":0,"href":"https:\/\/www.europesays.com\/fr\/wp-json\/wp\/v2\/posts\/351095\/revisions"}],"wp:featuredmedia":[{"embeddable":true,"href":"https:\/\/www.europesays.com\/fr\/wp-json\/wp\/v2\/media\/351096"}],"wp:attachment":[{"href":"https:\/\/www.europesays.com\/fr\/wp-json\/wp\/v2\/media?parent=351095"}],"wp:term":[{"taxonomy":"category","embeddable":true,"href":"https:\/\/www.europesays.com\/fr\/wp-json\/wp\/v2\/categories?post=351095"},{"taxonomy":"post_tag","embeddable":true,"href":"https:\/\/www.europesays.com\/fr\/wp-json\/wp\/v2\/tags?post=351095"}],"curies":[{"name":"wp","href":"https:\/\/api.w.org\/{rel}","templated":true}]}}