{"id":351101,"date":"2025-08-29T01:46:12","date_gmt":"2025-08-29T01:46:12","guid":{"rendered":"https:\/\/www.europesays.com\/fr\/351101\/"},"modified":"2025-08-29T01:46:12","modified_gmt":"2025-08-29T01:46:12","slug":"le-theatre-de-lalphabet-a-nice-vous-promet-une-annee-super-rigolote","status":"publish","type":"post","link":"https:\/\/www.europesays.com\/fr\/351101\/","title":{"rendered":"Le Th\u00e9\u00e2tre de l&rsquo;Alphabet \u00e0 Nice vous promet une ann\u00e9e super rigolote\u00a0!"},"content":{"rendered":"<p>   <img decoding=\"async\" src=\"https:\/\/www.europesays.com\/fr\/wp-content\/uploads\/2025\/08\/1756431972_844_1200x680\" alt=\"illustration agrandir l'image\" style=\"--_image-preview:url('data:image\/jpeg;base64,\/9j\/2wBDACgcHiMeGSgjISMtKygwPGRBPDc3PHtYXUlkkYCZlo+AjIqgtObDoKrarYqMyP\/L2u71\/\/\/\/m8H\/\/\/\/6\/+b9\/\/j\/2wBDASstLTw1PHZBQXb4pYyl+Pj4+Pj4+Pj4+Pj4+Pj4+Pj4+Pj4+Pj4+Pj4+Pj4+Pj4+Pj4+Pj4+Pj4+Pj4+Pj4+Pj\/wAARCAAqACoDASIAAhEBAxEB\/8QAGQABAQEBAQEAAAAAAAAAAAAAAgEAAwQF\/8QAGBABAQEBAQAAAAAAAAAAAAAAABEBAhL\/xAAVAQEBAAAAAAAAAAAAAAAAAAAAAf\/EABURAQEAAAAAAAAAAAAAAAAAAAAR\/9oADAMBAAIRAxEAPwD5EWH5aLVCNDjeUHND3EgPRvIx16BFSNFUHPcGOujALehqIBVaCgVZFQf\/2Q==');\" loading=\"eager\" fetchpriority=\"high\" aria-hidden=\"true\" class=\"svelte-1pnmlwx rounded\" onload=\"this.__e=event\" onerror=\"this.__e=event\"\/> Riez dans les spectacles du Th\u00e9\u00e2tre de l&rsquo;Alphabet !    <\/p>\n<p class=\"g-ici-body-regular-3 info svelte-1a514ib\">Diffus\u00e9 le jeudi 28 ao\u00fbt 2025 \u00e0 18:14 <\/p>\n<p class=\"g-ici-body-regular-3 info svelte-1a514ib\">Publi\u00e9 le jeudi 28 ao\u00fbt 2025 \u00e0 18:14 <\/p>\n<p class=\"g-ici-body-bold-1 standFirst svelte-g22axr\">Satire de la t\u00e9l\u00e9 et de Laurent Baffie, voyage pour les tout-petits pour sensibiliser \u00e0 l&rsquo;environnement et plus encore&#8230; le Th\u00e9\u00e2tre de l\u2019Alphabet \u00e0 Nice revient pour une nouvelle saison excitante. S\u00e9bastien Morena est l&rsquo;invit\u00e9 d&rsquo;Ici Azur.<\/p>\n<p> \u00ab\u00a0Sexe, magouilles et culture g\u00e9n\u00e9rale\u00a0\u00bb : une com\u00e9die piquante sign\u00e9e Laurent Baffie<\/p>\n<p>Dans cette <strong>farce d\u00e9lirante<\/strong>, le producteur d\u2019un jeu t\u00e9l\u00e9vis\u00e9 en perte de vitesse est pr\u00eat \u00e0 tout pour remonter l\u2019audience, quitte \u00e0 manipuler le jeu et y introduire une candidate sexy \u00e0 la place de l\u2019ind\u00e9tr\u00f4nable Paulette. Une <strong>satire hilarante du monde des m\u00e9dias.<\/strong><\/p>\n<p>\u00ab\u00a0Mon petit poisson sauve l&rsquo;oc\u00e9an\u00a0\u00bb : une bulle de douceur pour les tout-petits<\/p>\n<p>D\u00e8s l&rsquo;\u00e2ge de 9 mois, <strong>les enfants d\u00e9couvrent un univers marin enchant\u00e9<\/strong>, peupl\u00e9 d\u2019animaux color\u00e9s. <strong>Ce<\/strong>\u00a0<strong>spectacle de 30 minutes sensibilise avec tendresse \u00e0 la protection de l\u2019environnement.<\/strong><\/p>\n<ul class=\"SocialNetworks svelte-bt5901\">\n<li class=\"svelte-bt5901\"><\/li>\n<li class=\"svelte-bt5901\"><\/li>\n<li class=\"svelte-bt5901\"><\/li>\n<li class=\"svelte-bt5901\"><\/li>\n<li class=\"svelte-bt5901\"><\/li>\n<\/ul>\n<p class=\"g-ici-body-regular-3 description svelte-1vha4t1\">Tous les vendredis, recevez le meilleur de la semaine d\u2019ici Azur\u00a0: certifi\u00e9 100% local\u00a0!<\/p>\n<p>En cliquant sur \u00ab\u00a0S\u2019abonner\u00a0\u00bb, j&rsquo;accepte que les donn\u00e9es recueillies par<br \/>\n        Radio France soient destin\u00e9es \u00e0 l&rsquo;envoi par courrier \u00e9lectronique de<br \/>\n        contenus et d&rsquo;informations relatifs aux programmes. Plus d&rsquo;informations.<\/p>\n<p>Les \u00e9pisodes de l\u2019\u00e9mission\u00a0: Les Azur\u00e9ens qui donnent envie de sortir<\/p>\n<p class=\"IciLink ici-link disabled title no-color g-ici-title-5 svelte-lu7k6w\">Les azur\u00e9ens qui donnent envie de sortir<\/p>\n<p class=\"IciLink ici-link disabled title no-color g-ici-title-5 svelte-lu7k6w\">Oph\u00e9lie Winter, Shy&rsquo;m, Fatal Bazooka&#8230; Tous vos artistes pr\u00e9f\u00e9r\u00e9s des ann\u00e9es 2000 vont enflammer la Kermesse Festival \u00e0 Nice du 4 au 6 juillet 2025 !<\/p>\n<p>Sur le m\u00eame th\u00e8me<\/p>\n<ul slot=\"container\" class=\"content svelte-bu824\">\n<li class=\"IciCard  standard svelte-19qbux1\">\n<p class=\"standfirst g-ici-body-regular-2 svelte-19qbux1\">Humour, magie et th\u00e9\u00e2tre classique\u00a0: le Th\u00e9\u00e2tre de l&rsquo;Alphabet \u00e0 Nice propose un programme riche et vari\u00e9 ce week-end. D\u00e9couvrez \u00ab\u00a0L&rsquo;Homme \u00e0 la guitare\u00a0\u00bb, un one-man-show interactif, et d&rsquo;autres spectacles captivants pour tous les \u00e2ges.<\/p>\n<\/li>\n<li class=\"IciCard  standard svelte-19qbux1\">\n<p class=\"standfirst g-ici-body-regular-2 svelte-19qbux1\">C\u2019est la belle histoire et aujourd\u2019hui on pr\u00e9sente le parcours hors du commun de l\u2019humoriste talentueuse Nadia Roz qui revient \u00e0 Nice, une ville ch\u00e8re \u00e0 son c\u0153ur\u00a0!<\/p>\n<\/li>\n<li class=\"IciCard  standard svelte-19qbux1\">\n<p class=\"standfirst g-ici-body-regular-2 svelte-19qbux1\">Il \u00e9tait le pr\u00eatre de la basilique de Nice au moment de l&rsquo;attentat, en octobre 2020. Il l&rsquo;est toujours aujourd&rsquo;hui\u00a0: le p\u00e8re Franklin Parmentier \u00e9tait invit\u00e9 de \u00ab\u00a0ici Azur\u00a0\u00bb ce jeudi matin. <\/p>\n<\/li>\n<li class=\"IciCard  standard svelte-19qbux1\">\n<p class=\"standfirst g-ici-body-regular-2 svelte-19qbux1\">Le maire de Saint-Laurent-du-Var \u00e9tait l&rsquo;invit\u00e9 de ici Azur ce mercredi. <\/p>\n<\/li>\n<\/ul>\n","protected":false},"excerpt":{"rendered":"Riez dans les spectacles du Th\u00e9\u00e2tre de l&rsquo;Alphabet ! Diffus\u00e9 le jeudi 28 ao\u00fbt 2025 \u00e0 18:14 Publi\u00e9&hellip;\n","protected":false},"author":2,"featured_media":351102,"comment_status":"","ping_status":"","sticky":false,"template":"","format":"standard","meta":{"footnotes":""},"categories":[2819],"tags":[1111,11,1777,674,1011,27,12,2401,882,25],"class_list":{"0":"post-351101","1":"post","2":"type-post","3":"status-publish","4":"format-standard","5":"has-post-thumbnail","7":"category-nice","8":"tag-actu","9":"tag-actualites","10":"tag-eu","11":"tag-europe","12":"tag-fr","13":"tag-france","14":"tag-news","15":"tag-nice","16":"tag-provence-alpes-cote-dazur","17":"tag-republique-francaise"},"share_on_mastodon":{"url":"https:\/\/pubeurope.com\/@fr\/115109533603788710","error":""},"_links":{"self":[{"href":"https:\/\/www.europesays.com\/fr\/wp-json\/wp\/v2\/posts\/351101","targetHints":{"allow":["GET"]}}],"collection":[{"href":"https:\/\/www.europesays.com\/fr\/wp-json\/wp\/v2\/posts"}],"about":[{"href":"https:\/\/www.europesays.com\/fr\/wp-json\/wp\/v2\/types\/post"}],"author":[{"embeddable":true,"href":"https:\/\/www.europesays.com\/fr\/wp-json\/wp\/v2\/users\/2"}],"replies":[{"embeddable":true,"href":"https:\/\/www.europesays.com\/fr\/wp-json\/wp\/v2\/comments?post=351101"}],"version-history":[{"count":0,"href":"https:\/\/www.europesays.com\/fr\/wp-json\/wp\/v2\/posts\/351101\/revisions"}],"wp:featuredmedia":[{"embeddable":true,"href":"https:\/\/www.europesays.com\/fr\/wp-json\/wp\/v2\/media\/351102"}],"wp:attachment":[{"href":"https:\/\/www.europesays.com\/fr\/wp-json\/wp\/v2\/media?parent=351101"}],"wp:term":[{"taxonomy":"category","embeddable":true,"href":"https:\/\/www.europesays.com\/fr\/wp-json\/wp\/v2\/categories?post=351101"},{"taxonomy":"post_tag","embeddable":true,"href":"https:\/\/www.europesays.com\/fr\/wp-json\/wp\/v2\/tags?post=351101"}],"curies":[{"name":"wp","href":"https:\/\/api.w.org\/{rel}","templated":true}]}}