{"id":351103,"date":"2025-08-29T01:47:17","date_gmt":"2025-08-29T01:47:17","guid":{"rendered":"https:\/\/www.europesays.com\/fr\/351103\/"},"modified":"2025-08-29T01:47:17","modified_gmt":"2025-08-29T01:47:17","slug":"le-terrain-de-basket-de-proce-est-trop-vetuste-un-collectif-interpelle-la-ville","status":"publish","type":"post","link":"https:\/\/www.europesays.com\/fr\/351103\/","title":{"rendered":"le terrain de basket de Proc\u00e9 est trop v\u00e9tuste, un collectif interpelle la Ville"},"content":{"rendered":"<p>            Par<br \/>\n        <strong><br \/>\n            <a href=\"https:\/\/actu.fr\/auteur\/thomas-bernard\" title=\"Consulter tous les articles de Thomas Bernard\" rel=\"nofollow noopener\" target=\"_blank\">Thomas Bernard<\/a><br \/>\n        <\/strong><\/p>\n<p>        Publi\u00e9 le<\/p>\n<p>            28 ao\u00fbt 2025 \u00e0 17h51        <\/p>\n<p>Sous un soleil estival, la balle orange rebondit sur le bitume \u00e0 quelques m\u00e8tres <strong>du parc de Proc\u00e9 de Nantes<\/strong>. Au rythme de sons am\u00e9ricains, diffus\u00e9s sur une enceinte, une vingtaine de personnes se d\u00e9fient sur le terrain de basket du parc lig\u00e9rien.<\/p>\n<p class=\" wall-content\">Depuis juin dernier, des passionn\u00e9s du sport invent\u00e9 par James Naismith, habitu\u00e9s <a href=\"https:\/\/actu.fr\/pays-de-la-loire\/nantes_44109\/ete-a-nantes-les-enfants-sont-accros-au-babybob-l-attraction-mythique-du-parc-de-proce_52705480.html\" rel=\"nofollow noopener\" target=\"_blank\">du parc de Proc\u00e9<\/a>, d\u00e9cident de cr\u00e9er <a href=\"https:\/\/www.instagram.com\/playground_proce\/\" rel=\"nofollow noopener\" target=\"_blank\">Playground Proc\u00e9<\/a>, un compte Instagram et Tik Tok o\u00f9 les meilleures photos et vid\u00e9os des rencontres amicales sont partag\u00e9es. Un compte chapot\u00e9 par Benoit Fouchault, basketteur depuis 20\u00a0ans.<\/p>\n<p class=\" wall-content\">Chaque semaine, la communaut\u00e9 se r\u00e9unit \u00e0 Proc\u00e9 mais aujourd\u2019hui <strong>les infrastructures ne sont plus \u00e0 la hauteur des attentes des pratiquants<\/strong>. Le collectif a lanc\u00e9 <a href=\"https:\/\/www.leslignesbougent.org\/petitions\/renovation-du-terrain-de-basket-du-parc-de-proce-playgroundproce-21996\/\" rel=\"nofollow noopener\" target=\"_blank\">une p\u00e9tition pour porter un projet de r\u00e9novation du terrain<\/a> de basket tout en interpellant la municipalit\u00e9. Explications.<\/p>\n<p>Bitume, fissures, lignes effac\u00e9es<\/p>\n<p class=\" wall-content\">Un joueur, v\u00eatu d\u2019un maillot des Toronto Raptors (\u00e9poque de Vince Carter pour les initi\u00e9s) attaque le cercle pour inscrire le panier de la victoire. \u00c0 Proc\u00e9, les basketteurs se retrouvent pour disputer des \u00ab\u2009pick-up games\u2009\u00bb (en trois contre trois) en douze points gagnants et ce malgr\u00e9 un terrain v\u00e9tuste.<\/p>\n<p class=\" wall-content\">\u00ab\u2009\u00c0 cause du sol, on use une paire de chaussures en une semaine, les planches sont petites et il n\u2019y a pas de filet aux paniers\u2009\u00bb, \u00e9num\u00e8re Benoit Fouchault. Comme l\u2019a constat\u00e9 <a href=\"https:\/\/actu.fr\/nantes\/\" rel=\"nofollow noopener\" target=\"_blank\">actu Nantes<\/a> sur place, des fissures d\u00e9forment le bitume et les lignes du terrain s\u2019effacent.<\/p>\n<p class=\" wall-content\">\u00c0 l\u2019heure o\u00f9 nous \u00e9crivons ces lignes, la p\u00e9tition du collectif a r\u00e9colt\u00e9 plus de 750 signatures. Le 19\u00a0ao\u00fbt, en compl\u00e9ment de la p\u00e9tition, Benoit a publi\u00e9 une vid\u00e9o sur les r\u00e9seaux sociaux (14\u2009000 likes) pour interpeller les \u00e9lus et les passionn\u00e9s de leur sport favori.<\/p>\n<p>Votre r\u00e9gion, votre actu !<\/p>\n<p>Recevez chaque jour les infos qui comptent pour vous.<\/p>\n<p>\t<a href=\"https:\/\/actu.fr\/newsletter\" class=\"ac-btn ac-btn--corner ac-btn--medium ac-btn--blue800\" rel=\"nofollow noopener\" target=\"_blank\">S&rsquo;incrire<\/a><\/p>\n<p class=\" wall-content\"><a href=\"https:\/\/www.instagram.com\/p\/DNisCgWMxbF\/embed\" title=\"Ouvrir le lien sur Instagram\" rel=\"nofollow noopener\" target=\"_blank\">Visualiser le contenu sur Instagram<\/a><\/p>\n<p class=\" wall-content\">Une d\u00e9marche soutenue par des grands noms du basket fran\u00e7ais comme Ronny Turiaf mais aussi des artistes, qui ont sollicit\u00e9 le collectif pour r\u00e9nover le sol et faire le design. Les basketteurs de Proc\u00e9 ont <strong>\u00e9galement re\u00e7u le soutien du comit\u00e9 d\u00e9partemental de la Ligue de basket des Pays de la Loire<\/strong>.<\/p>\n<p>Un projet collectif<\/p>\n<p class=\" wall-content\">\u00ab\u2009\u00c0 Proc\u00e9, on a un \u00e9crin magnifique pour avoir le lieu parfait. Il n\u2019y a pas d\u2019autres playground \u00e0 Nantes hormis celui de la Caisse d\u2019\u00c9pargne (terrain de basket 3\u00d73 \u00e0 Orvault, N.D.L.R) mais celui-ci n\u2019a qu\u2019un panier\u2009\u00bb, regrette le licenci\u00e9 \u00e0 l\u2019association du Nantes Basket Hermine.<\/p>\n<p class=\" wall-content\">Benoit a dessin\u00e9 des terrains qui pourraient \u00eatre r\u00e9alis\u00e9s \u00e0 l\u2019avenir, notamment des terrains au design vert pour faire \u00e9cho au cadre naturel du parc nantais. \u00ab\u2009Le design contribue \u00e0 l\u2019inclusivit\u00e9, <strong>nous voulons aussi attirer un public f\u00e9minin\u2009\u00bb<\/strong>, ajoute le basketteur. Benoit souhaite construire le projet avec les \u00e9lus.<\/p>\n<blockquote class=\"ac-article-quote wall-content\">\n<p>La vid\u00e9o a pour but d&#8217;emmener les \u00e9lus dans notre projet. Je ne veux pas \u00eatre en opposition avec eux. Il y aura des contraintes. Il faut essayer de faire la meilleure chose avec les grands points qui seront pos\u00e9s.<\/p>\n<p>    <strong>Benoit Fouchault<\/strong><br \/>\n        Playground Proc\u00e9    <\/p><\/blockquote>\n<p class=\" wall-content\">Pour le budget, le collectif s\u2019est renseign\u00e9 aupr\u00e8s d\u2019une association pr\u00e9sid\u00e9e par <a href=\"https:\/\/actu.fr\/pays-de-la-loire\/challans_85047\/george-eddy-voix-du-basket-en-france-confie-ses-souvenirs-en-vendee_62340175.html\" rel=\"nofollow noopener\" target=\"_blank\">Georges Eddy<\/a>, c\u00e9l\u00e8bre commentateur de basket de Canal+, qui aide \u00e0 la r\u00e9novation des terrains de basket en France. L\u2019enveloppe pour la r\u00e9novation <strong>d\u2019un panier est estim\u00e9e \u00e0 2000 euros, <\/strong>tandis que pour le sol le montant est<strong> compris entre 30\u2009000\u00a0et 50\u2009000 euros<\/strong>.<\/p>\n<p><a class=\"jo-module-caroussel__img-container\" href=\"https:\/\/static.actu.fr\/uploads\/2025\/08\/benoit-terrain-proce-nantes.jpeg\" title=\"Agrandir la photo Benoit Fouchault est l\u2019un des membres du collectif Playground Proc\u00e9.  (\u00a9 Thomas Bernard \/ actu Nantes)\" data-idx=\"1\" rel=\"nofollow noopener\" target=\"_blank\"><br \/>\n    <img decoding=\"async\" class=\"jo-module-caroussel__img\" loading=\"lazy\" src=\"https:\/\/www.europesays.com\/fr\/wp-content\/uploads\/2025\/08\/benoit-terrain-proce-nantes-640x427.jpeg\" alt=\"Benoit Fouchault est l\u2019un des membres du collectif Playground Proc\u00e9.  (\u00a9 Thomas Bernard \/ actu Nantes)\" width=\"640\" height=\"427\"\/><\/a><a class=\"jo-module-caroussel__img-container\" href=\"https:\/\/static.actu.fr\/uploads\/2025\/08\/terrain-de-basket-proce.jpeg\" title=\"Agrandir la photo Avec sa cam\u00e9ra, Benoit capte les images des rencontres disput\u00e9es \u00e0 Proc\u00e9 avant de les diffuser sur les r\u00e9seaux sociaux. (\u00a9 Thomas Bernard \/ actu Nantes)\" data-idx=\"2\" rel=\"nofollow noopener\" target=\"_blank\"><br \/>\n    <img decoding=\"async\" class=\"jo-module-caroussel__img\" loading=\"lazy\" src=\"https:\/\/www.europesays.com\/fr\/wp-content\/uploads\/2025\/08\/terrain-de-basket-proce-640x427.jpeg\" alt=\"Avec sa cam\u00e9ra, Benoit capte les images des rencontres disput\u00e9es \u00e0 Proc\u00e9 avant de les diffuser sur les r\u00e9seaux sociaux. (\u00a9 Thomas Bernard \/ actu Nantes)\" width=\"640\" height=\"427\"\/><\/a>Un lieu de vie interg\u00e9n\u00e9rationnel<\/p>\n<p class=\" wall-content\">Entre deux oppositions, les basketteurs du Playground Proc\u00e9 aiment refaire le match tout en se chambrant avec le sourire. \u00ab\u2009On a des anciens pros, des internationaux de basket 3\u00d73, des gars de Nationale, des d\u00e9butants ou des gens qui ne jouent pas en club. Tout le monde peut jouer ensemble, c\u2019est passionnant de se confronter\u2009\u00bb, d\u00e9crit Benoit.<\/p>\n<p class=\" wall-content\">Petits et grands se c\u00f4toient \u00e0 Proc\u00e9. \u00c0 c\u00f4t\u00e9 des matchs de 3\u00d73, de jeunes basketteurs manient la balle orange pour progresser et am\u00e9liorer leur shoot. Du c\u00f4t\u00e9 des spectateurs, des retrait\u00e9s appr\u00e9cient le spectacle et se souviennent de leurs parties endiabl\u00e9es sur le terrain.<\/p>\n<p class=\" wall-content\">\u00ab\u2009Le lieu est propice \u00e0 avoir du beau jeu. C\u2019est le c\u0153ur de Nantes\u2009\u00bb, confie un spectateur * crois\u00e9 aux abords du terrain. Un point de vue partag\u00e9 par Benoit et dont une r\u00e9novation pourrait b\u00e9n\u00e9ficier \u00e0 tous les Nantais.<\/p>\n<blockquote class=\"ac-article-quote wall-content\">\n<p>L&rsquo;\u00e9crin est propice \u00e0 avoir un lieu vraiment parfait pour les basketteurs mais il y a peut-\u00eatre d&rsquo;autres choses qui peuvent \u00eatre faites. La r\u00e9novation du terrain pourrait servir aussi aux scolaires comme refaire la piste d&rsquo;athl\u00e9tisme. Il y a plein de choses qui peuvent \u00eatre faites pour que ce soit aussi rentable pour la Ville. Ce sont des projets sur 30 ans. Il y a toutes les g\u00e9n\u00e9rations qui peuvent se retrouver ici. Je pense que c&rsquo;est le moment de le faire. Nous voulons la r\u00e9novation du terrain pour : le sport, la mixit\u00e9 sociale, l&rsquo;inclusion, la jeunesse et la sant\u00e9.<\/p>\n<p>    <strong>Benoit Fouchault<\/strong><br \/>\n        Playground Proc\u00e9    <\/p><\/blockquote>\n<p class=\" wall-content\">\u00c0 la veille <a href=\"https:\/\/actu.fr\/tag\/municipales-2026\" rel=\"nofollow noopener\" target=\"_blank\">des \u00e9lections municipales 2026<\/a>, le collectif veut \u00ab\u2009r\u00e9affirmer la place du basket \u00e0 Nantes\u2009\u00bb et sa dimension sociale.<\/p>\n<p class=\" wall-content\">Ce mercredi 27\u00a0ao\u00fbt, moins d\u2019une semaine apr\u00e8s notre reportage, le collectif Playground Proc\u00e9 a rencontr\u00e9 Franckie Trichet et Ali Rebouh, \u00e9lus de la Ville de Nantes. Selon nos informations, ces premiers \u00e9changes ont \u00e9t\u00e9 positifs. \u00c0 court terme, une \u00e9tude va \u00eatre r\u00e9alis\u00e9e pour refaire les trac\u00e9s des lignes et fixer de nouvelles planches aux poteaux existants.<\/p>\n<p class=\" wall-content\">*La personne n\u2019a pas souhait\u00e9 donner son pr\u00e9nom<\/p>\n<p class=\" wall-content\">Personnalisez votre actualit\u00e9 en ajoutant vos villes et m\u00e9dias en favori avec <a href=\"https:\/\/moncompte.actu.fr\" title=\"D\u00e9couvez Mon Actu\" rel=\"nofollow noopener\" data-trk=\"{&quot;cta&quot;:{&quot;action&quot;:&quot;https:\\\/\\\/moncompte.actu.fr&quot;,&quot;category&quot;:&quot;mon compte&quot;,&quot;from&quot;:&quot;article footer&quot;,&quot;name&quot;:&quot;Mon actu&quot;,&quot;type&quot;:&quot;cta&quot;}}\" target=\"_blank\">Mon Actu<\/a>.<\/p>\n<p>                    <script async src=\"\/\/www.instagram.com\/embed.js\"><\/script><\/p>\n","protected":false},"excerpt":{"rendered":"Par Thomas Bernard Publi\u00e9 le 28 ao\u00fbt 2025 \u00e0 17h51 Sous un soleil estival, la balle orange rebondit&hellip;\n","protected":false},"author":2,"featured_media":351104,"comment_status":"","ping_status":"","sticky":false,"template":"","format":"standard","meta":{"footnotes":""},"categories":[2818],"tags":[1111,11,1777,674,1011,27,766,12,2636,25,104,517],"class_list":{"0":"post-351103","1":"post","2":"type-post","3":"status-publish","4":"format-standard","5":"has-post-thumbnail","7":"category-nantes","8":"tag-actu","9":"tag-actualites","10":"tag-eu","11":"tag-europe","12":"tag-fr","13":"tag-france","14":"tag-nantes","15":"tag-news","16":"tag-pays-de-la-loire","17":"tag-republique-francaise","18":"tag-societe","19":"tag-sport"},"share_on_mastodon":{"url":"https:\/\/pubeurope.com\/@fr\/115109537054536006","error":""},"_links":{"self":[{"href":"https:\/\/www.europesays.com\/fr\/wp-json\/wp\/v2\/posts\/351103","targetHints":{"allow":["GET"]}}],"collection":[{"href":"https:\/\/www.europesays.com\/fr\/wp-json\/wp\/v2\/posts"}],"about":[{"href":"https:\/\/www.europesays.com\/fr\/wp-json\/wp\/v2\/types\/post"}],"author":[{"embeddable":true,"href":"https:\/\/www.europesays.com\/fr\/wp-json\/wp\/v2\/users\/2"}],"replies":[{"embeddable":true,"href":"https:\/\/www.europesays.com\/fr\/wp-json\/wp\/v2\/comments?post=351103"}],"version-history":[{"count":0,"href":"https:\/\/www.europesays.com\/fr\/wp-json\/wp\/v2\/posts\/351103\/revisions"}],"wp:featuredmedia":[{"embeddable":true,"href":"https:\/\/www.europesays.com\/fr\/wp-json\/wp\/v2\/media\/351104"}],"wp:attachment":[{"href":"https:\/\/www.europesays.com\/fr\/wp-json\/wp\/v2\/media?parent=351103"}],"wp:term":[{"taxonomy":"category","embeddable":true,"href":"https:\/\/www.europesays.com\/fr\/wp-json\/wp\/v2\/categories?post=351103"},{"taxonomy":"post_tag","embeddable":true,"href":"https:\/\/www.europesays.com\/fr\/wp-json\/wp\/v2\/tags?post=351103"}],"curies":[{"name":"wp","href":"https:\/\/api.w.org\/{rel}","templated":true}]}}