{"id":35111,"date":"2025-04-18T23:21:21","date_gmt":"2025-04-18T23:21:21","guid":{"rendered":"https:\/\/www.europesays.com\/fr\/35111\/"},"modified":"2025-04-18T23:21:21","modified_gmt":"2025-04-18T23:21:21","slug":"toulon-62-logements-pour-militaires-au-mourillon-livres-mi-2026","status":"publish","type":"post","link":"https:\/\/www.europesays.com\/fr\/35111\/","title":{"rendered":"Toulon : 62 logements pour militaires au Mourillon livr\u00e9s mi-2026"},"content":{"rendered":"<p>D\u2019ici mai 2026, <strong>62 familles de militaires ou de personnels civils de la d\u00e9fense<\/strong> pourront poser leurs valises dans la toute nouvelle <strong>r\u00e9sidence La Hune<\/strong>, boulevard Bazeilles \u00e0 Toulon. Le terrain de 5 300 m2, appartenant au minist\u00e8re des Arm\u00e9es, accueillait des terrains de tennis, \u00e0 l\u2019abandon depuis de nombreuses ann\u00e9es. <\/p>\n<p>Apr\u00e8s deux ans d\u2019\u00e9tude, une phase de d\u00e9pollution et de terrassement, <strong>le gros \u0153uvre vient de commencer<\/strong> sur ce chantier situ\u00e9 juste derri\u00e8re les anciennes \u00e9curies des tirailleurs coloniaux puis s\u00e9n\u00e9galais. <\/p>\n<p>Il a \u00e9t\u00e9 officiellement lanc\u00e9 le 8 avril, avec le d\u00e9voilement d\u2019une ancre imposante, en pr\u00e9sence de la maire de Toulon, Jos\u00e9e Massi, des repr\u00e9sentants des autorit\u00e9s militaires, ainsi que du <strong>constructeur et futur gestionnaire Nov\u00e9<\/strong>. L\u2019organisme a remport\u00e9 en 2022, et pour une dur\u00e9e de 35 ans, l\u2019appel d\u2019offres du minist\u00e8re des Arm\u00e9es pour la gestion de son parc de logements domaniaux, de la conception \u00e0 la construction en passant par la r\u00e9novation.\u00a0 <\/p>\n<p>G\u00e9othermie et pompe \u00e0 chaleur <\/p>\n<p>Ces logements (6 500 m2 de surface de plancher) vont du T1 au T6 avec une surface par unit\u00e9 de logements importante (100 m2). Ils sont r\u00e9partis en <strong>trois b\u00e2timents, un en R+4 et deux en R+5 <\/strong>et reposent sur un niveau de parking semi-enterr\u00e9 de <strong>95 places de stationnement<\/strong>, dont certaines avec bornes de recharge \u00e9lectriques.<\/p>\n<p> <img decoding=\"async\" alt=\"\" data-zoomable=\"\" loading=\"lazy\" src=\"https:\/\/www.europesays.com\/fr\/wp-content\/uploads\/2025\/04\/architecte-logements-militaires-toulon.jpg\" width=\"100%\"\/> \u00a9 K. Sarrazin &#8211; C&rsquo;est le cabinet MAP qui a \u00e9t\u00e9 s\u00e9lectionn\u00e9 pour concevoir le b\u00e2timent. <\/p>\n<p>En toiture, la r\u00e9sidence, con\u00e7ue par le cabinet d\u2019architecture marseillais MAP, accueillera <strong>des panneaux photovolta\u00efques<\/strong>. Le programme sera \u00e9quip\u00e9 de <strong>pompe \u00e0 chaleur<\/strong> et fait \u00e9galement appel \u00e0 la <strong>g\u00e9othermie\u00a0<\/strong>: huit forages de 100 m\u00e8tres de profondeur ont \u00e9t\u00e9 r\u00e9alis\u00e9s pour aller r\u00e9cup\u00e9rer les calories dans le sol, permettant ensuite de chauffer les appartements.<\/p>\n<p>Entre les anciennes \u00e9curies et l\u2019immeuble, les r\u00e9sidents disposeront d\u2019espaces verts communs. Le montant de l&rsquo;op\u00e9ration n&rsquo;a pas \u00e9t\u00e9 d\u00e9voil\u00e9.\u00a0<\/p>\n<p>Le loyer de ces logements (on parle ici de redevance) est en moyenne <strong>inf\u00e9rieur de 40 \u00e0 50 %<\/strong> par rapport au prix du march\u00e9. La s\u00e9lection se fait sur dossier, en fonction de crit\u00e8res d\u00e9finis par le minist\u00e8re des Arm\u00e9es. <\/p>\n<p>Une nouvelle rue cr\u00e9\u00e9e pour d\u00e9senclaver le Mourillon <\/p>\n<p>Une <strong>future voie<\/strong> va \u00eatre cr\u00e9\u00e9e le long de la r\u00e9sidence afin de d\u00e9senclaver le quartier et donner du souffle aux appartements situ\u00e9s au rez-de-chauss\u00e9e et premier \u00e9tage de l\u2019immeuble voisin. Arbor\u00e9e, elle comprendra des <strong>places de stationnement<\/strong> et sera \u00e0 <strong>sens unique<\/strong>. <\/p>\n<p>\u00ab\u00a0Si la qualit\u00e9 de vie s\u2019am\u00e9liore, alors cela renforce l\u2019engagement de nos militaires au service de notre pays \u00bb, note le capitaine de vaisseau Christophe Ponsich-Mitjavile. \u00ab Offrir des logements de qualit\u00e9 doit permettre d\u2019assurer la s\u00e9r\u00e9nit\u00e9 du foyer. Dans notre carri\u00e8re, nous sommes amen\u00e9s \u00e0 changer r\u00e9guli\u00e8rement d\u2019affectation. Changer de r\u00e9sidence est donc l\u2019une de nos pr\u00e9occupations. \u00bb Or, \u00ab\u00a0il n\u2019y en avait pas assez \u00e0 Toulon\u00a0\u00bb.<\/p>\n<p> <img decoding=\"async\" alt=\"\" data-zoomable=\"\" loading=\"lazy\" src=\"https:\/\/www.europesays.com\/fr\/wp-content\/uploads\/2025\/04\/ancre-logements-milirtaires-toulon.jpg\" width=\"100%\"\/> \u00a9 K. Sarrazin &#8211; Plut\u00f4t qu&rsquo;une premi\u00e8re pierre, c&rsquo;est une ancre qui a symbolis\u00e9 le lancement du chantier. 255 nouveaux logements militaires \u00e0 Toulon <\/p>\n<p>Mais la situation va en s&rsquo;am\u00e9liorant. Ces premiers logements \u00e0 destination des militaires et ressortissants du minist\u00e8re <strong>ne sont pas les seuls qui verront le jour \u00e0 Toulon dans les prochaines ann\u00e9es<\/strong>. Leur construction s&rsquo;inscrit dans le cadre du <strong>plan Ambition Logement<\/strong> du minist\u00e8re des Arm\u00e9es qui pr\u00e9voit la r\u00e9novation de 7 000 logements du parc, et la construction de 2 500. <\/p>\n<p>Ainsi, \u00e0 Toulon, \u00ab nous avons, a minima, trois autres op\u00e9rations sur des sites appartenant au minist\u00e8re\u00a0\u00bb, indique J\u00e9r\u00f4me Puell, pr\u00e9sident de Nov\u00e9. Une au Mourillon, une autre \u00e0 Saint-Roch et une derni\u00e8re \u00e0 Sainte-Anne. Soit <strong>au total, <\/strong>\u00ab\u00a0<strong>255 logements neufs\u00a0<\/strong>\u00bb, pr\u00e9cise Jos\u00e9e Massi, soulignant l\u2019importance de la marine et de l\u2019industrie de la d\u00e9fense pour la commune, qui accueille 17 000 militaires, soit <strong>8 % des emplois de la m\u00e9tropole<\/strong>. <\/p>\n<p>Que vont devenir les anciennes \u00e9curies, boulevard Bazeilles ? <\/p>\n<p>Situ\u00e9es le long du boulevard Bazeilles, les anciennes \u00e9curies ne font pas partie du programme existant. \u00ab\u00a0Nous avons livr\u00e9 une \u00e9tude de faisabilit\u00e9 mais \u00e9tant donn\u00e9 leur \u00e9tat d\u00e9labr\u00e9, le co\u00fbt est assez important\u00a0\u00bb, indique <a href=\"https:\/\/mesinfos.fr\/provence-alpes-cote-d-azur\/map-s-installe-a-toulon-ce-n-est-pas-pareil-quand-on-est-dans-la-place-5601.html\" rel=\"noopener\" target=\"_blank\">Christian Luyton, architecte chez MAP<\/a>.<\/p>\n","protected":false},"excerpt":{"rendered":"D\u2019ici mai 2026, 62 familles de militaires ou de personnels civils de la d\u00e9fense pourront poser leurs valises&hellip;\n","protected":false},"author":2,"featured_media":35112,"comment_status":"","ping_status":"","sticky":false,"template":"","format":"standard","meta":{"footnotes":""},"categories":[9619],"tags":[1111,11,1777,674,1011,27,1908,3579,12,882,25,11414,2310],"class_list":{"0":"post-35111","1":"post","2":"type-post","3":"status-publish","4":"format-standard","5":"has-post-thumbnail","7":"category-toulon","8":"tag-actu","9":"tag-actualites","10":"tag-eu","11":"tag-europe","12":"tag-fr","13":"tag-france","14":"tag-logement","15":"tag-militaire","16":"tag-news","17":"tag-provence-alpes-cote-dazur","18":"tag-republique-francaise","19":"tag-ru00e9sidence","20":"tag-toulon"},"share_on_mastodon":{"url":"https:\/\/pubeurope.com\/@fr\/114361539746422469","error":""},"_links":{"self":[{"href":"https:\/\/www.europesays.com\/fr\/wp-json\/wp\/v2\/posts\/35111","targetHints":{"allow":["GET"]}}],"collection":[{"href":"https:\/\/www.europesays.com\/fr\/wp-json\/wp\/v2\/posts"}],"about":[{"href":"https:\/\/www.europesays.com\/fr\/wp-json\/wp\/v2\/types\/post"}],"author":[{"embeddable":true,"href":"https:\/\/www.europesays.com\/fr\/wp-json\/wp\/v2\/users\/2"}],"replies":[{"embeddable":true,"href":"https:\/\/www.europesays.com\/fr\/wp-json\/wp\/v2\/comments?post=35111"}],"version-history":[{"count":0,"href":"https:\/\/www.europesays.com\/fr\/wp-json\/wp\/v2\/posts\/35111\/revisions"}],"wp:featuredmedia":[{"embeddable":true,"href":"https:\/\/www.europesays.com\/fr\/wp-json\/wp\/v2\/media\/35112"}],"wp:attachment":[{"href":"https:\/\/www.europesays.com\/fr\/wp-json\/wp\/v2\/media?parent=35111"}],"wp:term":[{"taxonomy":"category","embeddable":true,"href":"https:\/\/www.europesays.com\/fr\/wp-json\/wp\/v2\/categories?post=35111"},{"taxonomy":"post_tag","embeddable":true,"href":"https:\/\/www.europesays.com\/fr\/wp-json\/wp\/v2\/tags?post=35111"}],"curies":[{"name":"wp","href":"https:\/\/api.w.org\/{rel}","templated":true}]}}