{"id":351120,"date":"2025-08-29T01:57:11","date_gmt":"2025-08-29T01:57:11","guid":{"rendered":"https:\/\/www.europesays.com\/fr\/351120\/"},"modified":"2025-08-29T01:57:11","modified_gmt":"2025-08-29T01:57:11","slug":"une-importante-pollution-par-hydrocarbures-dans-la-saone-ce-jeudi","status":"publish","type":"post","link":"https:\/\/www.europesays.com\/fr\/351120\/","title":{"rendered":"une importante pollution par hydrocarbures dans la Sa\u00f4ne ce jeudi"},"content":{"rendered":"<p itemprop=\"description\"><strong>Stupeur \u00e0 la Confluence ce jeudi.<\/strong><\/p>\n<p>Depuis le milieu de matin\u00e9e, une partie de la Sa\u00f4ne est confront\u00e9e \u00e0 une flaque de pollution. Plus pr\u00e9cis\u00e9ment au niveau du cube orange de Cardinal dans le quartier du 2e arrondissement de Lyon.<\/p>\n<p>Selon nos informations, il s\u2019agirait d\u2019une flaque d\u2019hydrocarbures, d\u00e9vers\u00e9e involontairement par un camion stationn\u00e9 \u00e0 proximit\u00e9 du quai Rambaud. Les faits se seraient produits aux alentours de 10h30 du matin. Depuis, une forte odeur d\u2019essence est pr\u00e9sente dans le secteur.<\/p>\n<p>Alert\u00e9s vers 16h, les pompiers se sont rendus sur les lieux pour effectuer les premi\u00e8res constatations et recueillir des t\u00e9moignages. Un fourgon nucl\u00e9aire radiologique bact\u00e9riologique chimique (FNRBC) ainsi qu\u2019un \u00e9quipage du SDMIS ont \u00e9t\u00e9 mobilis\u00e9s.<\/p>\n<p>Mais, la flaque ayant eu le temps de se propager le long du quai Rambaud, les secours n\u2019ont rien pu faire pour la ma\u00eetriser et la pomper.<\/p>\n","protected":false},"excerpt":{"rendered":"Stupeur \u00e0 la Confluence ce jeudi. Depuis le milieu de matin\u00e9e, une partie de la Sa\u00f4ne est confront\u00e9e&hellip;\n","protected":false},"author":2,"featured_media":351121,"comment_status":"","ping_status":"","sticky":false,"template":"","format":"standard","meta":{"footnotes":""},"categories":[1889],"tags":[1111,11,2813,2190,2430,1109,251,1112,2811,1777,674,118,1011,27,1922,1110,1114,2428,2810,12,241,316,25,2812,517,800],"class_list":{"0":"post-351120","1":"post","2":"type-post","3":"status-publish","4":"format-standard","5":"has-post-thumbnail","7":"category-lyon","8":"tag-actu","9":"tag-actualites","10":"tag-article","11":"tag-asvel","12":"tag-auvergne-rhone-alpes","13":"tag-breves","14":"tag-culture","15":"tag-depeches","16":"tag-economique","17":"tag-eu","18":"tag-europe","19":"tag-faits-divers","20":"tag-fr","21":"tag-france","22":"tag-info","23":"tag-informations","24":"tag-infos","25":"tag-lyon","26":"tag-lyonmag","27":"tag-news","28":"tag-ol","29":"tag-politique","30":"tag-republique-francaise","31":"tag-sociale","32":"tag-sport","33":"tag-transports"},"share_on_mastodon":{"url":"https:\/\/pubeurope.com\/@fr\/115109576293032916","error":""},"_links":{"self":[{"href":"https:\/\/www.europesays.com\/fr\/wp-json\/wp\/v2\/posts\/351120","targetHints":{"allow":["GET"]}}],"collection":[{"href":"https:\/\/www.europesays.com\/fr\/wp-json\/wp\/v2\/posts"}],"about":[{"href":"https:\/\/www.europesays.com\/fr\/wp-json\/wp\/v2\/types\/post"}],"author":[{"embeddable":true,"href":"https:\/\/www.europesays.com\/fr\/wp-json\/wp\/v2\/users\/2"}],"replies":[{"embeddable":true,"href":"https:\/\/www.europesays.com\/fr\/wp-json\/wp\/v2\/comments?post=351120"}],"version-history":[{"count":0,"href":"https:\/\/www.europesays.com\/fr\/wp-json\/wp\/v2\/posts\/351120\/revisions"}],"wp:featuredmedia":[{"embeddable":true,"href":"https:\/\/www.europesays.com\/fr\/wp-json\/wp\/v2\/media\/351121"}],"wp:attachment":[{"href":"https:\/\/www.europesays.com\/fr\/wp-json\/wp\/v2\/media?parent=351120"}],"wp:term":[{"taxonomy":"category","embeddable":true,"href":"https:\/\/www.europesays.com\/fr\/wp-json\/wp\/v2\/categories?post=351120"},{"taxonomy":"post_tag","embeddable":true,"href":"https:\/\/www.europesays.com\/fr\/wp-json\/wp\/v2\/tags?post=351120"}],"curies":[{"name":"wp","href":"https:\/\/api.w.org\/{rel}","templated":true}]}}