{"id":351126,"date":"2025-08-29T02:02:16","date_gmt":"2025-08-29T02:02:16","guid":{"rendered":"https:\/\/www.europesays.com\/fr\/351126\/"},"modified":"2025-08-29T02:02:16","modified_gmt":"2025-08-29T02:02:16","slug":"le-8-septembre-au-soir-il-ny-a-plus-de-bayrou","status":"publish","type":"post","link":"https:\/\/www.europesays.com\/fr\/351126\/","title":{"rendered":"Le 8 septembre au soir, il n&rsquo;y a plus de Bayrou"},"content":{"rendered":"<p>            lire plus tard<\/p>\n<p id=\"dialog__title\" class=\"dialog__title\">Pour sauvegarder cet article, connectez-vous ou cr\u00e9ez un compte franceinfo<\/p>\n<p class=\"dialog__description\">Sans paiement. Sans abonnement.<\/p>\n<p>        Fermer la fen\u00eatre d\u2019activation des notifications France Info<\/p>\n<p>            cr\u00e9er votre compte<\/p>\n<p>            se connecter<\/p>\n<p>        Fermer la fen\u00eatre de pr\u00e9sentation<\/p>\n<p>    Publi\u00e9 le 28\/08\/2025 19:18<\/p>\n<p>      Mis \u00e0 jour le 28\/08\/2025 19:21<\/p>\n<p>        Temps de lecture : 3min &#8211; vid\u00e9o : 16min<\/p>\n<p>    <img decoding=\"async\" class=\"francetv-player-wrapper__image\" alt=\"Alexis Corbi\u00e8re : &quot;Le 8 septembre au soir, il n'y a plus de Bayrou&quot;\"  width=\"432\" height=\"243\" src=\"https:\/\/www.europesays.com\/fr\/wp-content\/uploads\/2025\/08\/ac-68b08f2e36cb6392084633.jpg\" fetchpriority=\"high\"\/><\/p>\n<p>              Alexis Corbi\u00e8re : \u00ab\u00a0Le 8 septembre au soir, il n&rsquo;y a plus de Bayrou\u00a0\u00bb<br \/>\n                    (franceinfo)<\/p>\n<p>      16min<\/p>\n<p>\n  Mercredi 27 ao\u00fbt, Alexis Corbi\u00e8re \u00e9tait l&rsquo;invit\u00e9 de \u00ab\u00a0Autrement dit\u00a0\u00bb sur franceinfo. L&rsquo;ex-d\u00e9put\u00e9 LFI s&rsquo;est exprim\u00e9 sur la situation \u00e9conomique du pays, le vote de confiance demand\u00e9 par Fran\u00e7ois Bayrou le 8 septembre prochain, ainsi que sur la position d&rsquo;Emmanuel Macron.\n<\/p>\n<p><strong>Ce texte correspond \u00e0 une partie de la retranscription du reportage ci-dessus. Cliquez sur la vid\u00e9o pour la regarder en int\u00e9gralit\u00e9.<\/strong><\/p>\n<p><strong>Gilles Bornstein : L&rsquo;actualit\u00e9 du jour, ce sont les universit\u00e9s d&rsquo;\u00e9t\u00e9 du Medef. <\/strong><a href=\"https:\/\/www.franceinfo.fr\/societe\/bloquons-tout-mouvement-du-10-septembre\/bloquons-tout-le-10-septembre-le-vrai-sujet-ce-n-est-pas-de-bloquer-c-est-de-debloquer-le-pays-affirme-le-president-du-medef-patrick-martin_7457332.html\" data-tooltip-url=\"https:\/\/www.franceinfo.fr\/societe\/bloquons-tout-mouvement-du-10-septembre\/bloquons-tout-le-10-septembre-le-vrai-sujet-ce-n-est-pas-de-bloquer-c-est-de-debloquer-le-pays-affirme-le-president-du-medef-patrick-martin_7457332.html\" rel=\"nofollow noopener\" target=\"_blank\"><strong>Patrick Martin (pr\u00e9sident du Medef)<\/strong><\/a><strong>, vous a accus\u00e9, vous, les partis de gauche. D&rsquo;une certaine mani\u00e8re, n&rsquo;a-t-il pas un peu raison de dire que le dialogue social en France, que le consensus en France, c&rsquo;est compliqu\u00e9 ?<\/strong><\/p>\n<p><strong>Alexis Corbi\u00e8re :<\/strong> Il fait du Trump. Il tape tr\u00e8s fort et il explique que dans ce pays on veut \u00ab\u00a0l&rsquo;\u00e9gorger\u00a0\u00bb pour que la discussion ne puisse pas avoir lieu. On conna\u00eet ce discours-l\u00e0, que les entreprises seraient, dans ce pays, prises \u00e0 la gorge. On va donner des chiffres simples. En 2017, quand Macron est arriv\u00e9, les 500 plus grandes fortunes de France repr\u00e9sentaient 21% du PIB. Aujourd&rsquo;hui, on est \u00e0 40% du PIB. Donc quand on dit \u00ab\u00a0les entreprises\u00a0\u00bb, pour moi, \u00e7a ne veut rien dire. Je connais des petits entrepreneurs qu&rsquo;il faut les aider. Par contre, on a des grands groupes qui ont accumul\u00e9 des richesses, qui les reversent sous forme de dividendes, qui ont eu des aides fiscales. \u00c7a a m\u00eame creus\u00e9 les d\u00e9ficits de l&rsquo;\u00c9tat. Qu&rsquo;est-ce qu&rsquo;il veut, M. Martin ? Il veut qu&rsquo;il n&rsquo;y ait aucune fiscalit\u00e9 qui puisse rendre les choses plus justes ? Il pense que les plus riches de ce pays ne doivent pas participer davantage ? Donc, il est irresponsable. C&rsquo;est un homme qui gratte une allumette suppl\u00e9mentaire, mais il n&rsquo;est pas le seul, autour d&rsquo;un pays qui est un baril de poudre. Et le message, j&rsquo;ai envie de dire que ce n&rsquo;est m\u00eame pas patriotique, c&rsquo;est de dire : \u00ab\u00a0Nous, on ne bougera pas\u00a0\u00bb. Et c&rsquo;est de dire aux plus modestes de, pourquoi pas, payer plus les m\u00e9dicaments, de travailler deux jours f\u00e9ri\u00e9s suppl\u00e9mentaires, etc.<\/p>\n<p><strong>Camille Girerd : Ce que dit aussi Patrick Martin, c&rsquo;est que l&rsquo;instabilit\u00e9 politique et les gouvernements qui potentiellement se succ\u00e8dent ne donnent pas de visibilit\u00e9 aux entreprises, que ce soit les entreprises du CAC 40 ou les plus petites entreprises, et que \u00e7a, c&rsquo;est une difficult\u00e9 \u00e0 la fois pour les patrons, mais aussi pour les Fran\u00e7ais, pour les salari\u00e9s. Ce constat-l\u00e0, vous le partagez ?<\/strong><\/p>\n<p>Oui, la faute \u00e0 qui ? Emmanuel Macron. L&rsquo;instabilit\u00e9, c&rsquo;est Macron. Le chaos, c&rsquo;est Macron. L&rsquo;irresponsable, c&rsquo;est Macron. Revenons \u00e0 2022. Emmanuel Macron est \u00e9lu au second tour dans un rejet de Mme Le Pen. Pour la premi\u00e8re fois dans l&rsquo;histoire de la Ve R\u00e9publique, le camp pr\u00e9sidentiel, malgr\u00e9 le calendrier qui lui est favorable, est minoritaire \u00e0 l&rsquo;Assembl\u00e9e. Qu&rsquo;est-ce qu&rsquo;ils font ? Ils brutalisent le pays en imposant une r\u00e9forme des retraites par 49.3, contre l&rsquo;avis de 70% de la population et de l&rsquo;unanimit\u00e9 des organisations syndicales. Alors, apr\u00e8s que les gens ne viennent pas dire qu&rsquo;il y a un probl\u00e8me de dialogue social dans ce pays.<\/p>\n<p><strong>Gilles Bornstein : Est-ce qu\u2019Emmanuel Macron doit partir ?<\/strong><\/p>\n<p>Pourquoi pas ? D&rsquo;un certain point de vue, il est un \u00e9l\u00e9ment du probl\u00e8me. Mais je ne peux pas \u00eatre dans une supplication. S&rsquo;il s&rsquo;en va, s&rsquo;il y a une demande de destitution, je l&rsquo;ai d\u00e9j\u00e0 vot\u00e9e, ce n&rsquo;est pas le sujet. Par contre, je ne suis pas en culotte courte en train de supplier le pr\u00e9sident de la R\u00e9publique et de lui dire de partir. Je pense que la psychologie du bonhomme fait qu&rsquo;il va tout faire pour rester. En attendant, je vais faire un \u00e9norme pari : le 8 au soir, il n&rsquo;y a plus de Bayrou, je pense. Le gouvernement tombe, sauf surprise.<\/p>\n","protected":false},"excerpt":{"rendered":"lire plus tard Pour sauvegarder cet article, connectez-vous ou cr\u00e9ez un compte franceinfo Sans paiement. Sans abonnement. Fermer&hellip;\n","protected":false},"author":2,"featured_media":351127,"comment_status":"","ping_status":"","sticky":false,"template":"","format":"standard","meta":{"footnotes":""},"categories":[1888],"tags":[1111,1928,11,1927,1777,674,1011,27,12,1926,626,1925,25],"class_list":{"0":"post-351126","1":"post","2":"type-post","3":"status-publish","4":"format-standard","5":"has-post-thumbnail","7":"category-paris","8":"tag-actu","9":"tag-actu-paris","10":"tag-actualites","11":"tag-actualites-paris","12":"tag-eu","13":"tag-europe","14":"tag-fr","15":"tag-france","16":"tag-news","17":"tag-news-paris","18":"tag-paris","19":"tag-paris-news","20":"tag-republique-francaise"},"share_on_mastodon":{"url":"https:\/\/pubeurope.com\/@fr\/115109596240202318","error":""},"_links":{"self":[{"href":"https:\/\/www.europesays.com\/fr\/wp-json\/wp\/v2\/posts\/351126","targetHints":{"allow":["GET"]}}],"collection":[{"href":"https:\/\/www.europesays.com\/fr\/wp-json\/wp\/v2\/posts"}],"about":[{"href":"https:\/\/www.europesays.com\/fr\/wp-json\/wp\/v2\/types\/post"}],"author":[{"embeddable":true,"href":"https:\/\/www.europesays.com\/fr\/wp-json\/wp\/v2\/users\/2"}],"replies":[{"embeddable":true,"href":"https:\/\/www.europesays.com\/fr\/wp-json\/wp\/v2\/comments?post=351126"}],"version-history":[{"count":0,"href":"https:\/\/www.europesays.com\/fr\/wp-json\/wp\/v2\/posts\/351126\/revisions"}],"wp:featuredmedia":[{"embeddable":true,"href":"https:\/\/www.europesays.com\/fr\/wp-json\/wp\/v2\/media\/351127"}],"wp:attachment":[{"href":"https:\/\/www.europesays.com\/fr\/wp-json\/wp\/v2\/media?parent=351126"}],"wp:term":[{"taxonomy":"category","embeddable":true,"href":"https:\/\/www.europesays.com\/fr\/wp-json\/wp\/v2\/categories?post=351126"},{"taxonomy":"post_tag","embeddable":true,"href":"https:\/\/www.europesays.com\/fr\/wp-json\/wp\/v2\/tags?post=351126"}],"curies":[{"name":"wp","href":"https:\/\/api.w.org\/{rel}","templated":true}]}}