{"id":351134,"date":"2025-08-29T02:06:12","date_gmt":"2025-08-29T02:06:12","guid":{"rendered":"https:\/\/www.europesays.com\/fr\/351134\/"},"modified":"2025-08-29T02:06:12","modified_gmt":"2025-08-29T02:06:12","slug":"des-frappes-russes-font-au-moins-21-morts-dont-quatre-enfants-a-kiev","status":"publish","type":"post","link":"https:\/\/www.europesays.com\/fr\/351134\/","title":{"rendered":"des frappes russes font au moins 21 morts, dont quatre enfants, \u00e0 Kiev"},"content":{"rendered":"\n<p class=\"c-chapo \">\n  Emmanuel Macron a d\u00e9nonc\u00e9, jeudi, la \u00ab\u00a0terreur\u00a0\u00bb et la \u00ab\u00a0barbarie\u00a0\u00bb de la Russie, condamnant \u00ab\u00a0avec la plus grande fermet\u00e9 ces attaques insens\u00e9es d&rsquo;une grande cruaut\u00e9\u00a0\u00bb.\n<\/p>\n<p>            lire plus tard<\/p>\n<p id=\"dialog__title\" class=\"dialog__title\">Pour sauvegarder cet article, connectez-vous ou cr\u00e9ez un compte franceinfo<\/p>\n<p class=\"dialog__description\">Sans paiement. Sans abonnement.<\/p>\n<p>        Fermer la fen\u00eatre d\u2019activation des notifications France Info<\/p>\n<p>            cr\u00e9er votre compte<\/p>\n<p>            se connecter<\/p>\n<p>        Fermer la fen\u00eatre de pr\u00e9sentation<\/p>\n<p>    <img loading=\"lazy\" decoding=\"async\" class=\"signature__image lazyload\" width=\"100\" height=\"100\" data- alt=\"\" src=\"https:\/\/www.europesays.com\/fr\/wp-content\/uploads\/2025\/05\/64a68815cd1a7_placeholder-36b69ec8.png\"\/><\/p>\n<p>    Publi\u00e9 le 28\/08\/2025 07:18<\/p>\n<p>      Mis \u00e0 jour le 28\/08\/2025 22:58<\/p>\n<p>        Temps de lecture : 2min<\/p>\n<p>    <img decoding=\"async\"  alt=\"Une explosion provoqu\u00e9e par des frappes russes \u00e0 Kiev (Ukraine), le 28 ao\u00fbt 2025. (SERGEI SUPINSKY \/ AFP)\" width=\"432\" height=\"243\" src=\"https:\/\/www.europesays.com\/fr\/wp-content\/uploads\/2025\/08\/000-72n3663-68afe6637e8c6508818548.jpg\" fetchpriority=\"high\"\/><\/p>\n<p>      Une explosion provoqu\u00e9e par des frappes russes \u00e0 Kiev (Ukraine), le 28 ao\u00fbt 2025. (SERGEI SUPINSKY \/ AFP)<\/p>\n<p>Une importante attaque russe a vis\u00e9 la capitale de l&rsquo;Ukraine, Kiev, dans la nuit du mercredi 27 au jeudi 28\u00a0ao\u00fbt, faisant au moins 21 morts, dont quatre enfants, a fait savoir jeudi soir le chef de l&rsquo;administration militaire de la ville de Kiev, Tymour Tkatchenko, <a href=\"https:\/\/t.me\/tkachenkotymur\/1645\" target=\"_blank\" rel=\"noopener nofollow\">sur Telegram<\/a>, ajoutant que les op\u00e9rations de recherche et de sauvetage sont toujours en cours. Volodymyr Zelensky a d\u00e9nonc\u00e9\u00a0\u00ab\u00a0un massacre horrible et d\u00e9lib\u00e9r\u00e9 de civils\u00a0\u00bb.<\/p>\n<p>Des journalistes de l&rsquo;AFP ont entendu de puissantes explosions retentir dans la capitale et vu un missile \u00eatre abattu, les d\u00e9bris incandescents retombant. Ils ont \u00e9galement entendu des sons \u00e9voquant la pr\u00e9sence de drones. L&rsquo;AFP a vu des habitants de la capitale se r\u00e9fugier dans un souterrain en suivant les \u00e9v\u00e9nements sur Telegram. D&rsquo;autres se sont r\u00e9fugi\u00e9s avec leur sac de couchage dans le m\u00e9tro.<\/p>\n<p>\u00ab\u00a0Ces missiles et drones d&rsquo;attaque russes constituent aujourd&rsquo;hui une r\u00e9ponse claire \u00e0 tous ceux qui, dans le monde, r\u00e9clament depuis des semaines et des mois un cessez-le-feu et une v\u00e9ritable diplomatie. La Russie choisit les missiles balistiques plut\u00f4t que la table des n\u00e9gociations\u00a0\u00bb, a d\u00e9nonc\u00e9 jeudi matin Volodymyr Zelensky.\u00a0\u00ab\u00a0Elle choisit de continuer de tuer plut\u00f4t que de mettre un terme \u00e0 la guerre.\u00a0\u00bb<\/p>\n<p>\u00ab\u00a0Les attaques contre les civils et les infrastructures civiles violent le droit international humanitaire, sont inacceptables et doivent cesser imm\u00e9diatement\u00a0\u00bb, a r\u00e9agi le secr\u00e9taire g\u00e9n\u00e9ral de l&rsquo;ONU, Antonio Guterres. Emmanuel Macron a d\u00e9nonc\u00e9 la \u00ab\u00a0terreur\u00a0\u00bb et la \u00ab\u00a0barbarie\u00a0\u00bb de la Russie, condamnant \u00ab\u00a0avec la plus grande fermet\u00e9 ces attaques insens\u00e9es d&rsquo;une grande cruaut\u00e9\u00a0\u00bb. \u00ab\u00a0Poutine doit venir \u00e0 la table des n\u00e9gociations\u00a0\u00bb, a estim\u00e9 jeudi la cheffe de l&rsquo;ex\u00e9cutif europ\u00e9en Ursula von der Leyen apr\u00e8s s&rsquo;\u00eatre entretenue avec Donald Trump et Volodymyr Zelensky. <\/p>\n<p>Le pr\u00e9sident am\u00e9ricain n&rsquo;est \u00ab\u00a0pas content\u00a0\u00bb mais \u00ab\u00a0pas surpris\u00a0\u00bb, a dit jeudi sa porte-parole, Karoline Leavitt. Pour Donald Trump, \u00ab\u00a0peut-\u00eatre que les deux parties \u00e0 ce conflit ne sont pas pr\u00eates \u00e0 y mettre fin elles-m\u00eames\u00a0\u00bb, a-t-elle ajout\u00e9.<\/p>\n","protected":false},"excerpt":{"rendered":"Emmanuel Macron a d\u00e9nonc\u00e9, jeudi, la \u00ab\u00a0terreur\u00a0\u00bb et la \u00ab\u00a0barbarie\u00a0\u00bb de la Russie, condamnant \u00ab\u00a0avec la plus grande&hellip;\n","protected":false},"author":2,"featured_media":351135,"comment_status":"","ping_status":"","sticky":false,"template":"","format":"standard","meta":{"footnotes":""},"categories":[1591],"tags":[11,1887,12,1885,1886,132],"class_list":{"0":"post-351134","1":"post","2":"type-post","3":"status-publish","4":"format-standard","5":"has-post-thumbnail","7":"category-russie","8":"tag-actualites","9":"tag-federation-de-russie","10":"tag-news","11":"tag-russia","12":"tag-russian-federation","13":"tag-russie"},"share_on_mastodon":{"url":"https:\/\/pubeurope.com\/@fr\/115109611739232631","error":""},"_links":{"self":[{"href":"https:\/\/www.europesays.com\/fr\/wp-json\/wp\/v2\/posts\/351134","targetHints":{"allow":["GET"]}}],"collection":[{"href":"https:\/\/www.europesays.com\/fr\/wp-json\/wp\/v2\/posts"}],"about":[{"href":"https:\/\/www.europesays.com\/fr\/wp-json\/wp\/v2\/types\/post"}],"author":[{"embeddable":true,"href":"https:\/\/www.europesays.com\/fr\/wp-json\/wp\/v2\/users\/2"}],"replies":[{"embeddable":true,"href":"https:\/\/www.europesays.com\/fr\/wp-json\/wp\/v2\/comments?post=351134"}],"version-history":[{"count":0,"href":"https:\/\/www.europesays.com\/fr\/wp-json\/wp\/v2\/posts\/351134\/revisions"}],"wp:featuredmedia":[{"embeddable":true,"href":"https:\/\/www.europesays.com\/fr\/wp-json\/wp\/v2\/media\/351135"}],"wp:attachment":[{"href":"https:\/\/www.europesays.com\/fr\/wp-json\/wp\/v2\/media?parent=351134"}],"wp:term":[{"taxonomy":"category","embeddable":true,"href":"https:\/\/www.europesays.com\/fr\/wp-json\/wp\/v2\/categories?post=351134"},{"taxonomy":"post_tag","embeddable":true,"href":"https:\/\/www.europesays.com\/fr\/wp-json\/wp\/v2\/tags?post=351134"}],"curies":[{"name":"wp","href":"https:\/\/api.w.org\/{rel}","templated":true}]}}