{"id":351136,"date":"2025-08-29T02:07:12","date_gmt":"2025-08-29T02:07:12","guid":{"rendered":"https:\/\/www.europesays.com\/fr\/351136\/"},"modified":"2025-08-29T02:07:12","modified_gmt":"2025-08-29T02:07:12","slug":"que-faut-il-retenir-de-la-journee-du-jeudi-28-aout","status":"publish","type":"post","link":"https:\/\/www.europesays.com\/fr\/351136\/","title":{"rendered":"que faut-il retenir de la journ\u00e9e du jeudi 28 ao\u00fbt"},"content":{"rendered":"\n<p class=\"c-chapo \">\n  Volodymyr Zelensky a d\u00e9nonc\u00e9 \u00ab\u00a0un massacre horrible et d\u00e9lib\u00e9r\u00e9 de civils\u00a0\u00bb apr\u00e8s des frappes russes dans la nuit de mercredi \u00e0 jeudi ayant caus\u00e9 la mort d&rsquo;au moins 21 personnes, dont quatre enfants.\n<\/p>\n<p>            lire plus tard<\/p>\n<p id=\"dialog__title\" class=\"dialog__title\">Pour sauvegarder cet article, connectez-vous ou cr\u00e9ez un compte franceinfo<\/p>\n<p class=\"dialog__description\">Sans paiement. Sans abonnement.<\/p>\n<p>        Fermer la fen\u00eatre d\u2019activation des notifications France Info<\/p>\n<p>            cr\u00e9er votre compte<\/p>\n<p>            se connecter<\/p>\n<p>        Fermer la fen\u00eatre de pr\u00e9sentation<\/p>\n<p>    <img loading=\"lazy\" decoding=\"async\" class=\"signature__image lazyload\" width=\"100\" height=\"100\" data- alt=\"\" src=\"https:\/\/www.europesays.com\/fr\/wp-content\/uploads\/2025\/05\/64a68815cd1a7_placeholder-36b69ec8.png\"\/><\/p>\n<p>    Publi\u00e9 le 28\/08\/2025 23:46<\/p>\n<p>        Temps de lecture : 4min<\/p>\n<p>    <img decoding=\"async\"  alt=\"Des sauveteurs m\u00e8nent une mission de recherche et de sauvetage dans un immeuble r\u00e9sidentiel du quartier de Darnytskyi, dont une partie a \u00e9t\u00e9 d\u00e9truite par une frappe russe \u00e0 Kiev, en Ukraine, le 28 ao\u00fbt 2025. (KIRILL CHUBOTIN \/ NURPHOTO \/ AFP)\" width=\"432\" height=\"243\" src=\"https:\/\/www.europesays.com\/fr\/wp-content\/uploads\/2025\/08\/075-ukrinform-apartmen250828-npxli-68b0cc9948eb7133571283.jpg\" fetchpriority=\"high\"\/><\/p>\n<p>      Des sauveteurs m\u00e8nent une mission de recherche et de sauvetage dans un immeuble r\u00e9sidentiel du quartier de Darnytskyi, dont une partie a \u00e9t\u00e9 d\u00e9truite par une frappe russe \u00e0 Kiev, en Ukraine, le 28 ao\u00fbt 2025. (KIRILL CHUBOTIN \/ NURPHOTO \/ AFP)<\/p>\n<p>Des missiles et des drones russes <a href=\"https:\/\/www.franceinfo.fr\/monde\/europe\/manifestations-en-ukraine\/guerre-en-ukraine-une-importante-attaque-russe-fait-au-moins-trois-morts-a-kiev_7459084.html\" rel=\"nofollow noopener\" target=\"_blank\">ont \u00e9ventr\u00e9<\/a> des immeubles d&rsquo;habitation \u00e0 Kiev dans la nuit de mercredi 27 \u00e0 jeudi 28 ao\u00fbt, causant la mort d&rsquo;au moins 21 personnes, dont quatre enfants, a relay\u00e9 le chef de l&rsquo;administration militaire de la ville de Kiev sur <a href=\"https:\/\/t.me\/tkachenkotymur\/1645\" target=\"_blank\" rel=\"noopener nofollow\">Telegram<\/a> jeudi soir, ajoutant que les op\u00e9rations de recherche et de sauvetage sont toujours en cours. Il s&rsquo;agit de l&rsquo;une des plus importantes attaques a\u00e9riennes russes contre l&rsquo;Ukraine. Suivez notre direct.\u00a0<\/p>\n<p>\u00ab\u00a0Un massacre horrible et d\u00e9lib\u00e9r\u00e9 de civils\u00a0\u00bb, tance Volodymyr Zelensky\u00a0<\/p>\n<p>T\u00f4t jeudi, les secouristes et les habitants s&rsquo;affairaient \u00e0 ramasser des d\u00e9bris dans les rues du centre de Kiev, a constat\u00e9 un journaliste de l&rsquo;AFP. Une frappe a creus\u00e9 un crat\u00e8re fumant dans un immeuble d&rsquo;habitation de plusieurs \u00e9tages, le coupant en deux. Des secouristes debout sur les d\u00e9combres ont d\u00e9gag\u00e9 des gravats un corps, v\u00eatu d&rsquo;un pyjama recouvert de poussi\u00e8re, qu&rsquo;ils ont emport\u00e9 dans un sac de plastique noir, selon un reporter de l&rsquo;AFP.<\/p>\n<p>Le bureau du British Council a \u00e9t\u00e9 \u00ab\u00a0gravement endommag\u00e9\u00a0\u00bb dans cette attaque nocturne et sera \u00ab\u00a0ferm\u00e9 au public jusqu&rsquo;\u00e0 nouvel ordre\u00a0\u00bb, a fait savoir l&rsquo;organisation britannique sur son compte Facebook.<\/p>\n<p>\u00ab\u00a0Ces missiles et drones d&rsquo;attaque russes constituent aujourd&rsquo;hui une r\u00e9ponse claire \u00e0 tous ceux qui, dans le monde, r\u00e9clament depuis des semaines et des mois un cessez-le-feu et une v\u00e9ritable diplomatie. La Russie choisit les missiles balistiques plut\u00f4t que la table des n\u00e9gociations\u00a0\u00bb, a d\u00e9nonc\u00e9 jeudi matin Volodymyr Zelensky, parlant d&rsquo;un \u00ab\u00a0massacre horrible et d\u00e9lib\u00e9r\u00e9 de civils\u00a0\u00bb.\u00a0<\/p>\n<p>Emmanuel Macron a d\u00e9nonc\u00e9 la \u00ab\u00a0terreur\u00a0\u00bb et la \u00ab\u00a0barbarie\u00a0\u00bb de la Russie<\/p>\n<p>En fin de matin\u00e9e, Emmanuel Macron a d\u00e9nonc\u00e9 la \u00ab\u00a0terreur\u00a0\u00bb et la \u00ab\u00a0barbarie\u00a0\u00bb de la Russie, condamnant \u00ab\u00a0avec la plus grande fermet\u00e9 ces attaques insens\u00e9es d&rsquo;une grande cruaut\u00e9\u00a0\u00bb. \u00ab\u00a0Soutien total au peuple ukrainien, compassion profonde pour toutes les familles endeuill\u00e9es\u00a0\u00bb, a-t-il ajout\u00e9. Le secr\u00e9taire g\u00e9n\u00e9ral de l&rsquo;ONU Antonio Guterres a \u00e9galement condamn\u00e9 ces frappes russes, tout en appelant \u00e0 nouveau \u00e0 un cessez-le-feu, a indiqu\u00e9 son porte-parole dans un communiqu\u00e9 jeudi apr\u00e8s-midi.<\/p>\n<p>\u00ab\u00a0Poutine doit venir \u00e0 la table des n\u00e9gociations\u00a0\u00bb, a estim\u00e9 jeudi la cheffe de l&rsquo;ex\u00e9cutif europ\u00e9en Ursula von der Leyen apr\u00e8s s&rsquo;\u00eatre entretenue avec Donald Trump et\u00a0Volodymyr Zelensky. \u00ab\u00a0Nous devons garantir une paix juste et durable pour l&rsquo;Ukraine avec des garanties de s\u00e9curit\u00e9 fermes et cr\u00e9dibles\u00a0\u00bb, a-t-elle ajout\u00e9 sur le r\u00e9seau social X \u00e0 l&rsquo;issue de sa conversation t\u00e9l\u00e9phonique avec le pr\u00e9sident am\u00e9ricain.<\/p>\n<p>Donald Trump \u00ab\u00a0pas content\u00a0\u00bb mais \u00ab\u00a0pas surpris\u00a0\u00bb\u00a0<\/p>\n<p>Le milliardaire r\u00e9publicain s&rsquo;est dit \u00ab\u00a0pas content\u00a0\u00bb mais \u00ab\u00a0pas surpris\u00a0\u00bb des derni\u00e8res frappes russes sur Kiev, a dit jeudi sa porte-parole, Karoline Leavitt.\u00a0Elle a ajout\u00e9 que Donald Trump ferait \u00ab\u00a0des d\u00e9clarations suppl\u00e9mentaires\u00a0\u00bb plus tard dans la journ\u00e9e \u00e0 propos de ce conflit qu&rsquo;il a promis d&rsquo;arr\u00eater.\u00a0<\/p>\n<p>La r\u00e9action du pr\u00e9sident am\u00e9ricain, qui refuse d&rsquo;attribuer la responsabilit\u00e9 de la guerre \u00e0 Moscou, diff\u00e8re par sa tonalit\u00e9 de celle de son \u00e9missaire sp\u00e9cial pour l&rsquo;Ukraine Keith Kellogg.\u00a0Ce dernier avait d\u00e9nonc\u00e9 un peu auparavant des frappes \u00ab\u00a0terribles\u00a0\u00bb. \u00ab\u00a0La Russie a lanc\u00e9 cette attaque contre Kiev et de la m\u00eame mani\u00e8re, l&rsquo;Ukraine a frapp\u00e9 des raffineries russes\u00a0\u00bb, a poursuivi Karoline Leavitt, renvoyant dos \u00e0 dos les deux bellig\u00e9rants.<\/p>\n<p>Le r\u00e9publicain de 79 ans a d\u00e9ploy\u00e9 r\u00e9cemment une intense activit\u00e9 diplomatique en <a href=\"https:\/\/www.franceinfo.fr\/monde\/europe\/manifestations-en-ukraine\/rencontre-trump-poutine-les-dessous-du-sommet-en-alaska_7438630.html\" rel=\"nofollow noopener\" target=\"_blank\">rencontrant d&rsquo;abord son homologue russe Vladimir Poutine en Alaska<\/a>, puis en recevant peu apr\u00e8s le pr\u00e9sident ukrainien Volodymyr Zelensky et des dirigeants europ\u00e9ens \u00e0 la Maison Blanche. Il avait alors promis de r\u00e9unir les pr\u00e9sidents russe et ukrainien autour d&rsquo;une m\u00eame table. Le chancelier allemand Friedrich Merz a lanc\u00e9 jeudi qu&rsquo;il \u00e9tait \u00ab\u00a0\u00e9vident\u00a0\u00bb qu&rsquo;une telle rencontre n&rsquo;aurait pas lieu.<\/p>\n","protected":false},"excerpt":{"rendered":"Volodymyr Zelensky a d\u00e9nonc\u00e9 \u00ab\u00a0un massacre horrible et d\u00e9lib\u00e9r\u00e9 de civils\u00a0\u00bb apr\u00e8s des frappes russes dans la nuit&hellip;\n","protected":false},"author":2,"featured_media":351137,"comment_status":"","ping_status":"","sticky":false,"template":"","format":"standard","meta":{"footnotes":""},"categories":[1590],"tags":[11,1777,674,12,220],"class_list":{"0":"post-351136","1":"post","2":"type-post","3":"status-publish","4":"format-standard","5":"has-post-thumbnail","7":"category-ukraine","8":"tag-actualites","9":"tag-eu","10":"tag-europe","11":"tag-news","12":"tag-ukraine"},"share_on_mastodon":{"url":"https:\/\/pubeurope.com\/@fr\/115109615972906904","error":""},"_links":{"self":[{"href":"https:\/\/www.europesays.com\/fr\/wp-json\/wp\/v2\/posts\/351136","targetHints":{"allow":["GET"]}}],"collection":[{"href":"https:\/\/www.europesays.com\/fr\/wp-json\/wp\/v2\/posts"}],"about":[{"href":"https:\/\/www.europesays.com\/fr\/wp-json\/wp\/v2\/types\/post"}],"author":[{"embeddable":true,"href":"https:\/\/www.europesays.com\/fr\/wp-json\/wp\/v2\/users\/2"}],"replies":[{"embeddable":true,"href":"https:\/\/www.europesays.com\/fr\/wp-json\/wp\/v2\/comments?post=351136"}],"version-history":[{"count":0,"href":"https:\/\/www.europesays.com\/fr\/wp-json\/wp\/v2\/posts\/351136\/revisions"}],"wp:featuredmedia":[{"embeddable":true,"href":"https:\/\/www.europesays.com\/fr\/wp-json\/wp\/v2\/media\/351137"}],"wp:attachment":[{"href":"https:\/\/www.europesays.com\/fr\/wp-json\/wp\/v2\/media?parent=351136"}],"wp:term":[{"taxonomy":"category","embeddable":true,"href":"https:\/\/www.europesays.com\/fr\/wp-json\/wp\/v2\/categories?post=351136"},{"taxonomy":"post_tag","embeddable":true,"href":"https:\/\/www.europesays.com\/fr\/wp-json\/wp\/v2\/tags?post=351136"}],"curies":[{"name":"wp","href":"https:\/\/api.w.org\/{rel}","templated":true}]}}