{"id":351138,"date":"2025-08-29T02:08:18","date_gmt":"2025-08-29T02:08:18","guid":{"rendered":"https:\/\/www.europesays.com\/fr\/351138\/"},"modified":"2025-08-29T02:08:18","modified_gmt":"2025-08-29T02:08:18","slug":"usa-america-first-le-test-americain-anti-woke-pour-le-recrutement-des-profs","status":"publish","type":"post","link":"https:\/\/www.europesays.com\/fr\/351138\/","title":{"rendered":"USA : \u00ab America First \u00bb, le test am\u00e9ricain anti-woke pour le recrutement des profs"},"content":{"rendered":"<p>L\u2019Am\u00e9rique n\u2019est pas le pays de la nuance. Pour faire la guerre au wokisme, certains \u00c9tats mettent les grands moyens. Le dernier exemple en date provient d\u2019Oklahoma o\u00f9, pour enseigner, les professeurs venant de New York et de Californie devront passer un test destin\u00e9 \u00e0 d\u00e9celer \u00ab les endoctrineurs \u00bb. Le surintendant de l\u2019instruction publique, Ryan Walters, a d\u00e9clar\u00e9 en juillet que ces deux \u00c9tats v\u00e9hiculaient un enseignement \u00ab anti-\u00e9thique \u00bb, contraire aux valeurs enseign\u00e9es en Oklahoma. La liste des \u00c9tats concern\u00e9s n\u2019est pas d\u00e9finitive et pourra bient\u00f4t \u00eatre \u00e9tendue au Connecticut, \u00e0 l\u2019Illinois, au Minnesota et \u00e0 d\u2019autres encore. La peur change de camp&#8230;<\/p>\n<p>Le programme de d\u00e9tection des militants wokistes \u00e9labor\u00e9 par l&rsquo;Oklahoma compte 50 questions. Il a \u00e9t\u00e9 d\u00e9velopp\u00e9 avec l\u2019aide de PragerU, une association connue pour ses opinions patriotiques et conservatrices. PragerU \u00ab promeut les valeurs am\u00e9ricaines de vie, de libert\u00e9 et de poursuite du bonheur \u00e0 travers un contenu \u00e9ducatif gratuit pour tous les \u00e2ges \u00bb, peut-on lire sur son <a href=\"https:\/\/www.prageru.com\/\" target=\"_blank\" rel=\"noopener nofollow\">site Internet<\/a>. Marissa Streit, pr\u00e9sidente de PragerU, <a href=\"https:\/\/www.lefigaro.fr\/international\/oklahoma-les-enseignants-venus-de-new-york-et-de-californie-devront-passer-un-test-anti-wokisme-20250825\" target=\"_blank\" rel=\"noopener nofollow\">a donc expliqu\u00e9<\/a> \u00e0 l&rsquo;antenne de CNN que l\u2019enjeu de l&rsquo;examen mis en place en Oklahoma \u00e9tait de \u00ab r\u00e9parer les dommages caus\u00e9s par l\u2019id\u00e9ologie du genre \u00bb. Un communiqu\u00e9 de l\u2019organisation \u00e0 but non lucratif pr\u00e9cise encore qu&rsquo;elle vise \u00e0 \u00ab garantir que les enseignants issus d&rsquo;\u00c9tats progressistes ma\u00eetrisent les bases de l&rsquo;Histoire am\u00e9ricaine, de l&rsquo;\u00e9ducation civique et du bon sens \u00bb.<\/p>\n<p>Lutter contre \u00ab l\u2019id\u00e9ologie radicale du genre \u00bb<\/p>\n<p>\u00ab Nous n&rsquo;introduirons pas d&rsquo;endoctrineurs woke dans les salles de classe \u00bb, a promis Ryan Walters au <a href=\"https:\/\/www.washingtonpost.com\/education\/2025\/08\/19\/oklahoma-teachers-california-new-york-test\/?utm_source=chatgpt.com\" target=\"_blank\" rel=\"noopener nofollow\">Washington Post<\/a>, afin de prot\u00e9ger les \u00e9l\u00e8ves d\u2019une \u00ab id\u00e9ologie gauchiste radicale \u00bb.\u00a0\u00ab C&rsquo;est une approche qui donne la priorit\u00e9 \u00e0 l&rsquo;Am\u00e9rique \u00bb, pr\u00e9cise-t-il. Une d\u00e9marche baptis\u00e9e \u00ab America First \u00bb, clin d\u2019\u0153il massif au slogan cher \u00e0 Donald Trump. En sus de s\u2019assurer des valeurs patriotes des candidats au professorat, il s\u2019agit de contribuer \u00e0 la lutte contre \u00ab\u00a0l\u2019id\u00e9ologie radicale du genre\u00a0\u00bb. \u00ab Si vous venez en Oklahoma, vous respecterez les lois de notre \u00c9tat, vous respecterez nos normes et vous enseignerez celles-ci en classe \u00bb, a martel\u00e9 l\u2019homme politique \u00e0 l\u2019origine de cette mesure.<\/p>\n<p>Le test, encore en cours de finalisation, est entr\u00e9 en vigueur cet \u00e9t\u00e9. Cinq \u00e9l\u00e9ments ont \u00e9t\u00e9 rendus publics. Ils portent sur la Constitution ou la composition du Congr\u00e8s am\u00e9ricain. Mais Walters pr\u00e9cise que l\u2019examen portera \u00e9galement sur \u00ab les diff\u00e9rences biologiques entre les deux sexes \u00bb. L\u2019\u00c9tat d&rsquo;Oklahoma s\u2019est d\u00e9j\u00e0 distingu\u00e9 par sa politique droiti\u00e8re en distribuant des bibles dans les salles de classe.<\/p>\n<p>L&rsquo;impulsion de Donald Trump<\/p>\n<p>\u00ab \u00c0 l\u2019heure actuelle, nous examinons la port\u00e9e de la nouvelle \u00e9valuation et nous analysons son alignement avec les cadres juridiques et r\u00e9glementaires existants \u00bb,\u00a0a d\u00e9clar\u00e9 Megan Oftedal, directrice ex\u00e9cutive du Bureau pour la qualit\u00e9 et la responsabilit\u00e9 de l\u2019\u00e9ducation. Les d\u00e9tracteurs de la d\u00e9marche mettent en avant la capacit\u00e9 de nuisance d\u2019un tel examen pour attirer les vocations \u00e9ducatives. \u00ab Ce test de loyaut\u00e9 MAGA [Make America Great Again, NDLR)] sera un autre frein pour les enseignants dans un \u00c9tat d\u00e9j\u00e0 aux prises avec une \u00e9norme p\u00e9nurie \u00bb, <a href=\"https:\/\/archive.is\/xmPC5#selection-4961.0-4961.188\" target=\"_blank\" rel=\"noopener nofollow\">explique<\/a> Mme Weingarten, la pr\u00e9sidente du syndicat des enseignants.<\/p>\n<p>Cette initiative s&rsquo;inscrit dans le sillage de la chasse anti-woke men\u00e9e par le pr\u00e9sident am\u00e9ricain. Alors que la baisse des cr\u00e9dits aux universit\u00e9 pour d\u00e9manteler les programmes DEI (Diversit\u00e9, \u00c9quit\u00e9, Inclusion) poursuit son chemin, Donald Trump <a href=\"https:\/\/www.bvoltaire.fr\/donald-trump-veut-chasser-le-wokisme-des-musees-americains\/\" target=\"_blank\" rel=\"noopener nofollow\">s\u2019attaque<\/a> ainsi, depuis quelques mois, au c\u00e9l\u00e8bre mus\u00e9e Smithsonian, qu\u2019il accuse \u00ab d\u2019endoctrinement id\u00e9ologique \u00bb. Aux \u00c9tats-Unis, la d\u00e9wokisation ne fait que commencer.<\/p>\n<p>                    <a href=\"#\" rel=\"nofollow\" onclick=\"window.print(); pfTrackEvent('USA : \u00ab America First \u00bb, le test am\u00e9ricain anti-woke pour le recrutement des profs'); return false;\" title=\"Printer Friendly, PDF &amp; Email\"><br \/>\n                    <img decoding=\"async\" src=\"https:\/\/www.europesays.com\/fr\/wp-content\/uploads\/2025\/04\/printfriendly-icon-sm.png\" alt=\"Print Friendly, PDF &amp; Email\" class=\"pf-button-img\" style=\"width: 17px;height: 17px;\"\/>Imprimer, enregistrer en PDF cet article<br \/>\n                    <\/a><\/p>\n","protected":false},"excerpt":{"rendered":"L\u2019Am\u00e9rique n\u2019est pas le pays de la nuance. Pour faire la guerre au wokisme, certains \u00c9tats mettent les&hellip;\n","protected":false},"author":2,"featured_media":351139,"comment_status":"","ping_status":"","sticky":false,"template":"","format":"standard","meta":{"footnotes":""},"categories":[1589],"tags":[11,73,1866,12,1864,1865,1863,308],"class_list":{"0":"post-351138","1":"post","2":"type-post","3":"status-publish","4":"format-standard","5":"has-post-thumbnail","7":"category-etats-unis","8":"tag-actualites","9":"tag-etats-unis","10":"tag-etats-unis-damerique","11":"tag-news","12":"tag-united-states","13":"tag-united-states-of-america","14":"tag-us","15":"tag-usa"},"share_on_mastodon":{"url":"https:\/\/pubeurope.com\/@fr\/115109619895246539","error":""},"_links":{"self":[{"href":"https:\/\/www.europesays.com\/fr\/wp-json\/wp\/v2\/posts\/351138","targetHints":{"allow":["GET"]}}],"collection":[{"href":"https:\/\/www.europesays.com\/fr\/wp-json\/wp\/v2\/posts"}],"about":[{"href":"https:\/\/www.europesays.com\/fr\/wp-json\/wp\/v2\/types\/post"}],"author":[{"embeddable":true,"href":"https:\/\/www.europesays.com\/fr\/wp-json\/wp\/v2\/users\/2"}],"replies":[{"embeddable":true,"href":"https:\/\/www.europesays.com\/fr\/wp-json\/wp\/v2\/comments?post=351138"}],"version-history":[{"count":0,"href":"https:\/\/www.europesays.com\/fr\/wp-json\/wp\/v2\/posts\/351138\/revisions"}],"wp:featuredmedia":[{"embeddable":true,"href":"https:\/\/www.europesays.com\/fr\/wp-json\/wp\/v2\/media\/351139"}],"wp:attachment":[{"href":"https:\/\/www.europesays.com\/fr\/wp-json\/wp\/v2\/media?parent=351138"}],"wp:term":[{"taxonomy":"category","embeddable":true,"href":"https:\/\/www.europesays.com\/fr\/wp-json\/wp\/v2\/categories?post=351138"},{"taxonomy":"post_tag","embeddable":true,"href":"https:\/\/www.europesays.com\/fr\/wp-json\/wp\/v2\/tags?post=351138"}],"curies":[{"name":"wp","href":"https:\/\/api.w.org\/{rel}","templated":true}]}}