{"id":351140,"date":"2025-08-29T02:09:10","date_gmt":"2025-08-29T02:09:10","guid":{"rendered":"https:\/\/www.europesays.com\/fr\/351140\/"},"modified":"2025-08-29T02:09:10","modified_gmt":"2025-08-29T02:09:10","slug":"la-france-lallemagne-et-le-royaume-uni-relancent-les-sanctions-teheran-sinsurge","status":"publish","type":"post","link":"https:\/\/www.europesays.com\/fr\/351140\/","title":{"rendered":"La France, l\u2019Allemagne et le Royaume-Uni relancent les sanctions, T\u00e9h\u00e9ran s\u2019insurge"},"content":{"rendered":"<p>La d\u00e9cision de Paris, Londres et Berlin de r\u00e9tablir les sanctions internationales contre l\u2019<a href=\"https:\/\/www.20minutes.fr\/monde\/iran\/\" target=\"_blank\" class=\"c-link c-link--is-underlined\" rel=\"nofollow noopener\">Iran<\/a> est jug\u00e9e \u00ab\u00a0injustifi\u00e9e et ill\u00e9gale\u00a0\u00bb par <a href=\"https:\/\/www.20minutes.fr\/monde\/teheran\/\" target=\"_blank\" class=\"c-link c-link--is-underlined\" rel=\"nofollow noopener\">T\u00e9h\u00e9ran<\/a>. Les trois pays europ\u00e9ens surnomm\u00e9s E3 ont finalement mis leur menace \u00e0 ex\u00e9cution face \u00e0 l\u2019impasse des n\u00e9gociations sur le <a href=\"https:\/\/www.20minutes.fr\/monde\/nucleaire_iranien\/\" target=\"_blank\" class=\"c-link c-link--is-underlined\" rel=\"nofollow noopener\">nucl\u00e9aire iranien<\/a>.<\/p>\n<p>La <a href=\"https:\/\/www.20minutes.fr\/france\/\" target=\"_blank\" class=\"c-link c-link--is-underlined\" rel=\"nofollow noopener\">France<\/a>, l\u2019<a href=\"https:\/\/www.20minutes.fr\/dossier\/allemagne\" target=\"_blank\" class=\"c-link c-link--is-underlined\" rel=\"nofollow noopener\">Allemagne<\/a> et le <a href=\"https:\/\/www.20minutes.fr\/monde\/royaume-uni\/\" target=\"_blank\" class=\"c-link c-link--is-underlined\" rel=\"nofollow noopener\">Royaume-Uni<\/a> \u00ab\u00a0souhaitent notifier le Conseil de s\u00e9curit\u00e9 que, sur la base de preuves factuelles, le E3 estime que l\u2019Iran est en position de non-respect important de ses engagements\u00a0\u00bb en vertu de l\u2019accord sur le nucl\u00e9aire de\u00a02015, le JCPOA. Ils \u00ab\u00a0invoquent ainsi le m\u00e9canisme connu sous le nom du snapback\u00a0\u00bb, qui ouvre un processus de 30 jours permettant de r\u00e9imposer toute une s\u00e9rie de sanctions suspendues il y a dix ans, indique la lettre.<\/p>\n<\/p>\n<p>Le minist\u00e8re iranien des Affaires \u00e9trang\u00e8res a r\u00e9agi en promettant une r\u00e9ponse. \u00ab\u00a0Cette d\u00e9cision des trois pays europ\u00e9ens compromettra gravement le processus d\u2019interaction et de coop\u00e9ration en cours entre l\u2019Iran et l\u2019Agence\u00a0\u00bb, charg\u00e9e de surveiller le programme nucl\u00e9aire iranien, a \u00e9galement d\u00e9nonc\u00e9 la diplomatie iranienne, dans un communiqu\u00e9 officiel.<\/p>\n<p>Aucune solution trouv\u00e9e<\/p>\n<p>Sign\u00e9 par le E3, l\u2019Iran, les Etats-Unis, la Chine et la Russie, le JCPOA suspend diverses sanctions \u00e9conomiques internationales prises par l\u2019ONU contre l\u2019Iran.<\/p>\n<p>Le gouvernement iranien, qui avait lanc\u00e9 un programme nucl\u00e9aire secret, est accus\u00e9 de vouloir se doter de l\u2019arme atomique, ce qu\u2019il r\u00e9fute. L\u2019accord avait \u00e9t\u00e9 d\u00e9nonc\u00e9 en\u00a02018 par les <a href=\"https:\/\/www.20minutes.fr\/monde\/etats-unis\/\" target=\"_blank\" class=\"c-link c-link--is-underlined\" rel=\"nofollow noopener\">Etats-Unis<\/a> qui ont r\u00e9tabli leur propre volet de sanctions.<\/p>\n<p>Le E3 mena\u00e7ait de r\u00e9tablir les sanctions avant l\u2019expiration du m\u00e9canisme du \u00ab\u00a0snapback\u00a0\u00bb le 18\u00a0octobre faute de solution n\u00e9goci\u00e9e. Ils esp\u00e8rent pousser l\u2019Iran \u00e0 des concessions alors que la diplomatie est au point mort.<\/p>\n<p>\u00ab\u00a0Escalade nucl\u00e9aire\u00a0\u00bb<\/p>\n<p>\u00ab\u00a0En juillet\u00a02025, les E3 ont mis sur la table une offre d\u2019extension de la r\u00e9solution\u00a0\u00bb 2231 de l\u2019<a href=\"https:\/\/www.20minutes.fr\/monde\/onu\/\" target=\"_blank\" class=\"c-link c-link--is-underlined\" rel=\"nofollow noopener\">ONU<\/a> r\u00e9gissant le JCPOA \u00ab\u00a0et de son m\u00e9canisme de \u00ab\u00a0snapback\u00a0\u00bb. Les exigences fix\u00e9es par les E3 en contrepartie de cette extension [\u2026] n\u2019ont pas encore \u00e9t\u00e9 remplies de mani\u00e8re satisfaisante par l\u2019Iran\u00a0\u00bb, \u00e9crivent les trois ministres des Affaires \u00e9trang\u00e8res dans une d\u00e9claration conjointe s\u00e9par\u00e9e.<\/p>\n<p><a href=\"https:\/\/www.20minutes.fr\/monde\/nucleaire_iranien\/\" target=\"_blank\" class=\"c-link c-btn c-btn--primary\" rel=\"nofollow noopener\">Nso derniers articles sur le nucl\u00e9aire iranien<\/a><\/p>\n<p>Le non-respect par l\u2019Iran du JCPOA \u00ab\u00a0est manifeste et d\u00e9lib\u00e9r\u00e9, et des sites pr\u00e9sentant un risque majeur de prolif\u00e9ration en Iran sont en dehors de la surveillance de l\u2019<a href=\"https:\/\/www.20minutes.fr\/monde\/aiea\/\" target=\"_blank\" class=\"c-link c-link--is-underlined\" rel=\"nofollow noopener\">AIEA<\/a>\u00a0\u00bb disent-ils, affirmant que les Europ\u00e9ens ont fait \u00ab\u00a0tous les efforts possibles pour sortir de l\u2019impasse\u00a0\u00bb depuis plusieurs ann\u00e9es. \u00ab\u00a0L\u2019escalade nucl\u00e9aire de l\u2019Iran ne doit pas aller plus loin\u00a0\u00bb, a justifi\u00e9 jeudi <a href=\"https:\/\/www.20minutes.fr\/politique\/jean-noel-barrot\/\" target=\"_blank\" class=\"c-link c-link--is-underlined\" rel=\"nofollow noopener\">Jean-No\u00ebl Barrot<\/a>, le chef de la diplomatie fran\u00e7aise sur X.<\/p>\n","protected":false},"excerpt":{"rendered":"La d\u00e9cision de Paris, Londres et Berlin de r\u00e9tablir les sanctions internationales contre l\u2019Iran est jug\u00e9e \u00ab\u00a0injustifi\u00e9e et&hellip;\n","protected":false},"author":2,"featured_media":351141,"comment_status":"","ping_status":"","sticky":false,"template":"","format":"standard","meta":{"footnotes":""},"categories":[1588],"tags":[47,11,10733,672,1777,674,3019,2121,74,12,3020,3521,10458,473,1853,10734,1851,1850,1852],"class_list":{"0":"post-351140","1":"post","2":"type-post","3":"status-publish","4":"format-standard","5":"has-post-thumbnail","7":"category-royaume-uni","8":"tag-actualite","9":"tag-actualites","10":"tag-aiea","11":"tag-allemagne","12":"tag-eu","13":"tag-europe","14":"tag-iran","15":"tag-jean-noel-barrot","16":"tag-monde","17":"tag-news","18":"tag-nucleaire-iranien","19":"tag-onu","20":"tag-programme-nucleaire-iranien","21":"tag-royaume-uni","22":"tag-royaume-uni-de-grande-bretagne-et-dirlande-du-nord","23":"tag-teheran","24":"tag-uk","25":"tag-united-kingdom","26":"tag-united-kingdom-of-great-britain-and-northern-ireland"},"share_on_mastodon":{"url":"https:\/\/pubeurope.com\/@fr\/115109623471034320","error":""},"_links":{"self":[{"href":"https:\/\/www.europesays.com\/fr\/wp-json\/wp\/v2\/posts\/351140","targetHints":{"allow":["GET"]}}],"collection":[{"href":"https:\/\/www.europesays.com\/fr\/wp-json\/wp\/v2\/posts"}],"about":[{"href":"https:\/\/www.europesays.com\/fr\/wp-json\/wp\/v2\/types\/post"}],"author":[{"embeddable":true,"href":"https:\/\/www.europesays.com\/fr\/wp-json\/wp\/v2\/users\/2"}],"replies":[{"embeddable":true,"href":"https:\/\/www.europesays.com\/fr\/wp-json\/wp\/v2\/comments?post=351140"}],"version-history":[{"count":0,"href":"https:\/\/www.europesays.com\/fr\/wp-json\/wp\/v2\/posts\/351140\/revisions"}],"wp:featuredmedia":[{"embeddable":true,"href":"https:\/\/www.europesays.com\/fr\/wp-json\/wp\/v2\/media\/351141"}],"wp:attachment":[{"href":"https:\/\/www.europesays.com\/fr\/wp-json\/wp\/v2\/media?parent=351140"}],"wp:term":[{"taxonomy":"category","embeddable":true,"href":"https:\/\/www.europesays.com\/fr\/wp-json\/wp\/v2\/categories?post=351140"},{"taxonomy":"post_tag","embeddable":true,"href":"https:\/\/www.europesays.com\/fr\/wp-json\/wp\/v2\/tags?post=351140"}],"curies":[{"name":"wp","href":"https:\/\/api.w.org\/{rel}","templated":true}]}}