{"id":351142,"date":"2025-08-29T02:10:13","date_gmt":"2025-08-29T02:10:13","guid":{"rendered":"https:\/\/www.europesays.com\/fr\/351142\/"},"modified":"2025-08-29T02:10:13","modified_gmt":"2025-08-29T02:10:13","slug":"on-vient-dallemagne-pour-decouvrir-dijon","status":"publish","type":"post","link":"https:\/\/www.europesays.com\/fr\/351142\/","title":{"rendered":"On vient d\u2019Allemagne pour d\u00e9couvrir Dijon\u00a0!"},"content":{"rendered":"<p><img decoding=\"async\" class=\"newsFullImg  \" src=\"https:\/\/www.europesays.com\/fr\/wp-content\/uploads\/2025\/08\/96727_1_full.jpg\"\/><\/p>\n<p>Etienne et Brigitte sont tous les deux originaires d\u2019Allemagne. \u00c2g\u00e9s de la cinquantaine, ils viennent passer en ce mois d\u2019ao\u00fbt deux journ\u00e9es \u00e0 Dijon. Ce sont des amis qui leur ont conseill\u00e9 la cit\u00e9.<\/p>\n<p>Et ils sont tomb\u00e9s sous le charme. \u00ab Nous aimons beaucoup \u00bb souligne Brigitte souriante.\u00a0 Et d\u2019ajouter : \u00ab C\u2019est magnifique, les vieilles \u00e9glises, la place du march\u00e9, l\u2019atmosph\u00e8re \u00bb.<br \/>Ils profitent aussi du calme de la ville en cette deuxi\u00e8me quinzaine d\u2019ao\u00fbt. Ils trouvent Dijon relaxant.<br \/>Pour leur premi\u00e8re visite en soir\u00e9e, ils ont ador\u00e9 voir la ville sous les lumi\u00e8res. \u00ab Cela donne beaucoup de charme \u00bb ajoute Brigitte.<br \/>Pour cette journ\u00e9e, ils ont pr\u00e9vu de visiter quelques mus\u00e9es et surtout de d\u00e9couvrir la gastronomie dijonnaise \u00e0 la Cit\u00e9 de la gastronomie et du vin.<br \/>Enfin, ils appr\u00e9cient beaucoup de pouvoir d\u00e9couvrir la ville en marchant en toute qui\u00e9tude.<br \/>EM<\/p>\n<p><img decoding=\"async\" src=\"https:\/\/www.europesays.com\/fr\/wp-content\/uploads\/2025\/08\/on-vient-d-allemagne-pour-decouvrir-dijon-255687.jpg\"\/><\/p>\n","protected":false},"excerpt":{"rendered":"Etienne et Brigitte sont tous les deux originaires d\u2019Allemagne. \u00c2g\u00e9s de la cinquantaine, ils viennent passer en ce&hellip;\n","protected":false},"author":2,"featured_media":351143,"comment_status":"","ping_status":"","sticky":false,"template":"","format":"standard","meta":{"footnotes":""},"categories":[1587],"tags":[11,672,1804,1805,1803,1777,674,1801,12,1802],"class_list":{"0":"post-351142","1":"post","2":"type-post","3":"status-publish","4":"format-standard","5":"has-post-thumbnail","7":"category-allemagne","8":"tag-actualites","9":"tag-allemagne","10":"tag-bundesrepublik-deutschland","11":"tag-de","12":"tag-deutschland","13":"tag-eu","14":"tag-europe","15":"tag-germany","16":"tag-news","17":"tag-republique-federale-dallemagne"},"share_on_mastodon":{"url":"https:\/\/pubeurope.com\/@fr\/115109627891502761","error":""},"_links":{"self":[{"href":"https:\/\/www.europesays.com\/fr\/wp-json\/wp\/v2\/posts\/351142","targetHints":{"allow":["GET"]}}],"collection":[{"href":"https:\/\/www.europesays.com\/fr\/wp-json\/wp\/v2\/posts"}],"about":[{"href":"https:\/\/www.europesays.com\/fr\/wp-json\/wp\/v2\/types\/post"}],"author":[{"embeddable":true,"href":"https:\/\/www.europesays.com\/fr\/wp-json\/wp\/v2\/users\/2"}],"replies":[{"embeddable":true,"href":"https:\/\/www.europesays.com\/fr\/wp-json\/wp\/v2\/comments?post=351142"}],"version-history":[{"count":0,"href":"https:\/\/www.europesays.com\/fr\/wp-json\/wp\/v2\/posts\/351142\/revisions"}],"wp:featuredmedia":[{"embeddable":true,"href":"https:\/\/www.europesays.com\/fr\/wp-json\/wp\/v2\/media\/351143"}],"wp:attachment":[{"href":"https:\/\/www.europesays.com\/fr\/wp-json\/wp\/v2\/media?parent=351142"}],"wp:term":[{"taxonomy":"category","embeddable":true,"href":"https:\/\/www.europesays.com\/fr\/wp-json\/wp\/v2\/categories?post=351142"},{"taxonomy":"post_tag","embeddable":true,"href":"https:\/\/www.europesays.com\/fr\/wp-json\/wp\/v2\/tags?post=351142"}],"curies":[{"name":"wp","href":"https:\/\/api.w.org\/{rel}","templated":true}]}}