{"id":351146,"date":"2025-08-29T02:12:12","date_gmt":"2025-08-29T02:12:12","guid":{"rendered":"https:\/\/www.europesays.com\/fr\/351146\/"},"modified":"2025-08-29T02:12:12","modified_gmt":"2025-08-29T02:12:12","slug":"rentree-2025-au-lycee-le-castel-les-internes-ont-eu-droits-a-une-pre-rentree-pour-diminuer-le-stress","status":"publish","type":"post","link":"https:\/\/www.europesays.com\/fr\/351146\/","title":{"rendered":"Rentr\u00e9e 2025 : au lyc\u00e9e Le Castel les internes ont eu droits \u00e0 une pr\u00e9-rentr\u00e9e pour \u00ab\u00a0diminuer le stress\u00a0\u00bb"},"content":{"rendered":"<p>Pour \u00ab\u00a0diminuer le stress\u00a0\u00bb des nouveaux internes le jour de la rentr\u00e9e Pascale Sovcik, proviseure du Lyc\u00e9e Le Castel a d\u00e9cid\u00e9 d&rsquo;organiser une pr\u00e9-rentr\u00e9e. Il faut dire qu&rsquo;avec ses plus de 2.000 \u00e9l\u00e8ves et ses 16 hectares Le Castel est une grosse machine qui peut s&rsquo;av\u00e9rer un peu impressionnante.  <\/p>\n<p>Ce lundi 1er septembre c&rsquo;est jour de rentr\u00e9e pour les \u00e9l\u00e8ves de la maternelle au lyc\u00e9e en C\u00f4te-d&rsquo;Or et partout en France. Rentr\u00e9e qui -comme l&rsquo;an pass\u00e9- devrait encore une fois \u00eatre marqu\u00e9e par une forte diminution du nombre d\u2019\u00e9l\u00e8ves dans notre d\u00e9partement. Il y a quelques semaines la rectrice d&rsquo;acad\u00e9mie s&rsquo;attendait \u00e0 2 616 \u00e9coliers de moins pour le premier degr\u00e9 et 700 \u00e9l\u00e8ves pour le second. Loin des statistiques, certains de nos jeunes ont eu droit \u00e0 une pr\u00e9-rentr\u00e9e histoire de se familiariser avec leur nouvel \u00e9tablissement. C&rsquo;\u00e9tait le cas ce jeudi 28 ao\u00fbt pour une centaine de lyc\u00e9ens qui int\u00e8grent cette ann\u00e9e l&rsquo;internat du lyc\u00e9e du Castel \u00e0 Dijon.<\/p>\n<p>loading<\/p>\n<p><img loading=\"lazy\" decoding=\"async\" class=\"VisualPreview svelte-1rldrkz\" src=\"data:image\/jpeg;base64,\/9j\/2wBDACgcHiMeGSgjISMtKygwPGRBPDc3PHtYXUlkkYCZlo+AjIqgtObDoKrarYqMyP\/L2u71\/\/\/\/m8H\/\/\/\/6\/+b9\/\/j\/2wBDASstLTw1PHZBQXb4pYyl+Pj4+Pj4+Pj4+Pj4+Pj4+Pj4+Pj4+Pj4+Pj4+Pj4+Pj4+Pj4+Pj4+Pj4+Pj4+Pj4+Pj\/wAARCAAfACoDASIAAhEBAxEB\/8QAFwAAAwEAAAAAAAAAAAAAAAAAAQIDAP\/EABgQAQEBAQEAAAAAAAAAAAAAAAABAhES\/8QAFwEBAQEBAAAAAAAAAAAAAAAAAgABA\/\/EABYRAQEBAAAAAAAAAAAAAAAAAAARAf\/aAAwDAQACEQMRAD8Apql6XWiehKKyilNG6G40aDWh0Y2pa0X0S0OuqWmjTSMpuqDqnoPSd0HpRlf\/2Q==\" alt=\"Lilou au fond de la chambre avec Jennyfer sa maman d\u00e9couvrent l'internat du lyc\u00e9e Le Castel\" width=\"600\" height=\"450\"\/>  Lilou au fond de la chambre avec Jennyfer sa maman d\u00e9couvrent l&rsquo;internat du lyc\u00e9e Le Castel \u00a9 Radio France &#8211; Thomas Nougaillon<\/p>\n<p>Le Castel est l&rsquo;un des gros \u00e9tablissements de C\u00f4te-d&rsquo;Or\u00a0: plus de 2.000 \u00e9l\u00e8ves et 300 internes, une centaine a eu la chance de participer \u00e0 cette pr\u00e9-rentr\u00e9e. Avant de venir passer leurs toutes premi\u00e8res nuits au lyc\u00e9e, ils ont pu laisser quelques affaires et d\u00e9couvrir ce qui sera bient\u00f4t leur nouveau cadre de vie. Cette journ\u00e9e de pr\u00e9-rentr\u00e9e c&rsquo;est la nouvelle proviseure Pascale Sovcik qui l&rsquo;a voulue. Il faut dire qu&rsquo;elle aussi fait sa toute premi\u00e8re rentr\u00e9e dans cet \u00e9tablissement. Auparavant Pascale Sovcik occupait le m\u00eame poste au\u00a0lyc\u00e9e Prieur de la C\u00f4te-d\u2019Or \u00e0 Auxonne. \u00ab\u00a0Effectivement c&rsquo;est ma premi\u00e8re rentr\u00e9e dans ce lyc\u00e9e un petit peu comme les internes que nous recevons aujourd&rsquo;hui. Quand j&rsquo;ai rencontr\u00e9 l&rsquo;\u00e9quipe \u00e9ducative en juillet, lorsque je suis venue prendre mes marques, je me suis dit qu&rsquo;il serait int\u00e9ressant -vu les dimensions de l&rsquo;\u00e9tablissement- de pr\u00e9voir un temps sp\u00e9cifique d&rsquo;accueil avec les internes. Parce que je sais par exp\u00e9rience que c&rsquo;est un temps qui peut \u00eatre un peu compliqu\u00e9 et g\u00e9n\u00e9rateur de stress. Alors autant diminuer ce stress le jour de la rentr\u00e9e. Ce temps de pr\u00e9-rentr\u00e9e rassure les \u00e9l\u00e8ves et c&rsquo;est valable \u00e9galement pour les parents, en fait \u00e7a rassure tout le monde\u00a0\u00bb sourit Pascale Sovcik.<\/p>\n<p>loading<\/p>\n<p>C&rsquo;est lundi que d\u00e9buteront les choses s\u00e9rieuses<\/p>\n<p>Les parents et les futurs \u00e9l\u00e8ves traversent la cour de l&rsquo;\u00e9tablissement en tirant derri\u00e8re eux de lourdes valises remplies de draps, d&rsquo;oreillers, de v\u00eatements et de livres qu&rsquo;ils laisseront dans les dortoirs ou plut\u00f4t&#8230; dans les chambres. \u00ab\u00a0Des chambres de deux ou de trois avec des petits boxes pour une intimit\u00e9 pr\u00e9serv\u00e9e puisque depuis leurs lits les \u00e9l\u00e8ves ne voient pas leurs camarades. Il y a donc pour eux cette possibilit\u00e9 d&rsquo;\u00eatre dans leur espace, dans leur cocon, rien \u00e0 voir avec les images d&rsquo;\u00c9pinal des dortoirs d&rsquo;antan\u00a0\u00bb\u00a0pr\u00e9cise Amandine Tassan, l&rsquo;une des quatre conseill\u00e8re principale d&rsquo;\u00e9ducation (CPE) du Lyc\u00e9e du Castel, en charge de l&rsquo;internat. Dans ce lyc\u00e9e polyvalent on accueille \u00e0 la fois des \u00e9l\u00e8ves issus de la fili\u00e8re professionnelle, des voies technologiques et g\u00e9n\u00e9rales. Mais on a encore un peu de temps pour parler \u00e9tudes.\u00a0\u00ab\u00a0L\u00e0 on se familiarise avec l&rsquo;endroit o\u00f9 l&rsquo;on va vivre une fois la journ\u00e9e de classe termin\u00e9e. Ce n&rsquo;est que lundi qu&rsquo;ils rencontreront les professeurs, c&rsquo;est \u00e0 ce moment l\u00e0 que l&rsquo;ann\u00e9e scolaire d\u00e9butera vraiment\u00a0\u00bb poursuit la CPE.<\/p>\n<p>loading<\/p>\n<p><img loading=\"lazy\" decoding=\"async\" class=\"VisualPreview svelte-1rldrkz\" src=\"data:image\/jpeg;base64,\/9j\/2wBDACgcHiMeGSgjISMtKygwPGRBPDc3PHtYXUlkkYCZlo+AjIqgtObDoKrarYqMyP\/L2u71\/\/\/\/m8H\/\/\/\/6\/+b9\/\/j\/2wBDASstLTw1PHZBQXb4pYyl+Pj4+Pj4+Pj4+Pj4+Pj4+Pj4+Pj4+Pj4+Pj4+Pj4+Pj4+Pj4+Pj4+Pj4+Pj4+Pj4+Pj\/wAARCAAfACoDASIAAhEBAxEB\/8QAFwABAQEBAAAAAAAAAAAAAAAAAQIDAP\/EABcQAQEBAQAAAAAAAAAAAAAAAAEAERL\/xAAWAQEBAQAAAAAAAAAAAAAAAAABAAL\/xAAVEQEBAAAAAAAAAAAAAAAAAAAAEf\/aAAwDAQACEQMRAD8AyGsbEaxslsMjZjVspe3dWex1IYkkpEQrGdoGomIrGy0yH\/\/Z\" alt=\"La centaine d'\u00e9l\u00e8ves et leurs parents ont \u00e9t\u00e9 re\u00e7us par l'\u00e9quipe p\u00e9dagogique du lyc\u00e9e Le Castel ce jeudi soir\" width=\"600\" height=\"450\"\/>  La centaine d&rsquo;\u00e9l\u00e8ves et leurs parents ont \u00e9t\u00e9 re\u00e7us par l&rsquo;\u00e9quipe p\u00e9dagogique du lyc\u00e9e Le Castel ce jeudi soir \u00a9 Radio France &#8211; Thomas Nougaillon<img loading=\"lazy\" decoding=\"async\" class=\"VisualPreview svelte-1rldrkz\" src=\"data:image\/jpeg;base64,\/9j\/2wBDACgcHiMeGSgjISMtKygwPGRBPDc3PHtYXUlkkYCZlo+AjIqgtObDoKrarYqMyP\/L2u71\/\/\/\/m8H\/\/\/\/6\/+b9\/\/j\/2wBDASstLTw1PHZBQXb4pYyl+Pj4+Pj4+Pj4+Pj4+Pj4+Pj4+Pj4+Pj4+Pj4+Pj4+Pj4+Pj4+Pj4+Pj4+Pj4+Pj4+Pj\/wAARCAAfACoDASIAAhEBAxEB\/8QAGAABAQEBAQAAAAAAAAAAAAAAAQIDAAT\/xAAYEAEBAQEBAAAAAAAAAAAAAAAAARIRAv\/EABYBAQEBAAAAAAAAAAAAAAAAAAABAv\/EABURAQEAAAAAAAAAAAAAAAAAAAAR\/9oADAMBAAIRAxEAPwA4V2JqAqKsWIMrA0vlOUg9NTTXNCeHhhkGk5GGshyI\/9k=\" alt=\"Pascale Sovcik, proviseure du Lyc\u00e9e Le Castel\" width=\"600\" height=\"450\"\/>  Pascale Sovcik, proviseure du Lyc\u00e9e Le Castel \u00a9 Radio France &#8211; Thomas Nougaillon\u00a0\u00bbAu d\u00e9but elle va nous appeler tous les jours\u00a0\u00bb pr\u00e9dit Jennyfer maman de Lilou<\/p>\n<p>Dans les couloirs de l&rsquo;internat on voit des sourires, des visages un peu plus crisp\u00e9s, on voit aussi des parents inquiets et d&rsquo;autres contents que les vacances scolaires se terminent. Des sentiments mitig\u00e9s, mais c&rsquo;est plut\u00f4t normal en cette p\u00e9riode de rentr\u00e9e scolaire. Dans le couloir qui m\u00e8nent aux chambres Jennyfer et sa fille Lilou -elles- n&rsquo;en m\u00e8nent pas large. La jeune fille de 15 ans vient d&rsquo;une petite commune du Jura, elle va suivre un cursus pour devenir p\u00e2tissi\u00e8re. \u00ab\u00a0Je pars loin de ma famille et c&rsquo;est la premi\u00e8re fois que je vais \u00e0 l&rsquo;internat\u00a0\u00bb souffle t-elle. Sa maman conc\u00e8de de son c\u00f4t\u00e9 subir un \u00ab\u00a0gros, gros stress, maintenant pour ma fille \u00e7a va \u00eatre le train, le tramway, le bus, quand on vient de petites r\u00e9gions comme la n\u00f4tre d\u00e9couvrir une ville comme Dijon c&rsquo;est d\u00e9j\u00e0 \u00e9norme\u00a0\u00bb. La maman et sa fille prennent possession de la partie de chambre que Lilou va occuper durant un an. On tire les rideaux, on fait connaissance avec l&rsquo;une des autres occupantes, on \u00e9change quelques sourires. \u00ab\u00a0Je pense que Lilou au d\u00e9but va nous appeler tous les soirs et apr\u00e8s elle fera comme son fr\u00e8re, elle ne nous appellera plus du tout\u00a0\u00bb tente de se rassurer Jennyfer d\u00e9j\u00e0 maman d&rsquo;un gar\u00e7on lui aussi passer par un internat il y a quelques ann\u00e9es de cela.<\/p>\n","protected":false},"excerpt":{"rendered":"Pour \u00ab\u00a0diminuer le stress\u00a0\u00bb des nouveaux internes le jour de la rentr\u00e9e Pascale Sovcik, proviseure du Lyc\u00e9e Le&hellip;\n","protected":false},"author":2,"featured_media":351147,"comment_status":"","ping_status":"","sticky":false,"template":"","format":"standard","meta":{"footnotes":""},"categories":[1586],"tags":[11,1777,674,1779,1011,27,12,25,1778,364],"class_list":{"0":"post-351146","1":"post","2":"type-post","3":"status-publish","4":"format-standard","5":"has-post-thumbnail","7":"category-europe","8":"tag-actualites","9":"tag-eu","10":"tag-europe","11":"tag-european-union","12":"tag-fr","13":"tag-france","14":"tag-news","15":"tag-republique-francaise","16":"tag-ue","17":"tag-union-europeenne"},"share_on_mastodon":{"url":"https:\/\/pubeurope.com\/@fr\/115109635229162942","error":""},"_links":{"self":[{"href":"https:\/\/www.europesays.com\/fr\/wp-json\/wp\/v2\/posts\/351146","targetHints":{"allow":["GET"]}}],"collection":[{"href":"https:\/\/www.europesays.com\/fr\/wp-json\/wp\/v2\/posts"}],"about":[{"href":"https:\/\/www.europesays.com\/fr\/wp-json\/wp\/v2\/types\/post"}],"author":[{"embeddable":true,"href":"https:\/\/www.europesays.com\/fr\/wp-json\/wp\/v2\/users\/2"}],"replies":[{"embeddable":true,"href":"https:\/\/www.europesays.com\/fr\/wp-json\/wp\/v2\/comments?post=351146"}],"version-history":[{"count":0,"href":"https:\/\/www.europesays.com\/fr\/wp-json\/wp\/v2\/posts\/351146\/revisions"}],"wp:featuredmedia":[{"embeddable":true,"href":"https:\/\/www.europesays.com\/fr\/wp-json\/wp\/v2\/media\/351147"}],"wp:attachment":[{"href":"https:\/\/www.europesays.com\/fr\/wp-json\/wp\/v2\/media?parent=351146"}],"wp:term":[{"taxonomy":"category","embeddable":true,"href":"https:\/\/www.europesays.com\/fr\/wp-json\/wp\/v2\/categories?post=351146"},{"taxonomy":"post_tag","embeddable":true,"href":"https:\/\/www.europesays.com\/fr\/wp-json\/wp\/v2\/tags?post=351146"}],"curies":[{"name":"wp","href":"https:\/\/api.w.org\/{rel}","templated":true}]}}