{"id":351158,"date":"2025-08-29T02:21:22","date_gmt":"2025-08-29T02:21:22","guid":{"rendered":"https:\/\/www.europesays.com\/fr\/351158\/"},"modified":"2025-08-29T02:21:22","modified_gmt":"2025-08-29T02:21:22","slug":"le-balaton-une-opportunite-pour-honda-et-une-reussite-pour-marini","status":"publish","type":"post","link":"https:\/\/www.europesays.com\/fr\/351158\/","title":{"rendered":"Le Balaton, une opportunit\u00e9 pour Honda et une r\u00e9ussite pour Marini"},"content":{"rendered":"<p>Le GP de Hongrie a vu les Honda d&rsquo;usine briller comme rarement. <a href=\"https:\/\/fr.motorsport.com\/driver\/luca-marini\/201098\/\" target=\"_blank\" rel=\"noopener nofollow\">Luca Marini<\/a> a d\u00e9croch\u00e9 ses deux meilleurs r\u00e9sultats avec la marque, tant en sprint (quatri\u00e8me) qu&rsquo;en course principale. <a href=\"https:\/\/fr.motorsport.com\/driver\/joan-mir\/289392\/\" target=\"_blank\" rel=\"noopener nofollow\">Joan Mir<\/a>, quant \u00e0 lui, a permis un double top 6 in\u00e9dit pour son \u00e9quipe dans le format sprint, avant cependant de partir \u00e0 la faute le dimanche. Malgr\u00e9 tout, les 21 points totalis\u00e9s repr\u00e9sentent le meilleur score du team d&rsquo;usine du HRC depuis que les deux hommes sont associ\u00e9s.<\/p>\n<p>\u00ab\u00a0\u00c7a a \u00e9t\u00e9 un week-end tr\u00e8s solide\u00a0\u00bb, se r\u00e9jouit Marini au micro du site officiel du MotoGP. \u00ab\u00a0Je me suis senti \u00e0 l&rsquo;aise d\u00e8s les premiers essais sur ce qui \u00e9tait une nouvelle piste. Je savais que \u00e7a pourrait \u00eatre une bonne opportunit\u00e9 pour nous, alors j&rsquo;ai essay\u00e9 de travailler tr\u00e8s dur d\u00e8s le d\u00e9but et d&rsquo;am\u00e9liorer mon pilotage sur la moto.\u00a0\u00bb<\/p>\n<p>\u00ab\u00a0On a beaucoup progress\u00e9 tous ensemble ce week-end, on a fait les bons changements sur les r\u00e9glages et je me suis senti tr\u00e8s \u00e0 l&rsquo;aise sur la moto. Avec de bonnes qualifications et un bon d\u00e9part, tout est plus facile, donc \u00e7a a vraiment \u00e9t\u00e9 un bon week-end.\u00a0\u00bb<\/p>\n<p>Aux yeux de Luca Marini, les sp\u00e9cificit\u00e9s du Balaton Park ont jou\u00e9 en faveur de la RC213V, notamment le fait que la piste offre une tr\u00e8s bonne adh\u00e9rence. \u00ab\u00a0Notre moto fonctionne bien ici, et \u00e9tant donn\u00e9 que c&rsquo;est une nouvelle piste, personne n&rsquo;a de donn\u00e9es et il est donc un peu plus facile d&rsquo;\u00eatre comp\u00e9titif. \u00c0 Barcelone, ce sera dur\u00a0\u00bb,\u00a0anticipe-t-il d\u00e9j\u00e0.<\/p>\n<p>   <img decoding=\"async\" draggable=\"false\" src=\"https:\/\/www.europesays.com\/fr\/wp-content\/uploads\/2025\/08\/1756434081_314_luca-marini-honda-hrc.jpg\" alt=\"Luca Marini a saisi sa chance lors des deux d\u00e9parts.\" width=\"1200\" height=\"800\" loading=\"lazy\"\/> <\/p>\n<p class=\"title\">Luca Marini a saisi sa chance lors des deux d\u00e9parts.<\/p>\n<p class=\"photographer\">Photo de: Gold and Goose Photography \/ LAT Images \/ via Getty Images<\/p>\n<p>En attendant, l&rsquo;Italien s&rsquo;est qualifi\u00e9 neuvi\u00e8me, puis il s&rsquo;est illustr\u00e9 dans ses d\u00e9parts avant de faire preuve d&rsquo;une belle r\u00e9sistance, en partie aid\u00e9e par l&rsquo;\u00e9troitesse d&rsquo;une piste offrant peu d&rsquo;opportunit\u00e9s de d\u00e9passements, mais pas seulement.<\/p>\n<p>\u00ab\u00a0\u00c9videmment, on a eu un peu de chance dans le premier virage\u00a0\u00bb, admettait-il apr\u00e8s sa quatri\u00e8me place samedi, \u00ab\u00a0mais j&rsquo;ai vu que Fabio [Quartararo] freinait trop tard alors j&rsquo;ai essay\u00e9 de trouver le bon endroit o\u00f9 passer pour tenter de d\u00e9passer beaucoup de pilotes. \u00c7a a \u00e9t\u00e9 positif. Je voulais vraiment monter sur le podium, alors j&rsquo;ai essay\u00e9 de d\u00e9passer Franky [Morbidelli], de lui mettre un peu la pression, mais il n&rsquo;a fait aucune erreur et sur cette piste, si le pilote de devant pilote bien, c&rsquo;est super difficile de d\u00e9passer.\u00a0\u00bb<\/p>\n<p>Dimanche, Marini \u00e9tait \u00e0 nouveau aux portes du podium avant de se faire rattraper par un Jorge Mart\u00edn tr\u00e8s efficace en fin d&rsquo;\u00e9preuve. Son top 5 reste une grande r\u00e9ussite \u00e0 ses yeux, mais dans la lign\u00e9e d&rsquo;un week-end rondement men\u00e9.<\/p>\n<p>\u00ab\u00a0J&rsquo;ai le sentiment que ce type de r\u00e9sultat aurait aussi pu intervenir par le pass\u00e9, sur d&rsquo;autres circuits, or je n&rsquo;avais malheureusement pas pu aller directement en Q2. En passer par la Q1 fait que c&rsquo;est toujours tr\u00e8s difficile et quand on part derri\u00e8re, il y a toujours moins d&rsquo;opportunit\u00e9s d&rsquo;obtenir de bons r\u00e9sultats. Cependant, ce week-end, tout a bien fonctionn\u00e9. On a eu un peu de chance [samedi], puis [dimanche] j&rsquo;ai simplement pris un bon d\u00e9part et fait de bons d\u00e9passements sur une piste qui \u00e9tait pourtant difficile.\u00a0\u00bb<\/p>\n<p>Lire aussi :<\/p>\n<p>Moins de r\u00e9ussite pour Joan Mir<\/p>\n<p>Joan Mir avait bien conscience lui aussi de l&rsquo;opportunit\u00e9 qui s&rsquo;offrait en Hongrie, n\u00e9anmoins il est \u00e0 la fois apparu moins chanceux que son co\u00e9quipier et a commis quelques erreurs co\u00fbteuses.<\/p>\n<p>Apr\u00e8s la course sprint, l&rsquo;Espagnol se disait heureux de sa sixi\u00e8me place quoiqu&rsquo;un peu sur sa faim\u00a0:\u00a0\u00ab\u00a0Mon objectif ce week-end \u00e9tait d&rsquo;essayer d&rsquo;obtenir une certaine constance en termes de r\u00e9sultats, de toujours me maintenir autour de la cinqui\u00e8me, sixi\u00e8me ou septi\u00e8me place et je crois qu&rsquo;on obtient d\u00e9sormais ces r\u00e9sultats de mani\u00e8re constante. Pour autant, je ne suis pas satisfait \u00e0 100% parce que j&rsquo;ai fait une erreur dans le deuxi\u00e8me virage, j&rsquo;ai \u00e9largi et \u00e7a m&rsquo;a fait perdre deux places. Et puis, je n&rsquo;ai pas pu d\u00e9passer Ferm\u00edn [Aldeguer], c&rsquo;\u00e9tait tr\u00e8s dur.\u00a0\u00bb<\/p>\n<p>Mir a notamment expliqu\u00e9 s&rsquo;\u00eatre senti mal \u00e0 l&rsquo;aise avec le nouveau ch\u00e2ssis qu&rsquo;il a adopt\u00e9 ce week-end et que son co\u00e9quipier avait d\u00e9j\u00e0 adopt\u00e9 pr\u00e9c\u00e9demment. \u00ab\u00a0Luca a pris un tr\u00e8s bon d\u00e9part et ensuite il a gard\u00e9 sa position. J&rsquo;avais quelque chose de plus en r\u00e9serve dans les premiers tours, mais quand j&rsquo;ai vu que j&rsquo;avais ce probl\u00e8me de ch\u00e2ssis et en \u00e9tant derri\u00e8re lui, alors que j&rsquo;avais frein\u00e9 au m\u00eame endroit, j&rsquo;ai failli le percuter par derri\u00e8re.\u00a0\u00bb<\/p>\n<p>\u00ab\u00a0Alors, je me suis dit &lsquo;OK, Joan, relax et essaye de finir la course !&rsquo;. On \u00e9tait en bonne position et, quand j&rsquo;ai \u00e9largi, j&rsquo;ai vu aussi qu&rsquo;on s&rsquo;\u00e9tait d\u00e9tach\u00e9 des autres alors je me suis dit qu&rsquo;il valait peut-\u00eatre mieux se satisfaire de cette sixi\u00e8me place ou bien essayer quelque chose de plus \u00e0 la fin.\u00a0\u00bb<\/p>\n<p>   <img decoding=\"async\" draggable=\"false\" src=\"https:\/\/www.europesays.com\/fr\/wp-content\/uploads\/2025\/08\/1756434082_342_joan-mir-honda-hrc.jpg\" alt=\"Joan Mir repart avec une sixi\u00e8me place au sprint, avant une chute en course.\" width=\"1200\" height=\"800\" loading=\"lazy\"\/> <\/p>\n<p class=\"title\">Joan Mir repart avec une sixi\u00e8me place au sprint, avant une chute en course.<\/p>\n<p class=\"photographer\">Photo de: Gold and Goose Photography \/ LAT Images \/ via Getty Images<\/p>\n<p>Dimanche, loin du bond fait par Marini \u00e0 l&rsquo;extinction des feux, Mir a fortement recul\u00e9 dans le c\u0153ur du peloton, en proie \u00e0 un souci d&#8217;embrayage. Apr\u00e8s deux premiers tours qu&rsquo;il a d\u00e9crits comme ayant \u00e9t\u00e9 \u00ab\u00a0un v\u00e9ritable cauchemar\u00a0\u00bb, il a fini par tomber.<\/p>\n<p>\u00ab\u00a0Au d\u00e9part, j&rsquo;ai perdu beaucoup de positions \u00e0 cause d&rsquo;un probl\u00e8me \u00e9trange avec l&#8217;embrayage, je ne sais pas vraiment ce qui s&rsquo;est pass\u00e9. Et en \u00e9tant ainsi \u00e0 l&rsquo;arri\u00e8re, \u00e0 cause de ce mauvais d\u00e9part, je n&rsquo;arrivais pas \u00e0 bien stopper la moto et \u00e0 faire monter le pneu arri\u00e8re en temp\u00e9rature, j&rsquo;avais beaucoup de mal. Ensuite, j&rsquo;ai juste fait une erreur et perdu l&rsquo;avant\u00a0\u00bb, raconte-t-il.<\/p>\n<p>\u00ab\u00a0Je suis tr\u00e8s d\u00e9\u00e7u parce qu&rsquo;on a g\u00e2ch\u00e9 une opportunit\u00e9\u00a0\u00bb, regrette Joan Mir. \u00ab\u00a0Aujourd&rsquo;hui, on avait l&rsquo;opportunit\u00e9 de faire quelque chose de plus. On est actuellement dans un bon moment, je me sens tr\u00e8s bien avec la moto, je trouve qu&rsquo;on progresse bien mais \u00e7a n&rsquo;est \u00e9videmment pas la bonne mani\u00e8re de terminer une course. J&rsquo;esp\u00e8re qu&rsquo;on aura une autre chance \u00e0 Barcelone.\u00a0\u00bb<\/p>\n<p>\u00ab\u00a0Le potentiel de cette moto est de faire sixi\u00e8me ou septi\u00e8me en conditions normales. Et s&rsquo;il se passe quelque chose devant on peut faire quelque chose de plus. Luca a fait un tr\u00e8s bon week-end dans l&rsquo;ensemble, alors c&rsquo;est encourageant. Je suis d\u00e9\u00e7u, \u00e9videmment, parce que d&rsquo;un c\u00f4t\u00e9 je me dis que je pouvais obtenir quelque chose de plus mais, de nos jours, il faut que tout soit \u00e0 100%, sans quoi on est compl\u00e8tement fichu. En tout cas, je suis content pour Luca.\u00a0\u00bb<\/p>\n<p>Lire aussi :<\/p>\n<p>Dans cet article<\/p>\n<p>Soyez le premier inform\u00e9 et souscrivez aux alertes mails pour recevoir les infos en temps r\u00e9el<\/p>\n<p>    S&rsquo;abonner aux alertes de news<\/p>\n","protected":false},"excerpt":{"rendered":"Le GP de Hongrie a vu les Honda d&rsquo;usine briller comme rarement. Luca Marini a d\u00e9croch\u00e9 ses deux&hellip;\n","protected":false},"author":2,"featured_media":351159,"comment_status":"","ping_status":"","sticky":false,"template":"","format":"standard","meta":{"footnotes":""},"categories":[1413],"tags":[21747,1011,27,21746,3345,3346,48774,15966,1457,1456,1458,60,48775],"class_list":{"0":"post-351158","1":"post","2":"type-post","3":"status-publish","4":"format-standard","5":"has-post-thumbnail","7":"category-moto","8":"tag-balaton-park","9":"tag-fr","10":"tag-france","11":"tag-gp-de-hongrie","12":"tag-honda-hrc","13":"tag-joan-mir","14":"tag-le-balaton","15":"tag-luca-marini","16":"tag-moto","17":"tag-motocycle","18":"tag-motogp","19":"tag-sports","20":"tag-une-opportunitu00e9-pour-honda-et-une-ru00e9ussite-pour-marini"},"share_on_mastodon":{"url":"https:\/\/pubeurope.com\/@fr\/115109670919882922","error":""},"_links":{"self":[{"href":"https:\/\/www.europesays.com\/fr\/wp-json\/wp\/v2\/posts\/351158","targetHints":{"allow":["GET"]}}],"collection":[{"href":"https:\/\/www.europesays.com\/fr\/wp-json\/wp\/v2\/posts"}],"about":[{"href":"https:\/\/www.europesays.com\/fr\/wp-json\/wp\/v2\/types\/post"}],"author":[{"embeddable":true,"href":"https:\/\/www.europesays.com\/fr\/wp-json\/wp\/v2\/users\/2"}],"replies":[{"embeddable":true,"href":"https:\/\/www.europesays.com\/fr\/wp-json\/wp\/v2\/comments?post=351158"}],"version-history":[{"count":0,"href":"https:\/\/www.europesays.com\/fr\/wp-json\/wp\/v2\/posts\/351158\/revisions"}],"wp:featuredmedia":[{"embeddable":true,"href":"https:\/\/www.europesays.com\/fr\/wp-json\/wp\/v2\/media\/351159"}],"wp:attachment":[{"href":"https:\/\/www.europesays.com\/fr\/wp-json\/wp\/v2\/media?parent=351158"}],"wp:term":[{"taxonomy":"category","embeddable":true,"href":"https:\/\/www.europesays.com\/fr\/wp-json\/wp\/v2\/categories?post=351158"},{"taxonomy":"post_tag","embeddable":true,"href":"https:\/\/www.europesays.com\/fr\/wp-json\/wp\/v2\/tags?post=351158"}],"curies":[{"name":"wp","href":"https:\/\/api.w.org\/{rel}","templated":true}]}}