{"id":351164,"date":"2025-08-29T02:24:15","date_gmt":"2025-08-29T02:24:15","guid":{"rendered":"https:\/\/www.europesays.com\/fr\/351164\/"},"modified":"2025-08-29T02:24:15","modified_gmt":"2025-08-29T02:24:15","slug":"mercato-20me-le-psg-va-boucler-un-tres-gros-coup","status":"publish","type":"post","link":"https:\/\/www.europesays.com\/fr\/351164\/","title":{"rendered":"Mercato &#8211; 20M\u20ac : Le PSG va boucler un tr\u00e8s gros coup !"},"content":{"rendered":"<p>                    Benjamin Labrousse<br \/>\n                        &#8211;<\/p>\n<p>R\u00e9dacteur<\/p>\n<p>Malgr\u00e9 un double cursus Espagnol\/Communication, j\u2019ai d\u00e9cid\u00e9 de prendre en main mes r\u00eaves en me dirigeant vers le journalisme. Dipl\u00f4m\u00e9 d\u2019un master en journalisme de sport, je couvre l\u2019actualit\u00e9 sportive et footballistique avec toujours autant d\u2019admiration pour les p\u00e9riode de mercato, o\u00f9 un club se doit de faire des choix cruciaux pour la saison prochaine.<\/p>\n<p class=\"heading\">Durant l\u2019\u00e9t\u00e9 2023, le PSG d\u00e9cidait de tenter un pari en signant Marco Asensio, libre de tout contrat apr\u00e8s son aventure au Real Madrid. De moins en moins utilis\u00e9 par Luis Enrique, l\u2019Espagnol avait rejoint Aston Villa en pr\u00eat la saison derni\u00e8re. Le joueur de 29 ans s\u2019appr\u00eate \u00e0 signer d\u00e9finitivement chez les Villans pour 20M\u20ac.<\/p>\n<p>Le <a href=\"https:\/\/le10sport.com\/football\/mercato\/la-grosse-annonce-du-psg-sur-le-mercato-756017\" rel=\"nofollow noopener\" target=\"_blank\"><strong>PSG <\/strong><\/a>devrait vivre une fin de mercato estival plut\u00f4t anim\u00e9e. Car si sur le plan des arriv\u00e9es, <strong>Paris <\/strong>devrait se contenter de <strong>Renato Marin<\/strong>, <strong>Lucas Chevalier<\/strong> et <strong>Illya Zabarnyi<\/strong>, du c\u00f4t\u00e9 des d\u00e9parts, plusieurs gros dossiers sont en cours. Les dirigeants parisiens finalisent les d\u00e9parts de certains joueurs, dont <strong>Marco Asensio<\/strong>.<\/p>\n<p>                                            Asensio vers Aston Villa<\/p>\n<p>Peu utilis\u00e9 par <strong>Luis Enrique<\/strong> en seconde partie de saison derni\u00e8re, l\u2019offensif espagnol avait rejoint <strong>Aston Villa<\/strong> en pr\u00eat. <strong>Marco Asensio<\/strong> semble avoir convaincu <strong>Una\u00ef Emery<\/strong>, \u00e9tant donn\u00e9 que le club anglais cherche depuis plusieurs semaines \u00e0 recruter d\u00e9finitivement le joueur form\u00e9 \u00e0 <strong>Majorque<\/strong>. D\u2019apr\u00e8s l\u2019Equipe, les \u00ab\u00a0Villans\u00a0\u00bb ont formul\u00e9 une offre de 15M\u20ac afin de faire plier le <strong>PSG<\/strong>.<\/p>\n<p>                                            Une belle vente \u00e0 20M\u20ac pour le PSG<\/p>\n<p>Cependant, comme l\u2019indique le quotidien, les dirigeants parisiens ne bougent pas, et attendent toujours 20M\u20ac pour l\u00e2cher <strong>Marco Asensio<\/strong>. Les positions entre les deux clubs se rapprochent, et tous croient en une issue favorable d\u2019ici la fin du mercato estival.<\/p>\n","protected":false},"excerpt":{"rendered":"Benjamin Labrousse &#8211; R\u00e9dacteur Malgr\u00e9 un double cursus Espagnol\/Communication, j\u2019ai d\u00e9cid\u00e9 de prendre en main mes r\u00eaves en&hellip;\n","protected":false},"author":2,"featured_media":351165,"comment_status":"","ping_status":"","sticky":false,"template":"","format":"standard","meta":{"footnotes":""},"categories":[1410],"tags":[63,1011,27,60],"class_list":{"0":"post-351164","1":"post","2":"type-post","3":"status-publish","4":"format-standard","5":"has-post-thumbnail","7":"category-football","8":"tag-football","9":"tag-fr","10":"tag-france","11":"tag-sports"},"share_on_mastodon":{"url":"https:\/\/pubeurope.com\/@fr\/115109682574327283","error":""},"_links":{"self":[{"href":"https:\/\/www.europesays.com\/fr\/wp-json\/wp\/v2\/posts\/351164","targetHints":{"allow":["GET"]}}],"collection":[{"href":"https:\/\/www.europesays.com\/fr\/wp-json\/wp\/v2\/posts"}],"about":[{"href":"https:\/\/www.europesays.com\/fr\/wp-json\/wp\/v2\/types\/post"}],"author":[{"embeddable":true,"href":"https:\/\/www.europesays.com\/fr\/wp-json\/wp\/v2\/users\/2"}],"replies":[{"embeddable":true,"href":"https:\/\/www.europesays.com\/fr\/wp-json\/wp\/v2\/comments?post=351164"}],"version-history":[{"count":0,"href":"https:\/\/www.europesays.com\/fr\/wp-json\/wp\/v2\/posts\/351164\/revisions"}],"wp:featuredmedia":[{"embeddable":true,"href":"https:\/\/www.europesays.com\/fr\/wp-json\/wp\/v2\/media\/351165"}],"wp:attachment":[{"href":"https:\/\/www.europesays.com\/fr\/wp-json\/wp\/v2\/media?parent=351164"}],"wp:term":[{"taxonomy":"category","embeddable":true,"href":"https:\/\/www.europesays.com\/fr\/wp-json\/wp\/v2\/categories?post=351164"},{"taxonomy":"post_tag","embeddable":true,"href":"https:\/\/www.europesays.com\/fr\/wp-json\/wp\/v2\/tags?post=351164"}],"curies":[{"name":"wp","href":"https:\/\/api.w.org\/{rel}","templated":true}]}}