{"id":351166,"date":"2025-08-29T02:25:09","date_gmt":"2025-08-29T02:25:09","guid":{"rendered":"https:\/\/www.europesays.com\/fr\/351166\/"},"modified":"2025-08-29T02:25:09","modified_gmt":"2025-08-29T02:25:09","slug":"la-double-infection-a-pris-toute-la-main-mohamed-bouhafsi-hospitalise-durgence-avant-son-retour-a-lantenne-sur-france-5-midi-libre","status":"publish","type":"post","link":"https:\/\/www.europesays.com\/fr\/351166\/","title":{"rendered":"&quot;La double infection a pris toute la main&quot; : Mohamed Bouhafsi hospitalis\u00e9 d\u2019urgence avant son retour \u00e0 l\u2019antenne sur France 5 &#8211; Midi Libre"},"content":{"rendered":"<ol>\n<li><a href=\"https:\/\/news.google.com\/rss\/articles\/CBMi_AFBVV95cUxPMzRpem04WkZJTkt0eF9fTlpOdGhGd1paT3k0X0FUT29ZTHkzbHUwRkk2Z0lndUNXc0N2ZVpyMHhKa1VsSld4WmdwUHlXQ3E4QTloR2w4M3NySnJVM2lwVExQNGdZVHg2cUNBM1JrSFhhZ0owczhjNkRUbUtBM3RnaFVPOWp3bVlQWkVqbXR1eEhhUk1Cd0pqWVFKLWVNMHBPUEY2bDdWUFg1SGtla2lfSzFiRzlRNkE5MS1QeXRQTC1MUG45cXZ0alZUTEZha3NYd3JidUxSaVlsNFZ3Tkc3aGZPZzdQNHQ0cHRyWVpoczZtLWZQMkZjeHBkYW0?oc=5\" target=\"_blank\" rel=\"nofollow noopener\">\u00ab\u00a0La double infection a pris toute la main\u00a0\u00bb : Mohamed Bouhafsi hospitalis\u00e9 d\u2019urgence avant son retour \u00e0 l\u2019antenne sur France 5<\/a>&nbsp;&nbsp;Midi Libre<\/li>\n<li><a href=\"https:\/\/news.google.com\/rss\/articles\/CBMi2AFBVV95cUxQWVlhenJxZVBERzFKaXJ4YmlHSFpIWlEwblNsVS1jV2RvbU15QWgwMFFhdWhtMnRFZ2dBZ2xTNWUwU3VyZmNIQ2F1MmNaeExSRndPUnU3S1oxT1dBTWRDZXc2WkpFV1gyNjgxTkEtTWlrQVh4NG5Va3BMUE00eXRuNkRoMEREdHl6ZzFhN3Y0dHVaN2VmZ21sekdjekN3X2pxbzYtdnhaYU9LRm4yZVFsaDFyWHBsbHlLZEZVZ0J6SWpRY1NtbFV5WFcxYUJsY0NmTmgwa0Q0VF8?oc=5\" target=\"_blank\" rel=\"nofollow noopener\">Mohamed Bouhafsi : le journaliste op\u00e9r\u00e9 en urgence<\/a>&nbsp;&nbsp;journaldesfemmes.fr<\/li>\n<li><a href=\"https:\/\/news.google.com\/rss\/articles\/CBMicEFVX3lxTE9qMFZRVUJaVVpjRTdWOFdZMWFxMVVOWkw0MklzeTZycjNNeFNvRXpYZlZwRXg3TDFqMmF1VzdENmh1T0lGM0w5QWUwYTJCbS1hMlk3aFVnZkx5cERnT285d1REYTNZMmcxZjhsOU1sNkU?oc=5\" target=\"_blank\" rel=\"nofollow noopener\">C \u00e0 vous : mauvaise nouvelle pour un membre embl\u00e9matique, direction l&rsquo;h\u00f4pital \u00e0 quelques jours de la rentr\u00e9e<\/a>&nbsp;&nbsp;AlloCin\u00e9<\/li>\n<li><a href=\"https:\/\/news.google.com\/rss\/articles\/CBMimgJBVV95cUxORlVNRG9fdHZ4Y2JadG5BU0dJUzkyejVPMHA3MnM1UVVRNld2a29LUnkxU2R3bEZmSDJuOXZvYXNWY2JDSkFxbDl2SU9yOENUZWhZYWJPaEdXYWVfdUo1WFBCTWVtZnZfa3NZOHAxMTJWdU1LbkZiWnNDX0VUbE1GU3Z6TWpGTjI2S3AycVdiWjllNDU2aWs0SHliaVFsdmNvMWZOMGx2TTlJdGhoX3NsSU9GbmlkaF8zb21XbG4xVFNpNXF5cm5MbTJjQ1VILTdER1U4QV9IZElLTHBBV29jMjhzWDVzbnhSaU91Sy1qR011MkxtQkJqTmwtS0VwMUJKU01neERlT1VrNDNBRElEb0xTQWEwTGs4a2c?oc=5\" target=\"_blank\" rel=\"nofollow noopener\">Mohamed Bouhafsi pris en charge en clinique, il en dit plus sur ce qui lui est arriv\u00e9: \u00ab\u00a0\u00c7a a d\u00e9clench\u00e9 une double infection qui a pris toute la main\u00a0\u00bb<\/a>&nbsp;&nbsp;Purepeople<\/li>\n<li><a href=\"https:\/\/news.google.com\/rss\/articles\/CBMijAJBVV95cUxNZVA1ZnVOM2Z0VW5jQWlybHp2OVBnWDhnRjU5NElsYzR6eVVDbFJLZ2Y3Sm5SRkNXd3BIbERzYjd1Q1psMTd0MkpXcFJOWjJOWXkxdlZkSWxmVFhGMmhpRWt1TmJiQkFYS1pVZlFfOHpFNHJmdHFQU3NlYjFYdzFLR1ExclY1aVJiUU4tM2gyUGpVOWVQRjIxWGRPN0JfVEZqZUVPelV6cVo4eDl3WWdXekRxeEs1RVJoMzJ0ckQ1UHRIVkNKTTF2YkVfdU0tM0o2VnhKNGFIRDFyOXQtRnM3Y1VSUEpfakVFNEVKOHNyU29WZGszYTU0anZOQUFuR3k4LUppUFRlNHQ0akFo?oc=5\" target=\"_blank\" rel=\"nofollow noopener\">\u00ab\u00a0Je n&rsquo;ai pas dormi de la nuit, 40\u00b0 de fi\u00e8vre\u00a0\u00bb : Mohamed Bouhafsi se confie sur sa blessure qui l\u2019a conduit \u00e0 l\u2019h\u00f4pital<\/a>&nbsp;&nbsp;T\u00e9l\u00e9 7 Jours<\/li>\n<\/ol>\n","protected":false},"excerpt":{"rendered":"\u00ab\u00a0La double infection a pris toute la main\u00a0\u00bb : Mohamed Bouhafsi hospitalis\u00e9 d\u2019urgence avant son retour \u00e0 l\u2019antenne&hellip;\n","protected":false},"author":2,"featured_media":1445,"comment_status":"","ping_status":"","sticky":false,"template":"","format":"standard","meta":{"footnotes":""},"categories":[1359],"tags":[58,59,1011,27,973],"class_list":{"0":"post-351166","1":"post","2":"type-post","3":"status-publish","4":"format-standard","5":"has-post-thumbnail","7":"category-people","8":"tag-divertissement","9":"tag-entertainment","10":"tag-fr","11":"tag-france","12":"tag-people"},"share_on_mastodon":{"url":"https:\/\/pubeurope.com\/@fr\/115109686813525313","error":""},"_links":{"self":[{"href":"https:\/\/www.europesays.com\/fr\/wp-json\/wp\/v2\/posts\/351166","targetHints":{"allow":["GET"]}}],"collection":[{"href":"https:\/\/www.europesays.com\/fr\/wp-json\/wp\/v2\/posts"}],"about":[{"href":"https:\/\/www.europesays.com\/fr\/wp-json\/wp\/v2\/types\/post"}],"author":[{"embeddable":true,"href":"https:\/\/www.europesays.com\/fr\/wp-json\/wp\/v2\/users\/2"}],"replies":[{"embeddable":true,"href":"https:\/\/www.europesays.com\/fr\/wp-json\/wp\/v2\/comments?post=351166"}],"version-history":[{"count":0,"href":"https:\/\/www.europesays.com\/fr\/wp-json\/wp\/v2\/posts\/351166\/revisions"}],"wp:featuredmedia":[{"embeddable":true,"href":"https:\/\/www.europesays.com\/fr\/wp-json\/wp\/v2\/media\/1445"}],"wp:attachment":[{"href":"https:\/\/www.europesays.com\/fr\/wp-json\/wp\/v2\/media?parent=351166"}],"wp:term":[{"taxonomy":"category","embeddable":true,"href":"https:\/\/www.europesays.com\/fr\/wp-json\/wp\/v2\/categories?post=351166"},{"taxonomy":"post_tag","embeddable":true,"href":"https:\/\/www.europesays.com\/fr\/wp-json\/wp\/v2\/tags?post=351166"}],"curies":[{"name":"wp","href":"https:\/\/api.w.org\/{rel}","templated":true}]}}