{"id":351167,"date":"2025-08-29T02:26:16","date_gmt":"2025-08-29T02:26:16","guid":{"rendered":"https:\/\/www.europesays.com\/fr\/351167\/"},"modified":"2025-08-29T02:26:16","modified_gmt":"2025-08-29T02:26:16","slug":"5-livres-photo-a-ne-pas-manquer-3","status":"publish","type":"post","link":"https:\/\/www.europesays.com\/fr\/351167\/","title":{"rendered":"5 livres photo \u00e0 ne pas manquer"},"content":{"rendered":"<p>Chaque mois, Phototrend vous propose de\u00a0d\u00e9couvrir les livres photo qui nous ont marqu\u00e9s. En ce mois <strong>d\u2019ao\u00fbt 2025<\/strong>, voici 5 nouveaux ouvrages que nous avons s\u00e9lectionn\u00e9s pour vous.<\/p>\n<p>Ce mois-ci, <strong>Raymond Depardon<\/strong>, <strong>Carrie Mae Weems<\/strong>, le <strong>Cafoucho<\/strong> de Boby, la <strong>photographie moderniste br\u00e9silienne<\/strong> et les <strong>paysages nocturnes<\/strong> sont \u00e0 l\u2019honneur. Bonne lecture.<\/p>\n<p>Raymond Depardon, Desert<\/p>\n<p><img decoding=\"async\" width=\"1400\" height=\"934\" loading=\"lazy\" src=\"https:\/\/www.europesays.com\/fr\/wp-content\/uploads\/2025\/08\/raymond-depardon-desert.jpg\" alt=\"\" class=\"wp-image-246762\"  \/><\/p>\n<p><strong>Soixante ann\u00e9es de photographies prises en noir et blanc<\/strong> par\u00a0<a href=\"https:\/\/phototrend.fr\/tag\/Raymond-Depardon\/\" rel=\"nofollow noopener\" target=\"_blank\">Raymond Depardon<\/a>\u00a0dans le d\u00e9sert, de l\u2019Afrique du Nord au Moyen-Orient. Commandes photographiques, images saisies au fil de tournages, reportages politiques, mais aussi explorations plus intimes de onze r\u00e9gions \u00e0 la rencontre de leurs peuples.<\/p>\n<p>D\u00e9cor plus que sujet, le <strong>d\u00e9sert<\/strong>, son immensit\u00e9 rejoignant celle du ciel, parfois transperc\u00e9 de palmiers, <strong>se r\u00e9v\u00e8le<\/strong> \u00e0 travers l\u2019\u0153il de Depardon. <strong>Visages face \u00e0 l\u2019objectif<\/strong> ou ombre de silhouettes au creux d\u2019une dune composent ce <strong>panorama intemporel<\/strong>, et peut-\u00eatre plus confidentiel que d\u2019autres clich\u00e9s de ce ma\u00eetre de l\u2019image.<\/p>\n<p>Qu\u2019il s\u2019agisse de compl\u00e9ter une collection d\u00e9di\u00e9e \u00e0 cette <strong>l\u00e9gende du photojournalisme fran\u00e7ais<\/strong> ou de s\u2019\u00e9chapper <strong>au-del\u00e0 de notre ligne d\u2019horizon<\/strong>, l\u2019ouvrage publi\u00e9 cet \u00e9t\u00e9 par la Fondation Cartier pour l\u2019Art Contemporain est un \u00e9difice de beaut\u00e9 et de po\u00e9sie qui n\u2019a <strong>rien d\u2019un mirage<\/strong>.<\/p>\n<p><strong>D\u00e9sert, Raymond Depardon, Kamel Daoud<\/strong><br \/>\u00c9diteur : Fondation Cartier<br \/>59 \u20ac, 344 pages, reli\u00e9, 22,5 x 31 cm<br \/>Acheter le livre : <a href=\"https:\/\/www.leslibraires.fr\/livre\/24344789-raymond-depardon-desert-raymond-depardon-kamel-daoud-fondation-cartier?affiliate=phototrend\" rel=\"nofollow noopener\" target=\"_blank\">leslibraires.fr<\/a> \/ <a href=\"https:\/\/www.awin1.com\/cread.php?awinmid=12665&amp;awinaffid=282185&amp;clickref=&amp;p=https:\/\/www.fnac.com\/a21315726\/Raymond-Depardon-Raymond-Depardon-Desert\" rel=\"nofollow noopener\" target=\"_blank\">Fnac<\/a><\/p>\n<p>The Heart of the Matter<\/p>\n<p><img decoding=\"async\" width=\"1400\" height=\"933\" loading=\"lazy\" src=\"https:\/\/www.europesays.com\/fr\/wp-content\/uploads\/2025\/08\/the-heart-of-the-matter-carrie-mae-weems-.jpg\" alt=\"\" class=\"wp-image-246763\"  \/><\/p>\n<p>Figure majeure de la photographie am\u00e9ricaine encore trop peu expos\u00e9e en France, <a href=\"https:\/\/phototrend.fr\/2025\/08\/zoom-photographe-carrie-mae-weems\/\" rel=\"nofollow noopener\" target=\"_blank\">Carrie Mae Weems<\/a> est \u00e0 l\u2019honneur \u00e0 travers la publication chez <strong>Aperture<\/strong> de\u00a0The Heart of the Matter, \u00e9cho \u00e0 la r\u00e9trospective \u00e9ponyme pr\u00e9sent\u00e9e jusqu\u2019au 7 septembre \u00e0 Turin.\u00a0<\/p>\n<p>L\u2019ouvrage revient sur plus de <strong>quarante ans de cr\u00e9ation<\/strong> d\u2019une \u0153uvre conjuguant <strong>engagement politique<\/strong>, <strong>m\u00e9moire collective<\/strong> et <strong>regard intime<\/strong>. De ses premi\u00e8res s\u00e9ries documentaires (Family Pictures and Stories) \u00e0 l\u2019iconique\u00a0Kitchen Table Series, en passant par des travaux r\u00e9cents comme\u00a0Preach, Carrie Mae Weems explore <strong>l\u2019identit\u00e9 afro-am\u00e9ricaine<\/strong>, le genre, la classe sociale et la repr\u00e9sentation dans l\u2019histoire de l\u2019art. Photographie, vid\u00e9o, texte ou installation : chaque m\u00e9dium croise la <strong>rencontre de l\u2019intime et du politique<\/strong> pour mieux <strong>d\u00e9noncer les discriminations<\/strong>.<\/p>\n<p>Accompagn\u00e9 d\u2019essais, The Heart of the Matter trace le portrait d\u2019une artiste qui, depuis la fin des ann\u00e9es 1970, n\u2019a cess\u00e9 de donner <strong>voix et visage<\/strong> \u00e0 celles et ceux que l\u2019Histoire avait rel\u00e9gu\u00e9s <strong>en arri\u00e8re-plan<\/strong>. Un livre essentiel pour mesurer <strong>l\u2019influence<\/strong> et la <strong>n\u00e9cessit\u00e9<\/strong> de son travail.<\/p>\n<p><strong>The Heart of the Matter, Carrie Mae Weems<br \/><\/strong>\u00c9diteur : Aperture<br \/>75 $, 264 pages, 170\u00a0photographies,\u00a021,6 x 25,4 cm<br \/>Acheter le livre\u00a0:\u00a0<a href=\"https:\/\/aperture.org\/books\/carrie-mae-weems-the-heart-of-the-matter\/\" rel=\"nofollow noopener\" target=\"_blank\">Aperture<\/a><\/p>\n<p>Cafoucho<\/p>\n<p><img decoding=\"async\" width=\"940\" height=\"626\" loading=\"lazy\" src=\"https:\/\/www.europesays.com\/fr\/wp-content\/uploads\/2025\/08\/cafoucho-boby.jpg\" alt=\"\" class=\"wp-image-246764\"  \/><\/p>\n<p>Appelez-le simplement <strong>Boby<\/strong>. S\u2019il abandonne son qualificatif provoc celui qui s\u2019est fait connaitre comme\u00a0<a href=\"https:\/\/www.instagram.com\/odieuxboby\/\" rel=\"nofollow noopener\" target=\"_blank\">Odieux Boby<\/a>\u00a0ne se d\u00e9partit en rien de son <strong>regard ac\u00e9r\u00e9<\/strong>.\u00a0<strong>Cafoucho<\/strong>\u00a0est le premier titre du photographe et photojournaliste fran\u00e7ais, star des r\u00e9seaux sociaux et photographe officiel des jeux de Paris.\u00a0<\/p>\n<p>\u00c0 l\u2019image d\u2019un cafoucho, placard d\u00e9bordant de trouvailles et bric-\u00e0-brac, chez Boby le surnom donn\u00e9 par sa m\u00e8re \u00e0 sa chambre d\u2019ado, le livre rec\u00e8le <strong>d\u2019images glan\u00e9es en une quinzaine d\u2019ann\u00e9es<\/strong> au gr\u00e9 d\u2019occasions vari\u00e9es\u00a0: concerts, d\u00e9fil\u00e9s, manifs, portraits\u2026<\/p>\n<p>Le fil rouge\u2009? <strong>L\u2019irr\u00e9v\u00e9rence<\/strong> de leur auteur, ce que ne d\u00e9mentira pas la derni\u00e8re de couverture et le portrait pris \u00e0 l\u2019argentique de sa grand-m\u00e8re le majeur dress\u00e9. En guise de porte ici une <strong>couverture jaune solaire<\/strong> r\u00e9v\u00e9lant une pr\u00e9face du journaliste Benoit Baume, des textes de l\u2019iconographe Tess Raimbeau, de Liliboy, chanteuse du groupe \u00e9lectropop Deluxe, et d\u2019Oli du duo Big Flo &amp; Oli.<\/p>\n<p>Ce cafoucho l\u00e0 <strong>se laisse volontiers ouvert<\/strong> pour mieux laisser d\u00e9border cette flop\u00e9e d\u2019images si savamment mises en perspective. Un v\u00e9ritable <strong>kal\u00e9idoscope du monde d\u2019aujourd\u2019hui<\/strong> dans lequel il fait bon se perdre.<\/p>\n<p><strong>Cafoucho, Boby<\/strong><br \/>\u00c9diteur : Fisheye<br \/>43 \u20ac, 256 pages, reli\u00e9, 19,5 x 28 cm<br \/>Acheter le livre : <a href=\"https:\/\/store.fisheyemagazine.fr\/produit\/boby-cafoucho\/?srsltid=AfmBOoqQYx23DmzuhNJyV2K5YdnopmaDculBA3yH_K7CYpJq_T8TiVkn\" rel=\"nofollow noopener\" target=\"_blank\">Fisheye<\/a> \/ <a href=\"https:\/\/www.awin1.com\/cread.php?awinmid=12665&amp;awinaffid=282185&amp;clickref=&amp;p=https:\/\/www.fnac.com\/a21544149\/Boby-Cafoucho\" rel=\"nofollow noopener\" target=\"_blank\">Fnac<\/a><\/p>\n<p>Photographie moderniste br\u00e9silienne<\/p>\n<p><img decoding=\"async\" width=\"1400\" height=\"933\" loading=\"lazy\" src=\"https:\/\/www.europesays.com\/fr\/wp-content\/uploads\/2025\/08\/photographie-moderniste-bresilienne-photopoche.jpg\" alt=\"\" class=\"wp-image-246765\"  \/><\/p>\n<p>La collection Photo Poche s\u2019enrichit d\u2019un nouvel ouvrage. Fait in\u00e9dit, ce dernier est consacr\u00e9 \u00e0 un <strong>courant photographique<\/strong> \u2013 et non \u00e0 un seul auteur. N\u00e9e au tournant des deux moiti\u00e9s du XXe si\u00e8cle, la <strong>photographie moderniste<\/strong> est une r\u00e9ponse \u00e0 <strong>l\u2019industrialisation<\/strong> \u00e0 marche forc\u00e9e et aux progr\u00e8s techniques des pays occidentaux.<\/p>\n<p>Ainsi, les images pr\u00e9sent\u00e9es dans cet ouvrage illustrent un <strong>nouveau rapport au temps et \u00e0 l\u2019espace<\/strong>. En opposition aux mouvements pictorialistes, <strong>l\u2019ordre<\/strong>, la <strong>rationalit\u00e9<\/strong> et la <strong>nettet\u00e9<\/strong> sont recherch\u00e9s et mis en avant. Le contexte particulier du <strong>Br\u00e9sil<\/strong>, qui a connu une <strong>forte prosp\u00e9rit\u00e9<\/strong> entre les ann\u00e9es 1940 et 1960, a donn\u00e9 lieu \u00e0 un <strong>courant artistique d\u2019une grande richesse<\/strong>.<\/p>\n<p>R\u00e9dig\u00e9 par <strong>Helouise Costa<\/strong> et <strong>Marcella Legrand Marer,<\/strong> ce nouveau Photo Poche est structur\u00e9 en 3 grandes s\u00e9quences : les <strong>photo-clubs<\/strong>, la photographie <strong>documentaire<\/strong> et le <strong>photojournalisme<\/strong>. Au total, <strong>120 \u0153uvres<\/strong> de <strong>23 artistes<\/strong>, aux pratiques photographiques et au style parfois tr\u00e8s diff\u00e9rent, permettent de mieux appr\u00e9hender ce mouvement \u2013 qui n\u2019avait l\u2019objet d\u2019aucune publication en France jusqu\u2019\u00e0 ce jour.<\/p>\n<p><strong>La photographie moderniste br\u00e9silienne<\/strong>, <strong>Photo Poche<\/strong><br \/>\u00c9diteur : Actes Sud<br \/>19,50 \u20ac, 216 pages, broch\u00e9, 12,5 x 19 cm<br \/>Acheter le livre : <a href=\"https:\/\/actes-sud.fr\/catalogue\/photographie\/la-photographie-moderniste-bresilienne\" rel=\"nofollow noopener\" target=\"_blank\">Actes Sud<\/a> \/ <a href=\"https:\/\/www.awin1.com\/cread.php?awinmid=12665&amp;awinaffid=282185&amp;clickref=&amp;p=https:\/\/www.fnac.com\/a21315939\/Collectif-Photographie-moderniste-bresilienne\" rel=\"nofollow noopener\" target=\"_blank\">Fnac<\/a><\/p>\n<p>Les secrets de la photo de paysages nocturnes<\/p>\n<p><img decoding=\"async\" width=\"1400\" height=\"933\" loading=\"lazy\" src=\"https:\/\/www.europesays.com\/fr\/wp-content\/uploads\/2025\/08\/les-secrets-de-la-photo-de-paysages-nocturnes.jpg\" alt=\"\" class=\"wp-image-246766\"  \/><\/p>\n<p>Avec <strong>Les secrets de la photo de paysages nocturnes<\/strong> (\u00c9ditions Eyrolles), le photographe<strong> Jo\u00ebl Klinger<\/strong> livre un <strong>guide pratique<\/strong> pour apprivoiser la nuit et en r\u00e9v\u00e9ler toute la magie visuelle.<\/p>\n<p>L\u2019ouvrage s\u2019adresse autant <strong>aux amateurs curieux qu\u2019aux passionn\u00e9s<\/strong> d\u00e9sireux de perfectionner leur technique. L\u2019auteur aborde d\u2019abord les fondamentaux : pr\u00e9paration des sorties, <strong>choix du mat\u00e9riel adapt\u00e9,<\/strong> gestion de la lumi\u00e8re et compr\u00e9hension du ciel nocturne.<\/p>\n<p>L\u2019auteur explique, par exemple, comment composer avec<strong> les phases de la lune<\/strong>, la Voie lact\u00e9e ou les ph\u00e9nom\u00e8nes atmosph\u00e9riques, en insistant sur l\u2019importance de<strong> la planification et de l\u2019observation<\/strong>. La partie technique d\u00e9taille <strong>les r\u00e9glages essentiels<\/strong> (ouverture, temps de pose, sensibilit\u00e9 ISO, mise au point), tout en proposant des astuces pour \u00e9viter les \u00e9cueils classiques comme le bruit num\u00e9rique ou le flou.<\/p>\n<p>L\u2019approche reste <strong>accessible<\/strong>, avec de <strong>nombreux sch\u00e9mas et exemples<\/strong>. Au-del\u00e0 de l\u2019aspect pratique, le livre met en avant une dimension artistique : comment capter l\u2019\u00e9motion d\u2019un ciel \u00e9toil\u00e9, raconter une histoire \u00e0 travers la lumi\u00e8re et l\u2019ombre, et <strong>d\u00e9velopper un style personnel.<\/strong><\/p>\n<p>V\u00e9ritable invitation \u00e0 explorer la nuit, cet ouvrage se distingue par<strong> son \u00e9quilibre<\/strong> entre p\u00e9dagogie, conseils concrets et inspiration cr\u00e9ative.<\/p>\n<p><strong>Les secrets de la photo de paysages nocturnes, Jo\u00ebl Klinger<\/strong><br \/>\u00c9diteur : Eyrolles<br \/>23 \u20ac, 134 pages, broch\u00e9, 17 x 22,9 cm<br \/>Acheter le livre : <a href=\"https:\/\/www.eyrolles.com\/Audiovisuel\/Livre\/les-secrets-de-la-photo-de-paysages-nocturnes-9782416019326\/?ae=218\" rel=\"nofollow noopener\" target=\"_blank\">\u00c9ditions Eyrolles<\/a> \/ <a href=\"https:\/\/www.awin1.com\/cread.php?awinmid=12665&amp;awinaffid=282185&amp;clickref=&amp;p=https:\/\/www.fnac.com\/a21295260\/Joel-Klinger-Les-secrets-de-la-photo-de-paysages-nocturnes\" rel=\"nofollow noopener\" target=\"_blank\">Fnac<\/a><\/p>\n<p>\t\t\t\t\t\t\t\t\t<script async src=\"\/\/www.instagram.com\/embed.js\"><\/script><\/p>\n","protected":false},"excerpt":{"rendered":"Chaque mois, Phototrend vous propose de\u00a0d\u00e9couvrir les livres photo qui nous ont marqu\u00e9s. En ce mois d\u2019ao\u00fbt 2025,&hellip;\n","protected":false},"author":2,"featured_media":351168,"comment_status":"","ping_status":"","sticky":false,"template":"","format":"standard","meta":{"footnotes":""},"categories":[1358],"tags":[1348,1384,1385,34461,48776,1386,58,59,11615,1011,27,48777,6581,48778,48779,48780,14102],"class_list":{"0":"post-351167","1":"post","2":"type-post","3":"status-publish","4":"format-standard","5":"has-post-thumbnail","7":"category-arts-et-design","8":"tag-arts","9":"tag-arts-and-design","10":"tag-arts-et-design","11":"tag-boby","12":"tag-carrie-mae-weems","13":"tag-design","14":"tag-divertissement","15":"tag-entertainment","16":"tag-featured","17":"tag-fr","18":"tag-france","19":"tag-joel-klinger","20":"tag-livre-photo","21":"tag-photo-poche","22":"tag-photographie-moderniste-bresilienne","23":"tag-raymond-depardon","24":"tag-selection-livre-photo"},"share_on_mastodon":{"url":"https:\/\/pubeurope.com\/@fr\/115109690791165123","error":""},"_links":{"self":[{"href":"https:\/\/www.europesays.com\/fr\/wp-json\/wp\/v2\/posts\/351167","targetHints":{"allow":["GET"]}}],"collection":[{"href":"https:\/\/www.europesays.com\/fr\/wp-json\/wp\/v2\/posts"}],"about":[{"href":"https:\/\/www.europesays.com\/fr\/wp-json\/wp\/v2\/types\/post"}],"author":[{"embeddable":true,"href":"https:\/\/www.europesays.com\/fr\/wp-json\/wp\/v2\/users\/2"}],"replies":[{"embeddable":true,"href":"https:\/\/www.europesays.com\/fr\/wp-json\/wp\/v2\/comments?post=351167"}],"version-history":[{"count":0,"href":"https:\/\/www.europesays.com\/fr\/wp-json\/wp\/v2\/posts\/351167\/revisions"}],"wp:featuredmedia":[{"embeddable":true,"href":"https:\/\/www.europesays.com\/fr\/wp-json\/wp\/v2\/media\/351168"}],"wp:attachment":[{"href":"https:\/\/www.europesays.com\/fr\/wp-json\/wp\/v2\/media?parent=351167"}],"wp:term":[{"taxonomy":"category","embeddable":true,"href":"https:\/\/www.europesays.com\/fr\/wp-json\/wp\/v2\/categories?post=351167"},{"taxonomy":"post_tag","embeddable":true,"href":"https:\/\/www.europesays.com\/fr\/wp-json\/wp\/v2\/tags?post=351167"}],"curies":[{"name":"wp","href":"https:\/\/api.w.org\/{rel}","templated":true}]}}