{"id":351169,"date":"2025-08-29T02:27:13","date_gmt":"2025-08-29T02:27:13","guid":{"rendered":"https:\/\/www.europesays.com\/fr\/351169\/"},"modified":"2025-08-29T02:27:13","modified_gmt":"2025-08-29T02:27:13","slug":"gia-lai-expose-des-livres-pour-celebrer-les-80-ans-de-la-revolution-doctobre","status":"publish","type":"post","link":"https:\/\/www.europesays.com\/fr\/351169\/","title":{"rendered":"Gia Lai expose des livres pour c\u00e9l\u00e9brer les 80 ans de la R\u00e9volution d&rsquo;Octobre&#8230;"},"content":{"rendered":"<p>Pour c\u00e9l\u00e9brer le 80e anniversaire de la R\u00e9volution d&rsquo;ao\u00fbt et la F\u00eate nationale le 2 septembre, la Biblioth\u00e8que provinciale <a class=\"data-link\" data-org-href=\"https:\/\/www.vietnam.vn\/destination\/gia-lai\" href=\"https:\/\/www.vietnam.vn\/destination\/gia-lai\" title=\"Gia Lai\" target=\"_blank\" rel=\"nofollow noopener\">de Gia Lai<\/a> a organis\u00e9 une exposition de livres sur le th\u00e8me \u00ab Jalons historiques \u00bb.<\/p>\n<p> Plus de 500 livres (plus de 300 exemplaires imprim\u00e9s et plus de 200 exemplaires \u00e9lectroniques) couvrant les sujets suivants : <a class=\"data-link\" data-org-href=\"https:\/\/www.vietnam.vn\/authors\/dangcongsan-vn\" href=\"https:\/\/www.vietnam.vn\/authors\/dangcongsan-vn\" title=\"Parti communiste du Vietnam\" target=\"_blank\" rel=\"nofollow noopener\">Parti communiste du Vietnam<\/a> ; Pr\u00e9sident Ho Chi Minh ; R\u00e9volution d&rsquo;ao\u00fbt et naissance de la R\u00e9publique d\u00e9mocratique du Vietnam ; Deux guerres de r\u00e9sistance contre la France et les \u00c9tats-Unis ; 80 ans de voyage de construction et de d\u00e9fense de la patrie&#8230; ont \u00e9t\u00e9 pr\u00e9sent\u00e9s au public.<\/p>\n<p> La biblioth\u00e8que pr\u00e9sente \u00e9galement de nombreuses publications pr\u00e9cieuses sur la province de Gia Lai, refl\u00e9tant l&rsquo;histoire, la culture, l&rsquo;innovation et la contribution de la localit\u00e9 au d\u00e9veloppement national. L&rsquo;espace d&rsquo;exposition propose \u00e9galement des projections vid\u00e9o et des images documentaires num\u00e9riques, cr\u00e9ant une exp\u00e9rience vivante et intuitive. Ces activit\u00e9s contribuent <a class=\"data-link\" data-org-href=\"https:\/\/www.vietnam.vn\/category\/giao-duc\" href=\"https:\/\/www.vietnam.vn\/category\/giao-duc\" title=\"\u00e9ducation\" target=\"_blank\" rel=\"nofollow noopener\">\u00e0 l&rsquo;\u00e9ducation<\/a> aux traditions r\u00e9volutionnaires et \u00e0 la diffusion de la culture de la lecture, suscitant ainsi la fiert\u00e9 nationale au sein de la communaut\u00e9, en particulier chez les jeunes g\u00e9n\u00e9rations.<\/p>\n<p> <b>Attirer les investissements pour d\u00e9velopper les p\u00f4les industriels<\/b><\/p>\n<p> Entre 2021 et 2030, la province de Lam Dong pr\u00e9voit la cr\u00e9ation de 67 p\u00f4les industriels d&rsquo;une superficie totale de plus de 2\u00a0620 hectares \u00e0 l&rsquo;horizon 2050. Parmi eux, 23 p\u00f4les b\u00e9n\u00e9ficient d&rsquo;investissements en infrastructures, avec une superficie pr\u00e9vue de plus de 819 hectares\u00a0; et 170 investisseurs secondaires, avec une superficie lou\u00e9e de plus de 268 hectares.<\/p>\n<p> La plupart des p\u00f4les industriels sont confront\u00e9s \u00e0 des difficult\u00e9s de d\u00e9blaiement des sites ; les infrastructures ne sont pas encore synchronis\u00e9es, ne r\u00e9pondent pas aux r\u00e9glementations et sont bloqu\u00e9es avec des terres pour la d\u00e9fense nationale et la planification mini\u00e8re&#8230; Les dirigeants du Comit\u00e9 populaire provincial de Lam Dong ont demand\u00e9 aux d\u00e9partements et branches concern\u00e9s de se coordonner avec les communes et les quartiers pour examiner et \u00e9valuer de mani\u00e8re exhaustive la capacit\u00e9 et la faisabilit\u00e9 des terres, l&rsquo;attraction des investissements et la logistique \u00e0 proposer dans la planification \u00e0 venir de la province de Lam Dong ; les communes et les quartiers dot\u00e9s de p\u00f4les industriels devraient bient\u00f4t revoir la planification, r\u00e9\u00e9valuer la faisabilit\u00e9 des p\u00f4les industriels pour avoir des propositions appropri\u00e9es ; et renforcer la promotion des investissements.<\/p>\n<p> <b>Lam Dong ach\u00e8vera la d\u00e9molition de logements temporaires d&rsquo;ici fin ao\u00fbt 2025<\/b> <\/p>\n<p><img decoding=\"async\" src=\"https:\/\/www.europesays.com\/fr\/wp-content\/uploads\/2025\/08\/0a0c211e71b04f9b9fba9945e059a02e.jpeg\" alt=\"fsfdsfsdf.jpg\" title=\"Lam Dong ach\u00e8vera la d\u00e9molition des maisons temporaires et d\u00e9labr\u00e9es de la zone d'ici le 31 ao\u00fbt.\"\/> Lam Dong ach\u00e8vera la d\u00e9molition des maisons temporaires et d\u00e9labr\u00e9es de la zone d&rsquo;ici le 31 ao\u00fbt.<\/p>\n<p> Le D\u00e9partement de l&rsquo;Agriculture et de l&rsquo;Environnement de la province de Lam Dong a indiqu\u00e9 qu&rsquo;au 24 ao\u00fbt, la province avait \u00e9limin\u00e9 5\u00a0508 logements temporaires et d\u00e9labr\u00e9s sur un total de 5\u00a0700\u00a0; parmi eux, 4\u00a0173 \u00e9taient neufs et 1\u00a0335 ont \u00e9t\u00e9 r\u00e9par\u00e9s. Il est pr\u00e9vu que la province ach\u00e8ve le programme d&rsquo;\u00e9limination des logements temporaires et d\u00e9labr\u00e9s dans la r\u00e9gion d&rsquo;ici le 31 ao\u00fbt.<\/p>\n<p> Le Comit\u00e9 populaire de la province de Lam Dong a demand\u00e9 aux services et antennes concern\u00e9s d&rsquo;\u00e9valuer rapidement les causes des succ\u00e8s et les enseignements tir\u00e9s\u00a0; de synth\u00e9tiser ensuite les r\u00e9sultats et de pr\u00e9senter un rapport lors de la conf\u00e9rence nationale sur la mise en \u0153uvre du programme d&rsquo;\u00e9limination des logements temporaires et d\u00e9labr\u00e9s. Les unit\u00e9s doivent \u00e9galement organiser des \u00e9valuations et saluer les exemples concrets d&rsquo;entreprises, de philanthropes et de m\u00e9nages qui s&rsquo;unissent pour mener \u00e0 bien cette t\u00e2che dans la r\u00e9gion.<\/p>\n<p> <b>Dak Lak coop\u00e8re \u00e0 la transformation num\u00e9rique sur la p\u00e9riode 2025-2030<\/b><\/p>\n<p> Le Comit\u00e9 populaire de la province de Dak Lak et le groupe industrie militaire-t\u00e9l\u00e9communications (Viettel) viennent d&rsquo;organiser une c\u00e9r\u00e9monie de signature d&rsquo;un accord de coop\u00e9ration sur la transformation num\u00e9rique pour la p\u00e9riode 2025-2030.<\/p>\n<p> Fran\u00e7ais Les deux parties ont convenu de signer un accord de coop\u00e9ration dans de nombreux domaines, dans lequel Viettel accompagne et soutient le Comit\u00e9 populaire de la province de Dak Lak dans la mise en \u0153uvre des t\u00e2ches et des objectifs assign\u00e9s conform\u00e9ment \u00e0 la r\u00e9solution n\u00b0 57-NQ\/TW du Politburo et \u00e0 la r\u00e9solution n\u00b0 71\/NQ-CP du 1er avril 2025 du gouvernement modifiant, compl\u00e9tant et mettant \u00e0 jour le programme d&rsquo;action du gouvernement pour mettre en \u0153uvre la r\u00e9solution n\u00b0 57-NQ\/TW du 22 d\u00e9cembre 2024 du Politburo sur les perc\u00e9es dans le d\u00e9veloppement scientifique et technologique, l&rsquo;innovation et la transformation num\u00e9rique nationale. Le Comit\u00e9 populaire de la province de Dak Lak cr\u00e9e des conditions favorables pour que Viettel mette en \u0153uvre des projets de transformation num\u00e9rique conform\u00e9ment au m\u00e9canisme sp\u00e9cifique stipul\u00e9 dans la r\u00e9solution n\u00b0 193\/2025\/QH15 du 19 f\u00e9vrier 2025 de l&rsquo;Assembl\u00e9e nationale sur le pilotage d&rsquo;un certain nombre de m\u00e9canismes et de politiques sp\u00e9ciaux pour cr\u00e9er des perc\u00e9es dans le d\u00e9veloppement de la science, de la technologie, de l&rsquo;innovation et de la transformation num\u00e9rique nationale. Gr\u00e2ce au programme de coop\u00e9ration visant \u00e0 promouvoir le processus de transformation num\u00e9rique dans la structure \u00e9conomique, \u00e0 d\u00e9velopper l&rsquo;\u00e9conomie num\u00e9rique, la soci\u00e9t\u00e9 num\u00e9rique et le d\u00e9veloppement durable bas\u00e9 sur la science et la technologie, l&rsquo;innovation et les ressources humaines de haute qualit\u00e9&#8230;<\/p>\n<p> <b>Un festival passionnant de don de sang volontaire dans une commune montagneuse<\/b><\/p>\n<p> Le Comit\u00e9 populaire de la commune de Dak Ro Wa, province de Quang Ngai, en coordination avec la Croix-Rouge provinciale et le D\u00e9partement d&rsquo;h\u00e9matologie de l&rsquo;h\u00f4pital provincial de Quang Ngai 2, a organis\u00e9 le festival du don de sang volontaire 2025. Un grand nombre de cadres, de fonctionnaires, d&#8217;employ\u00e9s du secteur public, de membres de syndicats de jeunes et d&rsquo;habitants locaux ont particip\u00e9 \u00e0 l&rsquo;inscription pour donner leur sang avec enthousiasme et responsabilit\u00e9.<\/p>\n<p> Le comit\u00e9 organisateur a ainsi re\u00e7u 66 unit\u00e9s de sang total, qui ont permis d&rsquo;alimenter la banque de sang de l&rsquo;H\u00f4pital g\u00e9n\u00e9ral provincial afin de r\u00e9pondre rapidement aux urgences et de soigner les patients. Chaque goutte de sang donn\u00e9e est une source de confiance et d&rsquo;espoir pour les patients, en particulier ceux qui se trouvent dans une situation difficile.<\/p>\n<p> Source : https:\/\/baolamdong.vn\/gia-lai-trung-bay-sach-ky-niem-80-nam-cach-mang-thang-tam-va-quoc-khanh-2-9-389186.html<\/p>\n","protected":false},"excerpt":{"rendered":"Pour c\u00e9l\u00e9brer le 80e anniversaire de la R\u00e9volution d&rsquo;ao\u00fbt et la F\u00eate nationale le 2 septembre, la Biblioth\u00e8que&hellip;\n","protected":false},"author":2,"featured_media":351170,"comment_status":"","ping_status":"","sticky":false,"template":"","format":"standard","meta":{"footnotes":""},"categories":[1357],"tags":[1379,58,59,1011,27,1380],"class_list":{"0":"post-351169","1":"post","2":"type-post","3":"status-publish","4":"format-standard","5":"has-post-thumbnail","7":"category-livres","8":"tag-books","9":"tag-divertissement","10":"tag-entertainment","11":"tag-fr","12":"tag-france","13":"tag-livres"},"share_on_mastodon":{"url":"https:\/\/pubeurope.com\/@fr\/115109694380551673","error":""},"_links":{"self":[{"href":"https:\/\/www.europesays.com\/fr\/wp-json\/wp\/v2\/posts\/351169","targetHints":{"allow":["GET"]}}],"collection":[{"href":"https:\/\/www.europesays.com\/fr\/wp-json\/wp\/v2\/posts"}],"about":[{"href":"https:\/\/www.europesays.com\/fr\/wp-json\/wp\/v2\/types\/post"}],"author":[{"embeddable":true,"href":"https:\/\/www.europesays.com\/fr\/wp-json\/wp\/v2\/users\/2"}],"replies":[{"embeddable":true,"href":"https:\/\/www.europesays.com\/fr\/wp-json\/wp\/v2\/comments?post=351169"}],"version-history":[{"count":0,"href":"https:\/\/www.europesays.com\/fr\/wp-json\/wp\/v2\/posts\/351169\/revisions"}],"wp:featuredmedia":[{"embeddable":true,"href":"https:\/\/www.europesays.com\/fr\/wp-json\/wp\/v2\/media\/351170"}],"wp:attachment":[{"href":"https:\/\/www.europesays.com\/fr\/wp-json\/wp\/v2\/media?parent=351169"}],"wp:term":[{"taxonomy":"category","embeddable":true,"href":"https:\/\/www.europesays.com\/fr\/wp-json\/wp\/v2\/categories?post=351169"},{"taxonomy":"post_tag","embeddable":true,"href":"https:\/\/www.europesays.com\/fr\/wp-json\/wp\/v2\/tags?post=351169"}],"curies":[{"name":"wp","href":"https:\/\/api.w.org\/{rel}","templated":true}]}}