{"id":351177,"date":"2025-08-29T02:31:20","date_gmt":"2025-08-29T02:31:20","guid":{"rendered":"https:\/\/www.europesays.com\/fr\/351177\/"},"modified":"2025-08-29T02:31:20","modified_gmt":"2025-08-29T02:31:20","slug":"nouveau-traitement-contre-lacne-leurope-approuve-winlevi","status":"publish","type":"post","link":"https:\/\/www.europesays.com\/fr\/351177\/","title":{"rendered":"Nouveau traitement contre l&rsquo;acn\u00e9 : l&rsquo;Europe approuve Winlevi\u00ae"},"content":{"rendered":"<p>             <a href=\"https:\/\/ma-sante.news\/wp-content\/uploads\/2025\/08\/nouveau-traitement-anti-acne-Winlevi-Ma-Sante.jpg\" data-caption=\"D\u2019apr\u00e8s la Fondation am\u00e9ricaine de dermatologie (AAD), environ 85 % des personnes auront de l\u2019acn\u00e9 au moins une fois dans leur vie. \u00a9 Freepik\" target=\"_blank\" rel=\"noopener\"><img loading=\"lazy\" decoding=\"async\" width=\"696\" height=\"464\" class=\"entry-thumb td-modal-image\" src=\"data:image\/svg+xml,%3Csvg%20xmlns=\" http:=\"\" data-lazy- data-lazy- alt=\"Une jeune adolescente qui souffre de pouss\u00e9es d'acn\u00e9.\" title=\"nouveau traitement anti acne\u0301 Winlevi Ma Sante\u0301\" data-lazy-src=\"https:\/\/www.europesays.com\/fr\/wp-content\/uploads\/2025\/08\/nouveau-traitement-anti-acne-Winlevi-Ma-Sante-696x464.jpg\"\/><\/a>D\u2019apr\u00e8s la Fondation am\u00e9ricaine de dermatologie (AAD), environ 85 % des personnes auront de l\u2019acn\u00e9 au moins une fois dans leur vie. \u00a9 Freepik                                    \t\t\t             <a class=\"gofollow\" data-track=\"MjgsMCw2MA==\" href=\"https:\/\/ma-sante.news\/inscrivez-vous-a-notre-newsletter\/\" target=\"_blank\" rel=\"noopener\"><img loading=\"lazy\" decoding=\"async\" width=\"1068\" height=\"131\" src=\"data:image\/svg+xml,%3Csvg%20xmlns=\" http:=\"\" data-lazy-src=\"https:\/\/www.europesays.com\/fr\/wp-content\/uploads\/2025\/03\/banniere-newsletter.png\"\/><\/a> <\/p>\n<p>Winlevi\u00ae est une cr\u00e8me topique (\u00e0 appliquer directement sur la peau) \u00e0 base de clascot\u00e9rone, une mol\u00e9cule qui agit comme anti-androg\u00e8ne local. Concr\u00e8tement, elle bloque l\u2019action des hormones androg\u00e8nes au niveau de la peau, r\u00e9duisant ainsi la production excessive de s\u00e9bum, l\u2019un des principaux moteurs de l\u2019acn\u00e9.<\/p>\n<p>Il s\u2019agit d\u2019un m\u00e9canisme in\u00e9dit. Jusque-l\u00e0, les anti-androg\u00e8nes n\u2019\u00e9taient disponibles qu\u2019en comprim\u00e9s (par exemple certains contraceptifs), avec des effets secondaires potentiellement lourds. Ici, l\u2019action se limite \u00e0 la peau, avec un risque syst\u00e9mique r\u00e9duit.<\/p>\n<p>        Une premi\u00e8re en Europe apr\u00e8s 40 ans d\u2019attente    <\/p>\n<p><a href=\"https:\/\/www.ema.europa.eu\/en\/medicines\/human\/EPAR\/winlevi\" target=\"_blank\" rel=\"noopener\">Le Comit\u00e9 des m\u00e9dicaments \u00e0 usage humain (CHMP) de l\u2019EMA a rendu son avis positif <\/a>le 25 ao\u00fbt 2025. Ce feu vert concerne les adultes et <a href=\"https:\/\/ma-sante.news\/dermato-mon-ado-a-de-l-acne-que-faire\/\" target=\"_blank\" rel=\"noopener\">les adolescents de 12 \u00e0 17 ans atteints d\u2019acn\u00e9 vulgaire<\/a>, la forme la plus r\u00e9pandue. La d\u00e9cision d\u00e9finitive reviendra maintenant \u00e0 la Commission europ\u00e9enne, puis aux autorit\u00e9s nationales comme la Haute Autorit\u00e9 de Sant\u00e9 (HAS) en France pour \u00e9valuer le remboursement et les conditions d\u2019acc\u00e8s.<\/p>\n<p>Il faut mesurer l\u2019importance de ce pas. C\u2019est la premi\u00e8re innovation majeure dans<a href=\"https:\/\/ma-sante.news\/soigner-acne-severe-adulte-3579\/\" target=\"_blank\" rel=\"noopener\"> les traitements topiques de l\u2019acn\u00e9 <\/a>depuis plus de 40 ans. La plupart des cr\u00e8mes actuelles reposent sur les r\u00e9tino\u00efdes (comme l\u2019adapal\u00e8ne) ou le peroxyde de benzoyle. Winlevi\u00ae pourrait donc changer la donne pour de nombreux patients.<\/p>\n<p>        Winlevi\u00ae : doit-on s\u2019attendre \u00e0 de r\u00e9elles avanc\u00e9es dermatologiques ?\u00a0    <strong>Quelles preuves d\u2019efficacit\u00e9 ?<\/strong>    <\/p>\n<p>Aux \u00c9tats-Unis, o\u00f9 la cr\u00e8me est commercialis\u00e9e depuis 2021 apr\u00e8s <a href=\"https:\/\/www.accessdata.fda.gov\/drugsatfda_docs\/nda\/2020\/213433Orig1s000MultidisciplineR.pdf\" target=\"_blank\" rel=\"noopener\">l\u2019approbation de la FDA<\/a>, plusieurs \u00e9tudes cliniques de phase III ont montr\u00e9 que Winlevi\u00ae r\u00e9duisait significativement le nombre de l\u00e9sions inflammatoires et non inflammatoires.<\/p>\n<ul class=\"wp-block-list\">\n<li>Dans une \u00e9tude publi\u00e9e dans le Journal of Drugs in Dermatology (2020), apr\u00e8s 12 semaines de traitement, environ 18 \u00e0 20 % des patients trait\u00e9s par Winlevi\u00ae atteignaient une peau \u00ab presque claire \u00bb, contre 6 \u00e0 9 % sous placebo.<\/li>\n<li>L\u2019efficacit\u00e9 est jug\u00e9e comparable \u00e0 celle des r\u00e9tino\u00efdes topiques, mais avec un m\u00e9canisme d\u2019action totalement diff\u00e9rent, ouvrant la porte \u00e0 des associations th\u00e9rapeutiques.<\/li>\n<\/ul>\n<p>        <strong>Quels effets secondaires ?<\/strong>    <\/p>\n<p>Comme tout traitement dermatologique, Winlevi\u00ae n\u2019est pas exempt d\u2019effets ind\u00e9sirables. Les plus fr\u00e9quents, rapport\u00e9s dans les essais cliniques, sont :<\/p>\n<ul class=\"wp-block-list\">\n<li>des rougeurs locales (\u00e9ryth\u00e8me),<\/li>\n<li>une sensation de br\u00fblure au point d\u2019application,<\/li>\n<li>parfois une s\u00e9cheresse cutan\u00e9e.<\/li>\n<\/ul>\n<p>Ces r\u00e9actions restent g\u00e9n\u00e9ralement l\u00e9g\u00e8res \u00e0 mod\u00e9r\u00e9es et disparaissent avec le temps ou en espa\u00e7ant les applications. Les autorit\u00e9s sanitaires europ\u00e9ennes resteront vigilantes, notamment chez les adolescents, sur les \u00e9ventuels effets endocriniens.<\/p>\n<p>        Quand sera-t-il disponible en France ?    <\/p>\n<p>L\u2019\u00e9tape suivante, apr\u00e8s la validation formelle par la Commission europ\u00e9enne, est la d\u00e9cision de la HAS en France. Celle-ci \u00e9valuera le service m\u00e9dical rendu (SMR) et le rapport co\u00fbt-efficacit\u00e9. Ensuite, un prix sera n\u00e9goci\u00e9 avec le Comit\u00e9 \u00e9conomique des produits de sant\u00e9 (CEPS). En pratique, il faut compter 6 \u00e0 12 mois apr\u00e8s l\u2019avis de l\u2019EMA pour une mise \u00e0 disposition dans les pharmacies fran\u00e7aises.<\/p>\n<p>Autrement dit, si tout se d\u00e9roule normalement, Winlevi\u00ae pourrait arriver en France courant 2026.<\/p>\n<p>        Quel impact pour les patients ?    <\/p>\n<p>Pour les millions de personnes touch\u00e9es par l\u2019acn\u00e9, ce nouveau traitement repr\u00e9sente un espoir concret. En particulier pour :<\/p>\n<p>En combinant Winlevi\u00ae avec les traitements d\u00e9j\u00e0 disponibles, les dermatologues disposeront d\u2019un arsenal plus large et plus personnalis\u00e9. \u00ab C\u2019est une avanc\u00e9e pr\u00e9cieuse pour nos patients, surtout ceux qui n\u2019ont pas bien r\u00e9pondu aux traitements habituels \u00bb, explique le Pr Brigitte Dr\u00e9no, cheffe du service de dermatologie au CHU de Nantes, sur Le Quotidien du M\u00e9decin.<\/p>\n<blockquote class=\"wp-block-quote is-layout-flow wp-block-quote-is-layout-flow\">\n<p><strong>\u00c0 SAVOIR<\/strong><\/p>\n<p>Selon l\u2019Inserm, l\u2019acn\u00e9 est aujourd\u2019hui le premier motif de consultation en dermatologie en France. Elle repr\u00e9sente environ 20 % des motifs de rendez-vous dans les cabinets, devant le psoriasis ou l\u2019ecz\u00e9ma.<\/p>\n<\/blockquote>\n<p>  <a class=\"gofollow\" data-track=\"MTIsMCw2MA==\" href=\"https:\/\/ma-sante.news\/annonceurs\/\" target=\"_blank\" rel=\"noopener\"><img loading=\"lazy\" decoding=\"async\" width=\"2560\" height=\"2133\" src=\"data:image\/svg+xml,%3Csvg%20xmlns=\" http:=\"\" data-lazy-src=\"https:\/\/www.europesays.com\/fr\/wp-content\/uploads\/2025\/03\/pub-annonceurs-4-scaled.jpg\"\/><\/a>    <img loading=\"lazy\" decoding=\"async\" width=\"755\" height=\"495\" src=\"data:image\/svg+xml,%3Csvg%20xmlns=\" http:=\"\" data-lazy-src=\"https:\/\/www.europesays.com\/fr\/wp-content\/uploads\/2025\/03\/Image1.jpg\"\/>Inscrivez-vous \u00e0 notre newsletter <br \/>Ma Sant\u00e9                      <\/p>\n","protected":false},"excerpt":{"rendered":"D\u2019apr\u00e8s la Fondation am\u00e9ricaine de dermatologie (AAD), environ 85 % des personnes auront de l\u2019acn\u00e9 au moins une&hellip;\n","protected":false},"author":2,"featured_media":351178,"comment_status":"","ping_status":"","sticky":false,"template":"","format":"standard","meta":{"footnotes":""},"categories":[10],"tags":[48781,1011,27,72,9854,71],"class_list":{"0":"post-351177","1":"post","2":"type-post","3":"status-publish","4":"format-standard","5":"has-post-thumbnail","7":"category-sante","8":"tag-acnu00e9","9":"tag-fr","10":"tag-france","11":"tag-health","12":"tag-peau","13":"tag-sante"},"share_on_mastodon":{"url":"https:\/\/pubeurope.com\/@fr\/115109710022055411","error":""},"_links":{"self":[{"href":"https:\/\/www.europesays.com\/fr\/wp-json\/wp\/v2\/posts\/351177","targetHints":{"allow":["GET"]}}],"collection":[{"href":"https:\/\/www.europesays.com\/fr\/wp-json\/wp\/v2\/posts"}],"about":[{"href":"https:\/\/www.europesays.com\/fr\/wp-json\/wp\/v2\/types\/post"}],"author":[{"embeddable":true,"href":"https:\/\/www.europesays.com\/fr\/wp-json\/wp\/v2\/users\/2"}],"replies":[{"embeddable":true,"href":"https:\/\/www.europesays.com\/fr\/wp-json\/wp\/v2\/comments?post=351177"}],"version-history":[{"count":0,"href":"https:\/\/www.europesays.com\/fr\/wp-json\/wp\/v2\/posts\/351177\/revisions"}],"wp:featuredmedia":[{"embeddable":true,"href":"https:\/\/www.europesays.com\/fr\/wp-json\/wp\/v2\/media\/351178"}],"wp:attachment":[{"href":"https:\/\/www.europesays.com\/fr\/wp-json\/wp\/v2\/media?parent=351177"}],"wp:term":[{"taxonomy":"category","embeddable":true,"href":"https:\/\/www.europesays.com\/fr\/wp-json\/wp\/v2\/categories?post=351177"},{"taxonomy":"post_tag","embeddable":true,"href":"https:\/\/www.europesays.com\/fr\/wp-json\/wp\/v2\/tags?post=351177"}],"curies":[{"name":"wp","href":"https:\/\/api.w.org\/{rel}","templated":true}]}}