{"id":351181,"date":"2025-08-29T02:33:09","date_gmt":"2025-08-29T02:33:09","guid":{"rendered":"https:\/\/www.europesays.com\/fr\/351181\/"},"modified":"2025-08-29T02:33:09","modified_gmt":"2025-08-29T02:33:09","slug":"jen-ai-eu-assez-jai-debranche-michel-cymes-revient-sur-sa-rupture-davec-adriana-karembeu","status":"publish","type":"post","link":"https:\/\/www.europesays.com\/fr\/351181\/","title":{"rendered":"\u00ab\u00a0J\u2019en ai eu assez, j\u2019ai d\u00e9branch\u00e9\u00a0\u00bb : Michel Cymes revient sur sa rupture d\u2019avec Adriana Karembeu"},"content":{"rendered":"<p>      R\u00e9sum\u00e9<\/p>\n<p>Michel Cymes \u00e9voque son d\u00e9sir de libert\u00e9 et de renouveau apr\u00e8s la fin de son \u00e9mission avec Adriana Karembeu, annon\u00e7ant un nouveau projet t\u00e9l\u00e9 et une incursion au th\u00e9\u00e2tre.<\/p>\n<p>        Sommaire<\/p>\n<p>\u00c0 l&rsquo;h\u00f4pital, \u00e0 la t\u00e9l\u00e9vision, en kiosque, au th\u00e9\u00e2tre&#8230; <a href=\"https:\/\/vsd.fr\/64503-jai-frappe-fort-michel-cymes-brise-le-silence-sur-son-bandage-au-pouce\/\" target=\"_blank\" rel=\"noopener\">Michel Cymes n&rsquo;est jamais l\u00e0 o\u00f9 on l&rsquo;attend<\/a>. Le m\u00e9decin ORL et chirurgien de 68 ans s\u2019est confi\u00e9, dans les colonnes de Gala, sur ses nouvelles ambitions. <\/p>\n<p>Et il a expliqu\u00e9, ce 28 ao\u00fbt 2025, pourquoi il avait mis <strong>un terme \u00e0 sa collaboration avec Adriana Karembeu.<\/strong> Avec la mannequin aux jambes d&rsquo;un m\u00e8tre, il a pr\u00e9sent\u00e9 \u00ab\u00a0Les Pouvoirs extraordinaires du corps humain\u00a0\u00bb\u00a0sur France 2 jusqu&rsquo;\u00e0 2023. <\/p>\n<p>Avant cela, il \u00e9tait au \u00ab\u00a0Magazine de la sant\u00e9\u00a0\u00bb aux c\u00f4t\u00e9s de\u00a0<a href=\"https:\/\/www.public.fr\/michel-cymes-a-garde-son-handicap-secret-pendant-le-magazine-de-la-sante-marina-carrere-dencausse-savait-donc-elle-etait-tres-vigilante\" target=\"_blank\" rel=\"noopener\">Marina Carr\u00e8re d\u2019Encausse jusqu&rsquo;\u00e0 2018<\/a>. A chaque fois qu&rsquo;il a chang\u00e9 de cap, c&rsquo;est pour les m\u00eames raisons, dit-il \u00e0 nos confr\u00e8res. <\/p>\n<p>Michel Cymes souvent varie<\/p>\n<p>Entrepreneur dans l&rsquo;\u00e2me, il avoue : \u00ab\u00a0<strong>J\u2019ai eu 200.000 vies et parfois, oui, \u00e7a se bouscule un peu <\/strong>dans ma t\u00eate. Il faudrait que je l\u00e8ve un peu le pied&#8230;\u00a0\u00bb. Et d&rsquo;ajouter : \u00ab\u00a0Parfois je fatigue. Plus qu\u2019avant\u00a0\u00bb.<\/p>\n<p>Lui qui est loin de prendre sa retraite assure aussi : \u00ab\u00a0Globalement, je ne me sens pas vieillir, donc je ne me donne pas de limites. <strong>Je teste les choses, \u00e0 l\u2019envie\u00a0! <\/strong>\u00c7a a toujours \u00e9t\u00e9 ma ligne de conduite\u00a0\u00bb. <\/p>\n<p>\u00c0 propos de ses \u00e9missions \u00e0 la t\u00e9l\u00e9vision, en particulier, il explique : <strong>\u00ab\u00a0j\u2019ai arr\u00eat\u00e9 la t\u00e9l\u00e9 parce que j\u2019en avais marre<\/strong>, tout comme la radio\u00a0\u00bb. Il n&rsquo;a pas pour autant fait une croix sur le petit \u00e9cran. <\/p>\n<p>En effet, Michel Cymes tease d\u00e9j\u00e0 : \u00ab\u00a0L\u00e0, je lance d\u00e9but septembre Mieux, premi\u00e8re cha\u00eene sant\u00e9 sur les box\u00a0\u00bb. Il d\u00e9taille : \u00ab\u00a0je<strong> vais pr\u00e9senter une \u00e9mission quotidienne<\/strong> avec ma bande de RTL. C\u2019est un beau challenge et \u00e7a m\u2019amuse vraiment\u00a0\u00bb.<\/p>\n<p>Il a envie d&rsquo;autre chose<\/p>\n<p>Et tant pis pour Adriana Karembeu, qui n&rsquo;a pas eu d&rsquo;autres \u00e9missions t\u00e9l\u00e9 depuis lors. Michel Cymes, qui a mis <a href=\"https:\/\/www.public.fr\/une-guerre-dounia-coesens-revele-enfin-la-vraie-raison-derriere-larret-de-sa-serie-avec-michel-cymes\" target=\"_blank\" rel=\"noopener\">un pied dans la com\u00e9die<\/a>, depuis lors, insiste : \u00ab\u00a0Et je ne veux plus faire de grands-messes \u00e0 la t\u00e9l\u00e9\u00a0\u00bb. D&rsquo;ailleurs, \u00ab\u00a0L\u2019\u00e9mission avec <strong>Adriana Karembeu, pareil, j\u2019en ai eu assez, j\u2019ai d\u00e9branch\u00e9\u00a0\u00bb<\/strong> dit-il aussi. <\/p>\n<p>Au final, pour r\u00e9sumer sa pens\u00e9e, Michel Cymes pr\u00e9cise : \u00ab\u00a0Je veux juste m\u2019amuser et \u00eatre ma\u00eetre de mes choix. Quand j\u2019en ai marre, j\u2019arr\u00eate\u00a0!\u00a0\u00bb Il sera bient\u00f4t <strong>\u00e0 l&rsquo;affiche de Secret(s) m\u00e9dical au th\u00e9\u00e2tre Saint-Georges \u00e0 Paris<\/strong>&#8230; jusqu&rsquo;\u00e0 ce qu&rsquo;il ait fait le tour de la question !<\/p>\n<p>      Mentionn\u00e9s dans cet article<\/p>\n<p>      Sur le m\u00eame sujet<\/p>\n","protected":false},"excerpt":{"rendered":"R\u00e9sum\u00e9 Michel Cymes \u00e9voque son d\u00e9sir de libert\u00e9 et de renouveau apr\u00e8s la fin de son \u00e9mission avec&hellip;\n","protected":false},"author":2,"featured_media":351182,"comment_status":"","ping_status":"","sticky":false,"template":"","format":"standard","meta":{"footnotes":""},"categories":[8],"tags":[6382,58,59,1011,27,48782,11712],"class_list":{"0":"post-351181","1":"post","2":"type-post","3":"status-publish","4":"format-standard","5":"has-post-thumbnail","7":"category-divertissement","8":"tag-adriana-karembeu","9":"tag-divertissement","10":"tag-entertainment","11":"tag-fr","12":"tag-france","13":"tag-le-magazine-de-la-sante","14":"tag-michel-cymes"},"share_on_mastodon":{"url":"https:\/\/pubeurope.com\/@fr\/115109717852473068","error":""},"_links":{"self":[{"href":"https:\/\/www.europesays.com\/fr\/wp-json\/wp\/v2\/posts\/351181","targetHints":{"allow":["GET"]}}],"collection":[{"href":"https:\/\/www.europesays.com\/fr\/wp-json\/wp\/v2\/posts"}],"about":[{"href":"https:\/\/www.europesays.com\/fr\/wp-json\/wp\/v2\/types\/post"}],"author":[{"embeddable":true,"href":"https:\/\/www.europesays.com\/fr\/wp-json\/wp\/v2\/users\/2"}],"replies":[{"embeddable":true,"href":"https:\/\/www.europesays.com\/fr\/wp-json\/wp\/v2\/comments?post=351181"}],"version-history":[{"count":0,"href":"https:\/\/www.europesays.com\/fr\/wp-json\/wp\/v2\/posts\/351181\/revisions"}],"wp:featuredmedia":[{"embeddable":true,"href":"https:\/\/www.europesays.com\/fr\/wp-json\/wp\/v2\/media\/351182"}],"wp:attachment":[{"href":"https:\/\/www.europesays.com\/fr\/wp-json\/wp\/v2\/media?parent=351181"}],"wp:term":[{"taxonomy":"category","embeddable":true,"href":"https:\/\/www.europesays.com\/fr\/wp-json\/wp\/v2\/categories?post=351181"},{"taxonomy":"post_tag","embeddable":true,"href":"https:\/\/www.europesays.com\/fr\/wp-json\/wp\/v2\/tags?post=351181"}],"curies":[{"name":"wp","href":"https:\/\/api.w.org\/{rel}","templated":true}]}}