{"id":351190,"date":"2025-08-29T02:38:17","date_gmt":"2025-08-29T02:38:17","guid":{"rendered":"https:\/\/www.europesays.com\/fr\/351190\/"},"modified":"2025-08-29T02:38:17","modified_gmt":"2025-08-29T02:38:17","slug":"lexcuse-moisie-de-francois-bayrou-degommee-par-les-oppositions-liberation","status":"publish","type":"post","link":"https:\/\/www.europesays.com\/fr\/351190\/","title":{"rendered":"l\u2019excuse moisie de Fran\u00e7ois Bayrou d\u00e9gomm\u00e9e par les oppositions \u2013 Lib\u00e9ration"},"content":{"rendered":"<p class=\"sc-ksZaOG ehjQrN text-element\">C\u2019est bient\u00f4t la rentr\u00e9e. Il est donc temps de r\u00e9viser ses petites excuses. Par exemple, si vous n\u2019avez pas fait vos devoirs, vous pouvez expliquer \u00e0 votre professeur : \u00abMon chien l\u2019a mang\u00e9 !\u00bb Autre exemple ? Si vous \u00eates Premier ministre et que l\u2019on vous accuse de ne pas avoir n\u00e9goci\u00e9 avec l\u2019opposition durant l\u2019\u00e9t\u00e9, vous pouvez lancer : \u00abIls \u00e9taient en vacances !\u00bb C\u2019est exactement ce qu\u2019a fait Bayrou <a href=\"https:\/\/newsletter.liberation.fr\/m\/ml\/200138\/548822\/U_tubeRHgr0tRaxKgdlAMEiN9O6Kv8NxIclLhdMe8Og=\/xMMDanrQH0zd+E5V2Axrnf+45UxP6jUTz16jAyd2baE=\/wwVOTF9DaGV6X1BvbF9fMjAyNS0wOC0yOA==\" target=\"_blank\" rel=\"noopener\">mercredi 27 ao\u00fbt sur TF1<\/a>. Depuis, les oppositions ont vivement r\u00e9pondu. <a href=\"https:\/\/www.liberation.fr\/politique\/marine-tondelier-lecologie-a-la-francaise-avec-le-gouvernement-bayrou-sest-transforme-en-ecocide-20250820_XKYGTPX4HNFQ5ETWJKO7S7AOLY\/?redirected=1\" target=\"_blank\" rel=\"noreferrer noopener\" title=\"https:\/\/www.liberation.fr\/politique\/marine-tondelier-lecologie-a-la-francaise-avec-le-gouvernement-bayrou-sest-transforme-en-ecocide-20250820_XKYGTPX4HNFQ5ETWJKO7S7AOLY\/?redirected=1\">Marine Tondelier<\/a> a rappel\u00e9 que les Ecologistes avaient fai<\/p>\n","protected":false},"excerpt":{"rendered":"C\u2019est bient\u00f4t la rentr\u00e9e. Il est donc temps de r\u00e9viser ses petites excuses. Par exemple, si vous n\u2019avez&hellip;\n","protected":false},"author":2,"featured_media":351191,"comment_status":"","ping_status":"","sticky":false,"template":"","format":"standard","meta":{"footnotes":""},"categories":[2],"tags":[11,2286,1011,27,431,780,12],"class_list":{"0":"post-351190","1":"post","2":"type-post","3":"status-publish","4":"format-standard","5":"has-post-thumbnail","7":"category-actualites","8":"tag-actualites","9":"tag-eelv","10":"tag-fr","11":"tag-france","12":"tag-francois-bayrou","13":"tag-lfi","14":"tag-news"},"share_on_mastodon":{"url":"https:\/\/pubeurope.com\/@fr\/115109737495101444","error":""},"_links":{"self":[{"href":"https:\/\/www.europesays.com\/fr\/wp-json\/wp\/v2\/posts\/351190","targetHints":{"allow":["GET"]}}],"collection":[{"href":"https:\/\/www.europesays.com\/fr\/wp-json\/wp\/v2\/posts"}],"about":[{"href":"https:\/\/www.europesays.com\/fr\/wp-json\/wp\/v2\/types\/post"}],"author":[{"embeddable":true,"href":"https:\/\/www.europesays.com\/fr\/wp-json\/wp\/v2\/users\/2"}],"replies":[{"embeddable":true,"href":"https:\/\/www.europesays.com\/fr\/wp-json\/wp\/v2\/comments?post=351190"}],"version-history":[{"count":0,"href":"https:\/\/www.europesays.com\/fr\/wp-json\/wp\/v2\/posts\/351190\/revisions"}],"wp:featuredmedia":[{"embeddable":true,"href":"https:\/\/www.europesays.com\/fr\/wp-json\/wp\/v2\/media\/351191"}],"wp:attachment":[{"href":"https:\/\/www.europesays.com\/fr\/wp-json\/wp\/v2\/media?parent=351190"}],"wp:term":[{"taxonomy":"category","embeddable":true,"href":"https:\/\/www.europesays.com\/fr\/wp-json\/wp\/v2\/categories?post=351190"},{"taxonomy":"post_tag","embeddable":true,"href":"https:\/\/www.europesays.com\/fr\/wp-json\/wp\/v2\/tags?post=351190"}],"curies":[{"name":"wp","href":"https:\/\/api.w.org\/{rel}","templated":true}]}}