{"id":351194,"date":"2025-08-29T02:40:14","date_gmt":"2025-08-29T02:40:14","guid":{"rendered":"https:\/\/www.europesays.com\/fr\/351194\/"},"modified":"2025-08-29T02:40:14","modified_gmt":"2025-08-29T02:40:14","slug":"sncf-vers-un-retour-a-la-normale-sur-la-ligne-entre-saint-etienne-et-lyon-2","status":"publish","type":"post","link":"https:\/\/www.europesays.com\/fr\/351194\/","title":{"rendered":"SNCF : vers un retour \u00e0 la normale sur la ligne entre Saint-\u00c9tienne et Lyon ?"},"content":{"rendered":"<p>Alors que les aiguilleurs  st\u00e9phanois sont en gr\u00e8ve depuis mi-juillet, le trafic est perturb\u00e9 sur la ligne Saint-\u00c9tienne-Lyon.<\/p>\n<p>Se dirige-t-on vers un retour \u00e0 la normale pour les trains entre Saint-\u00c9tienne et Lyon ? <\/p>\n<p>Les aiguilleurs st\u00e9phanois sont en gr\u00e8ve depuis mi-juillet, \u00e0 cause d&rsquo;un manque de personnel qui entra\u00eene des perturbations sur la ligne, selon la CGT.\u00a0\u00a0<\/p>\n<p>La R\u00e9gion a tap\u00e9 du poing sur la table lundi, en <b>exigeant une solution pour la rentr\u00e9e scolaire<\/b>. Un coup de pression sur la SNCF, qui a permis de relancer les discussions.<\/p>\n<p>Si des renforts temporaires sont envisag\u00e9s, les solutions propos\u00e9es ne vont pas aider sur la dur\u00e9e, selon <b>St\u00e9phane Colin<\/b>, secr\u00e9taire adjoint de la CGT cheminot.<\/p>\n<p>\u00ab\u00a0Dans six mois, \u00e7a risque de recommencer\u00a0\u00bb<\/p>\n<p>\u00a0\u00a0<br \/>\u00ab\u00a0Ils veulent mettre des pansements. Oui, on va r\u00e9pondre imm\u00e9diatement \u00e0 la probl\u00e9matique d&rsquo;aujourd&rsquo;hui, mais dans six mois, \u00e7a risque de recommencer\u00a0\u00bb,\u00a0pr\u00e9voit St\u00e9phane Colin.<\/p>\n<p>\u00ab\u00a0On est content, \u00e7a va dans le bon sens pour r\u00e9soudre les probl\u00e8mes imm\u00e9diats. Par contre, les probl\u00e8mes en profondeur restent pr\u00e9sents, notamment concernant le manque d&rsquo;effectif sur Saint-\u00c9tienne. La direction reste ferme sur le nombre d&rsquo;agents qu&rsquo;elle veut avoir \u00e0 Saint-\u00c9tienne, quitte \u00e0 p\u00e9naliser les voyageurs au niveau des trains qui peuvent circuler\u00a0\u00bb, assure-t-il.<\/p>\n<p>De son c\u00f4t\u00e9, la SNCF assure que les offres de circulation sont renforc\u00e9es depuis lundi, passant de <b>50 \u00e0 70%<\/b>.<\/p>\n<p>Elle esp\u00e8re r\u00e9tablir une situation normale dans les meilleurs d\u00e9lais.\u00a0<\/p>\n<p><img loading=\"lazy\" decoding=\"async\" src=\"https:\/\/www.europesays.com\/fr\/wp-content\/uploads\/2025\/08\/1756435214_274_img\" width=\"350\" height=\"200\" border=\"0\" title=\"Un TGV OuiGo de la SNCF\"\/><\/p>\n<p>\u25baTransport<\/p>\n<p style=\"font-size: 22px;\"><b>SNCF : des billets de train \u00e0 seulement 19 euros pour la rentr\u00e9e<\/b><\/p>\n<p>Les 3 et 4 septembre, c&rsquo;est la vente flash Ouigo&#8230;.<\/p>\n<p><\/p>\n","protected":false},"excerpt":{"rendered":"Alors que les aiguilleurs st\u00e9phanois sont en gr\u00e8ve depuis mi-juillet, le trafic est perturb\u00e9 sur la ligne Saint-\u00c9tienne-Lyon.&hellip;\n","protected":false},"author":2,"featured_media":344463,"comment_status":"","ping_status":"","sticky":false,"template":"","format":"standard","meta":{"footnotes":""},"categories":[9653],"tags":[1111,11,2430,1777,674,1011,27,3052,2428,12,30897,25,8133,4001,2215],"class_list":{"0":"post-351194","1":"post","2":"type-post","3":"status-publish","4":"format-standard","5":"has-post-thumbnail","7":"category-saint-etienne","8":"tag-actu","9":"tag-actualites","10":"tag-auvergne-rhone-alpes","11":"tag-eu","12":"tag-europe","13":"tag-fr","14":"tag-france","15":"tag-ligne","16":"tag-lyon","17":"tag-news","18":"tag-normal","19":"tag-republique-francaise","20":"tag-retour","21":"tag-saint-etienne","22":"tag-sncf"},"share_on_mastodon":{"url":"https:\/\/pubeurope.com\/@fr\/115109745420057032","error":""},"_links":{"self":[{"href":"https:\/\/www.europesays.com\/fr\/wp-json\/wp\/v2\/posts\/351194","targetHints":{"allow":["GET"]}}],"collection":[{"href":"https:\/\/www.europesays.com\/fr\/wp-json\/wp\/v2\/posts"}],"about":[{"href":"https:\/\/www.europesays.com\/fr\/wp-json\/wp\/v2\/types\/post"}],"author":[{"embeddable":true,"href":"https:\/\/www.europesays.com\/fr\/wp-json\/wp\/v2\/users\/2"}],"replies":[{"embeddable":true,"href":"https:\/\/www.europesays.com\/fr\/wp-json\/wp\/v2\/comments?post=351194"}],"version-history":[{"count":0,"href":"https:\/\/www.europesays.com\/fr\/wp-json\/wp\/v2\/posts\/351194\/revisions"}],"wp:featuredmedia":[{"embeddable":true,"href":"https:\/\/www.europesays.com\/fr\/wp-json\/wp\/v2\/media\/344463"}],"wp:attachment":[{"href":"https:\/\/www.europesays.com\/fr\/wp-json\/wp\/v2\/media?parent=351194"}],"wp:term":[{"taxonomy":"category","embeddable":true,"href":"https:\/\/www.europesays.com\/fr\/wp-json\/wp\/v2\/categories?post=351194"},{"taxonomy":"post_tag","embeddable":true,"href":"https:\/\/www.europesays.com\/fr\/wp-json\/wp\/v2\/tags?post=351194"}],"curies":[{"name":"wp","href":"https:\/\/api.w.org\/{rel}","templated":true}]}}