{"id":351195,"date":"2025-08-29T02:41:20","date_gmt":"2025-08-29T02:41:20","guid":{"rendered":"https:\/\/www.europesays.com\/fr\/351195\/"},"modified":"2025-08-29T02:41:20","modified_gmt":"2025-08-29T02:41:20","slug":"projection-la-porte-du-paradis-1980-de-michael-cimino-factuel","status":"publish","type":"post","link":"https:\/\/www.europesays.com\/fr\/351195\/","title":{"rendered":"Projection : La Porte du paradis\u00a0(1980) de Michael Cimino &#8211; Factuel"},"content":{"rendered":"<p>Temps de lecture : 1 minute<\/p>\n<p>Informations pratiques<\/p>\n<p><strong>Localisation<\/strong> : Cam\u00e9o Saint-S\u00e9bastien<\/p>\n<p> <strong>Date de d\u00e9but<\/strong> : 16\/09\/2025 20:00 <strong>Date de fin<\/strong> : 16\/08\/2025<\/p>\n<p><strong>\u00c0 ne pas manquer !<\/strong><\/p>\n<p>Une projection de La Porte du paradis\u00a0(1980) de Michael Cimino aura lieu le <strong>16 septembre \u00e0 19h45<\/strong> au <strong>Cam\u00e9o Saint-S\u00e9bastien<\/strong>. Elle sera comment\u00e9e par Aurore Renaut, Maitresse de Conf\u00e9rences \u00e0 l\u2019Universit\u00e9 de Lorraine et directrice de l\u2019IECA.<\/p>\n<p><strong>Pitch<\/strong> <strong>:\u00a0<\/strong>Deux anciens \u00e9l\u00e8ves de Harvard se retrouvent en 1890 dans le Wyoming. Averill est sh\u00e9rif f\u00e9d\u00e9ral tandis que Billy Irvine, rong\u00e9 par l\u2019alcool, est membre d\u2019une association de gros \u00e9leveurs en lutte contre les petits immigrants venus pour la plupart d\u2019Europe centrale.<\/p>\n<p>Venez\u00a0nombreux\u00b7ses !<\/p>\n<p><\/p>\n","protected":false},"excerpt":{"rendered":"Temps de lecture : 1 minute Informations pratiques Localisation : Cam\u00e9o Saint-S\u00e9bastien Date de d\u00e9but : 16\/09\/2025 20:00&hellip;\n","protected":false},"author":2,"featured_media":351196,"comment_status":"","ping_status":"","sticky":false,"template":"","format":"standard","meta":{"footnotes":""},"categories":[9635],"tags":[1111,11,1777,674,1011,27,775,1702,12,25],"class_list":{"0":"post-351195","1":"post","2":"type-post","3":"status-publish","4":"format-standard","5":"has-post-thumbnail","7":"category-nancy","8":"tag-actu","9":"tag-actualites","10":"tag-eu","11":"tag-europe","12":"tag-fr","13":"tag-france","14":"tag-grand-est","15":"tag-nancy","16":"tag-news","17":"tag-republique-francaise"},"share_on_mastodon":{"url":"https:\/\/pubeurope.com\/@fr\/115109749335480875","error":""},"_links":{"self":[{"href":"https:\/\/www.europesays.com\/fr\/wp-json\/wp\/v2\/posts\/351195","targetHints":{"allow":["GET"]}}],"collection":[{"href":"https:\/\/www.europesays.com\/fr\/wp-json\/wp\/v2\/posts"}],"about":[{"href":"https:\/\/www.europesays.com\/fr\/wp-json\/wp\/v2\/types\/post"}],"author":[{"embeddable":true,"href":"https:\/\/www.europesays.com\/fr\/wp-json\/wp\/v2\/users\/2"}],"replies":[{"embeddable":true,"href":"https:\/\/www.europesays.com\/fr\/wp-json\/wp\/v2\/comments?post=351195"}],"version-history":[{"count":0,"href":"https:\/\/www.europesays.com\/fr\/wp-json\/wp\/v2\/posts\/351195\/revisions"}],"wp:featuredmedia":[{"embeddable":true,"href":"https:\/\/www.europesays.com\/fr\/wp-json\/wp\/v2\/media\/351196"}],"wp:attachment":[{"href":"https:\/\/www.europesays.com\/fr\/wp-json\/wp\/v2\/media?parent=351195"}],"wp:term":[{"taxonomy":"category","embeddable":true,"href":"https:\/\/www.europesays.com\/fr\/wp-json\/wp\/v2\/categories?post=351195"},{"taxonomy":"post_tag","embeddable":true,"href":"https:\/\/www.europesays.com\/fr\/wp-json\/wp\/v2\/tags?post=351195"}],"curies":[{"name":"wp","href":"https:\/\/api.w.org\/{rel}","templated":true}]}}