{"id":351205,"date":"2025-08-29T02:49:09","date_gmt":"2025-08-29T02:49:09","guid":{"rendered":"https:\/\/www.europesays.com\/fr\/351205\/"},"modified":"2025-08-29T02:49:09","modified_gmt":"2025-08-29T02:49:09","slug":"pourquoi-le-thon-est-il-retire-des-cantines-scolaires-a-lyon-et-a-grenoble","status":"publish","type":"post","link":"https:\/\/www.europesays.com\/fr\/351205\/","title":{"rendered":"Pourquoi le thon est-il retir\u00e9 des cantines scolaires \u00e0 Lyon et \u00e0 Grenoble ?"},"content":{"rendered":"<p>Face aux risques li\u00e9s \u00e0 la pr\u00e9sence de mercure dans le thon, des grandes villes comme Lyon et Grenoble ont choisi d&rsquo;appliquer le principe de pr\u00e9caution en retirant ce poisson des repas servis dans les cantines scolaires.<\/p>\n<p>Plus de thon au menu pour les enfants. \u00c0 <b>Lyon<\/b> et \u00e0 <b>Grenoble<\/b>, les Villes ont d\u00e9cid\u00e9 de retirer temporairement <b>le thon<\/b> des menus de ses cantines scolaires.<\/p>\n<p>Une mesure de pr\u00e9caution pour prot\u00e9ger les \u00e9l\u00e8ves contre une exposition trop \u00e9lev\u00e9e au <b>mercure<\/b>, un m\u00e9tal lourd class\u00e9 par l&rsquo;Organisation mondiale de la Sant\u00e9 (OMS) parmi <b>les dix substances les plus pr\u00e9occupantes<\/b> pour la sant\u00e9 publique.<\/p>\n<p>Lyon, Grenoble et d&rsquo;autres grandes villes suppriment le thon<\/p>\n<p>En octobre 2024, <b>les ONG Bloom et Foodwatch<\/b> avaient r\u00e9v\u00e9l\u00e9 que 100% des 148 bo\u00eetes de thon en conserve test\u00e9es par un laboratoire ind\u00e9pendant \u00e9taient contamin\u00e9es au mercure.<\/p>\n<p>Pourtant, aucune mesure n&rsquo;avait \u00e9t\u00e9 prise depuis. Face \u00e0 cette inertie, Lyon s&rsquo;est jointe \u00e0 sept autres communes, dont Paris, Grenoble, Montpellier ou encore Rennes, pour interdire temporairement ce poisson dans les assiettes des \u00e9coliers.<\/p>\n<p>Des seuils de s\u00e9curit\u00e9 contest\u00e9s pour le thon<\/p>\n<p>Le seuil r\u00e9glementaire pour le thon est fix\u00e9 \u00e0 1 mg\/kg de mercure sur le produit frais, bien au-dessus des 0,3 mg\/kg impos\u00e9s pour des esp\u00e8ces comme le cabillaud ou les anchois.<\/p>\n<p>Or, dans les conserves, la concentration grimpe jusqu&rsquo;\u00e0 2,7 mg\/kg, selon l&rsquo;ONG Bloom, du fait de la d\u00e9shydratation du produit.<\/p>\n<p>\u00ab\u00a0Nous appliquons le principe de pr\u00e9caution : il est hors de question de prendre le moindre risque pour nos enfants\u00a0\u00bb, indique la Ville de Lyon.<\/p>\n<p>La municipalit\u00e9 lyonnaise pr\u00e9cise que le thon ne sera r\u00e9introduit dans les menus que si la r\u00e9glementation \u00e9volue vers des seuils plus protecteurs pour les consommateurs, notamment les plus jeunes.<\/p>\n<p>En attendant, les menus continueront de proposer d&rsquo;autres alternatives aux enfants qui mangent \u00e0 la cantine.<\/p>\n<p><img loading=\"lazy\" decoding=\"async\" src=\"https:\/\/www.europesays.com\/fr\/wp-content\/uploads\/2025\/08\/1756435749_191_img\" width=\"350\" height=\"200\" border=\"0\" title=\"Chocolat\"\/><\/p>\n<p>\u25baSant\u00e9<\/p>\n<p style=\"font-size: 22px;\"><b>Le chocolat dangereux ? L&rsquo;UFC-Que Choisir tire la sonnette d&rsquo;alarme<\/b><\/p>\n<p>L&rsquo;association de consommateurs UFC-Que Choisir alerte&#8230;<\/p>\n<p><\/p>\n","protected":false},"excerpt":{"rendered":"Face aux risques li\u00e9s \u00e0 la pr\u00e9sence de mercure dans le thon, des grandes villes comme Lyon et&hellip;\n","protected":false},"author":2,"featured_media":351206,"comment_status":"","ping_status":"","sticky":false,"template":"","format":"standard","meta":{"footnotes":""},"categories":[9566],"tags":[48783,1111,11,2430,47919,1777,674,1011,27,2731,2428,48784,48785,12,25,585,25860],"class_list":{"0":"post-351205","1":"post","2":"type-post","3":"status-publish","4":"format-standard","5":"has-post-thumbnail","7":"category-grenoble","8":"tag-coles","9":"tag-actu","10":"tag-actualites","11":"tag-auvergne-rhone-alpes","12":"tag-cantines-scolaires","13":"tag-eu","14":"tag-europe","15":"tag-fr","16":"tag-france","17":"tag-grenoble","18":"tag-lyon","19":"tag-mtal-lourd","20":"tag-mercure","21":"tag-news","22":"tag-republique-francaise","23":"tag-sant","24":"tag-thon"},"share_on_mastodon":{"url":"https:\/\/pubeurope.com\/@fr\/115109780945395871","error":""},"_links":{"self":[{"href":"https:\/\/www.europesays.com\/fr\/wp-json\/wp\/v2\/posts\/351205","targetHints":{"allow":["GET"]}}],"collection":[{"href":"https:\/\/www.europesays.com\/fr\/wp-json\/wp\/v2\/posts"}],"about":[{"href":"https:\/\/www.europesays.com\/fr\/wp-json\/wp\/v2\/types\/post"}],"author":[{"embeddable":true,"href":"https:\/\/www.europesays.com\/fr\/wp-json\/wp\/v2\/users\/2"}],"replies":[{"embeddable":true,"href":"https:\/\/www.europesays.com\/fr\/wp-json\/wp\/v2\/comments?post=351205"}],"version-history":[{"count":0,"href":"https:\/\/www.europesays.com\/fr\/wp-json\/wp\/v2\/posts\/351205\/revisions"}],"wp:featuredmedia":[{"embeddable":true,"href":"https:\/\/www.europesays.com\/fr\/wp-json\/wp\/v2\/media\/351206"}],"wp:attachment":[{"href":"https:\/\/www.europesays.com\/fr\/wp-json\/wp\/v2\/media?parent=351205"}],"wp:term":[{"taxonomy":"category","embeddable":true,"href":"https:\/\/www.europesays.com\/fr\/wp-json\/wp\/v2\/categories?post=351205"},{"taxonomy":"post_tag","embeddable":true,"href":"https:\/\/www.europesays.com\/fr\/wp-json\/wp\/v2\/tags?post=351205"}],"curies":[{"name":"wp","href":"https:\/\/api.w.org\/{rel}","templated":true}]}}