{"id":351207,"date":"2025-08-29T02:50:24","date_gmt":"2025-08-29T02:50:24","guid":{"rendered":"https:\/\/www.europesays.com\/fr\/351207\/"},"modified":"2025-08-29T02:50:24","modified_gmt":"2025-08-29T02:50:24","slug":"deux-immenses-coups-durs-en-prevision-du-match-face-a-grenoble","status":"publish","type":"post","link":"https:\/\/www.europesays.com\/fr\/351207\/","title":{"rendered":"Deux immenses coups durs en pr\u00e9vision du match face \u00e0 Grenoble"},"content":{"rendered":"<p>                                            Publi\u00e9 le 28\/08\/2025 \u00e0 17h06<br \/>\n                                                                                3 minutes de lecture\n                                                                    <\/p>\n<p>F\u00e9ru de sport et plus particuli\u00e8rement de ballon rond depuis ma plus tendre enfance.<\/p>\n<p>                                            Lire la suite<\/p>\n<p>L\u00a0\u00bbAS Saint-\u00c9tienne traverse une p\u00e9riode particuli\u00e8rement d\u00e9licate \u00e0 l&rsquo;approche de son match crucial contre le Grenoble Foot 38, programm\u00e9 samedi \u00e0 20h. Eirik Horneland, l&rsquo;entra\u00eeneur norv\u00e9gien des Verts, doit faire face \u00e0 une accumulation de probl\u00e8mes qui transforment la pr\u00e9paration de cette rencontre en v\u00e9ritable parcours du combattant. Entre les blessures qui s&rsquo;accumulent, les situations contractuelles non r\u00e9solues et les absences inexpliqu\u00e9es, le technicien st\u00e9phanois voit ses options tactiques se r\u00e9duire comme peau de chagrin. Cette cascade de coups durs intervient \u00e0 un moment o\u00f9 l&rsquo;\u00e9quipe aurait besoin de stabilit\u00e9 pour construire une dynamique positive. La seule note d&rsquo;espoir dans ce tableau sombre reste <strong>le retour de Maxime Bernauer<\/strong>, qui pourrait apporter une solution d\u00e9fensive bienvenue dans ce contexte compliqu\u00e9.<\/p>\n<p>                                <img decoding=\"async\" src=\"https:\/\/www.europesays.com\/fr\/wp-content\/uploads\/2025\/04\/1744123449_543_logo.png\" alt=\"Logo\"\/><\/p>\n<p>100\u20ac offerts sur ton 1er pari !<\/p>\n<p>                            <a href=\"https:\/\/bit.ly\/4j5wl4k\" class=\"headband-button\" rel=\"nofollow noopener\" target=\"_blank\">J&rsquo;en profite<\/a><\/p>\n<p>                                                                <img loading=\"lazy\" decoding=\"async\" src=\"https:\/\/www.europesays.com\/fr\/wp-content\/uploads\/2025\/08\/asse-deux-immenses-coups-durs-en-prevision-du-match-face-a-grenoble.jpg\" alt=\"Illustration : &quot;ASSE : Deux immenses coups durs en pr\u00e9vision du match face \u00e0 Grenoble &quot;\" class=\"figure-img img-fluid\" width=\"780\" height=\"478\"\/><\/p>\n<p>                                    \u00a9 Site officiel de l&rsquo;ASSE                                <\/p>\n<p>Le flanc gauche d\u00e9cim\u00e9 par les blessures<\/p>\n<p>La situation la plus pr\u00e9occupante concerne ind\u00e9niablement le secteur d\u00e9fensif gauche, o\u00f9 Horneland se retrouve dans une impasse totale. <strong>Ebenezer Annan<\/strong>, pilier de cette zone du terrain, a subi une blessure lors du match contre Boulogne-sur-Mer qui s&rsquo;av\u00e8re plus grave que pr\u00e9vu initialement. Aper\u00e7u avec une attelle \u00e0 la cheville, le d\u00e9fenseur ghan\u00e9en vient d&rsquo;apprendre qu&rsquo;il sera \u00e9loign\u00e9 des terrains pour <strong>environ quatre semaines<\/strong>, une absence qui constitue un v\u00e9ritable coup de massue pour l&rsquo;\u00e9quipe st\u00e9phanoise. Cette blessure d&rsquo;Annan s&rsquo;ajoute \u00e0 celle de <strong>Dennis Appiah<\/strong>, \u00e9galement indisponible sur le flanc gauche pour plusieurs semaines, cr\u00e9ant ainsi un vide b\u00e9ant dans le dispositif d\u00e9fensif. Cette double absence force l&rsquo;entra\u00eeneur norv\u00e9gien \u00e0 repenser compl\u00e8tement son syst\u00e8me tactique et \u00e0 trouver des solutions alternatives dans un secteur d\u00e9j\u00e0 fragile. L&rsquo;impact de ces forfaits simultan\u00e9s sur la m\u00eame zone du terrain risque de d\u00e9s\u00e9quilibrer l&rsquo;ensemble de l&rsquo;organisation d\u00e9fensive st\u00e9phanoise.<\/p>\n<p>Situations contractuelles et myst\u00e8res au milieu<\/p>\n<p>Au-del\u00e0 des blessures, Horneland doit \u00e9galement composer avec des situations administratives qui privent l&rsquo;\u00e9quipe de joueurs potentiellement disponibles. <strong>Yvann Ma\u00e7on et Dylan Batubinsika<\/strong> restent \u00e9cart\u00e9s du groupe professionnel en raison de leurs situations contractuelles non r\u00e9solues, une d\u00e9cision qui amplifie les difficult\u00e9s de l&rsquo;entra\u00eeneur pour constituer son effectif. Plus myst\u00e9rieux encore, le cas <strong>Pierre Ekwah<\/strong> prend des proportions inqui\u00e9tantes, le milieu de terrain \u00e9tant aux abonn\u00e9s absents depuis plusieurs semaines sans donner de nouvelles au club. Ce feuilleton totalement bloqu\u00e9 prive l&rsquo;ASSE d&rsquo;un \u00e9l\u00e9ment important de son entrejeu et soul\u00e8ve des questions sur la gestion de certains dossiers. Parall\u00e8lement, <strong>Benjamin Bouchouari et Djylian N&rsquo;Guessan<\/strong> progressent dans leur r\u00e9cup\u00e9ration et ont repris la course, mais leur retour ne sera pas effectif pour le match contre Grenoble, prolongeant ainsi l&rsquo;attente de renforts au milieu de terrain.<\/p>\n<p>Incertitudes de derni\u00e8re minute<\/p>\n<p>Comme si la situation n&rsquo;\u00e9tait pas suffisamment compliqu\u00e9e, Horneland doit \u00e9galement g\u00e9rer des incertitudes de derni\u00e8re minute qui ajoutent du stress \u00e0 sa pr\u00e9paration. <strong>A\u00efmen Moueffek<\/strong>, touch\u00e9 \u00e0 la cheville en d\u00e9but de semaine, pr\u00e9sente un cas d&rsquo;incertitude totale, l&rsquo;entra\u00eeneur reconnaissant que \u00ab\u00a0c&rsquo;est du 50\/50\u00a0\u00bb concernant sa participation. Cette ind\u00e9cision jusqu&rsquo;au dernier moment complique la planification tactique et oblige le staff \u00e0 pr\u00e9parer plusieurs sc\u00e9narios diff\u00e9rents. Enfin, <strong>Zuriko Davitashvili<\/strong>, habituellement un \u00e9l\u00e9ment offensif important, souffre d&rsquo;une maladie qui pourrait \u00e9galement le priver de cette rencontre cruciale. Cette possible absence suppl\u00e9mentaire r\u00e9duirait encore davantage les options offensives de l&rsquo;\u00e9quipe st\u00e9phanoise, for\u00e7ant Horneland \u00e0 puiser dans ses ressources les plus profondes pour aligner une \u00e9quipe comp\u00e9titive face \u00e0 Grenoble.<\/p>\n<p>Ce samedi, l\u2019ASSE re\u00e7oit Grenoble dans son chaudron pour confirmer apr\u00e8s son succ\u00e8s \u00e0 Boulogne. Pour cette saison 2025-2026, profitez de 100\u20ac offerts pour votre premi\u00e8re inscription sur Parions Sport en Ligne. <a href=\"http:\/\/bit.ly\/4hgs1yE\" rel=\"nofollow noopener\" target=\"_blank\"><strong>Une victoire de l\u2019ASSE face \u00e0 Grenoble par au moins deux buts d\u2019\u00e9cart vous rapporte jusqu\u2019\u00e0 225\u20ac !<\/strong><\/a><\/p>\n<p><strong>Pour en profiter, c\u2019est tr\u00e8s simple :<\/strong><\/p>\n<p>&#8211;                  Cr\u00e9ez votre compte joueur en seulement 2 \u00e9tapes <a href=\"http:\/\/bit.ly\/4hgs1yE\" rel=\"nofollow noopener\" target=\"_blank\"><strong>ici<\/strong><\/a><\/p>\n<p>&#8211;                  R\u00e9alisez votre 1er d\u00e9p\u00f4t puis placez votre 1er pari (Minimum 5\u20ac)<\/p>\n<p>&#8211;                  Une fois votre 1er d\u00e9p\u00f4t et votre 1er pari r\u00e9alis\u00e9s, l\u2019int\u00e9gralit\u00e9 du montant de ce 1er pari sera cr\u00e9dit\u00e9e sur votre compte joueur dans la limite de 100\u20ac maximum et sous la forme de cr\u00e9dits de jeu non retirables. Le cr\u00e9dit s\u2019effectuera alors en une seule \u00e9tape et sous 3 jours<\/p>\n<p>Jouer comporte des risques : endettement, d\u00e9pendance\u2026 Appelez le 09 74 75 13 13 (appel non surtax\u00e9)<\/p>\n","protected":false},"excerpt":{"rendered":"Publi\u00e9 le 28\/08\/2025 \u00e0 17h06 3 minutes de lecture F\u00e9ru de sport et plus particuli\u00e8rement de ballon rond&hellip;\n","protected":false},"author":2,"featured_media":351208,"comment_status":"","ping_status":"","sticky":false,"template":"","format":"standard","meta":{"footnotes":""},"categories":[9566],"tags":[1111,11,2430,1777,674,1011,27,2731,12,25],"class_list":{"0":"post-351207","1":"post","2":"type-post","3":"status-publish","4":"format-standard","5":"has-post-thumbnail","7":"category-grenoble","8":"tag-actu","9":"tag-actualites","10":"tag-auvergne-rhone-alpes","11":"tag-eu","12":"tag-europe","13":"tag-fr","14":"tag-france","15":"tag-grenoble","16":"tag-news","17":"tag-republique-francaise"},"share_on_mastodon":{"url":"https:\/\/pubeurope.com\/@fr\/115109784739726106","error":""},"_links":{"self":[{"href":"https:\/\/www.europesays.com\/fr\/wp-json\/wp\/v2\/posts\/351207","targetHints":{"allow":["GET"]}}],"collection":[{"href":"https:\/\/www.europesays.com\/fr\/wp-json\/wp\/v2\/posts"}],"about":[{"href":"https:\/\/www.europesays.com\/fr\/wp-json\/wp\/v2\/types\/post"}],"author":[{"embeddable":true,"href":"https:\/\/www.europesays.com\/fr\/wp-json\/wp\/v2\/users\/2"}],"replies":[{"embeddable":true,"href":"https:\/\/www.europesays.com\/fr\/wp-json\/wp\/v2\/comments?post=351207"}],"version-history":[{"count":0,"href":"https:\/\/www.europesays.com\/fr\/wp-json\/wp\/v2\/posts\/351207\/revisions"}],"wp:featuredmedia":[{"embeddable":true,"href":"https:\/\/www.europesays.com\/fr\/wp-json\/wp\/v2\/media\/351208"}],"wp:attachment":[{"href":"https:\/\/www.europesays.com\/fr\/wp-json\/wp\/v2\/media?parent=351207"}],"wp:term":[{"taxonomy":"category","embeddable":true,"href":"https:\/\/www.europesays.com\/fr\/wp-json\/wp\/v2\/categories?post=351207"},{"taxonomy":"post_tag","embeddable":true,"href":"https:\/\/www.europesays.com\/fr\/wp-json\/wp\/v2\/tags?post=351207"}],"curies":[{"name":"wp","href":"https:\/\/api.w.org\/{rel}","templated":true}]}}