{"id":351211,"date":"2025-08-29T02:54:12","date_gmt":"2025-08-29T02:54:12","guid":{"rendered":"https:\/\/www.europesays.com\/fr\/351211\/"},"modified":"2025-08-29T02:54:12","modified_gmt":"2025-08-29T02:54:12","slug":"foire-europeenne-de-strasbourg-2025-salon-culturel-animations-musicales-une-nouvelle-dynamique-du-5-au-14-septembre","status":"publish","type":"post","link":"https:\/\/www.europesays.com\/fr\/351211\/","title":{"rendered":"Foire europ\u00e9enne de Strasbourg 2025. Salon culturel, animations musicales&#8230; Une nouvelle dynamique du 5 au 14 septembre"},"content":{"rendered":"<p>Les deux derni\u00e8res \u00e9ditions de la Foire europ\u00e9enne ont permis \u00e0 la SEM Strasbourg Events de contredire les esprits chagrins qui enterraient le concept de foire g\u00e9n\u00e9raliste. La relance est pass\u00e9e par une remobilisation de ses \u00e9quipes, mais aussi par le fait de disposer d\u2019un \u00e9quipement de pointe qui lui va d\u00e9sormais comme un gant\u00a0: l\u2019investissement de l\u2019Eurom\u00e9tropole (avec les autres collectivit\u00e9s) dans le nouveau parc des expositions porte ses fruits.<\/p>\n<p>  L\u2019\u00e9rosion de la fr\u00e9quentation a \u00e9t\u00e9 endigu\u00e9e<\/p>\n<p>Les (bons) chiffres se cueillent \u00e0 grande brass\u00e9e chaque automne, depuis la sortie du Covid et <a href=\"https:\/\/www.dna.fr\/economie\/2022\/04\/05\/le-nouveau-parc-des-expositions-sera-operationnel-en-septembre\" target=\"_blank\" rel=\"noopener\">la livraison progressive des infrastructures du PEX<\/a>. Avec une politique tarifaire revue, l\u2019\u00e9rosion de la fr\u00e9quentation a \u00e9t\u00e9 endigu\u00e9e et les <a href=\"https:\/\/www.dna.fr\/culture-loisirs\/2024\/09\/16\/foire-europeenne-un-bilan-ensoleille-malgre-une-meteo-execrable\" target=\"_blank\" rel=\"noopener\">indicateurs sont pass\u00e9s au vert avec plus de 130\u00a0000 visiteurs<\/a> &#8211; soit une hausse de 9\u00a0% depuis 2022. Son c\u00f4t\u00e9 \u00ab\u00a0has been\u00a0\u00bb a \u00e9t\u00e9 gomm\u00e9\u00a0: aujourd\u2019hui \u00ab\u00a0de jour et de nuit, la Foire se vit en continu\u00a0\u00bb, se r\u00e9jouit-on. Le public y vient \u00ab\u00a0pour les bonnes affaires\u00a0\u00bb, mais aussi pour \u00ab\u00a0d\u00e9couvrir, go\u00fbter, partager, danser\u00a0\u00bb et vivre \u00ab\u00a0une exp\u00e9rience locale et europ\u00e9enne, vibrante et multiple\u00a0\u00bb, appuient les organisateurs.<\/p>\n<p>Pour y parvenir, ils se sont appuy\u00e9s sur les partenaires traditionnels (CCI, CMA, Chambre d\u2019agriculture, corporations, arm\u00e9es et institutions), mais ils ont ouvert les portes \u00e0 une programmation qui fait la part belle \u00e0 la culture (salon du livre, festival de la BD et manga), aux d\u00e9couvertes, exp\u00e9riences immersives et au divertissement\u00a0: des concerts sont programm\u00e9s tous les soirs (Foire europ\u2019live) avec entr\u00e9e gratuite de 18\u00a0h jusqu\u2019\u00e0 minuit dans le Hall 1.<\/p>\n<p>  Une hausse du nombre d\u2019exposants<\/p>\n<p>Cet \u00ab\u00a0esprit de renouveau\u00a0\u00bb, comme ils le nomment, se traduit aussi par la hausse du nombre d\u2019exposants (330 en 2022 contre 550 attendus cette ann\u00e9e) install\u00e9s dans l\u2019\u00e9crin des cinq halls pos\u00e9s deux c\u00f4t\u00e9s de l\u2019avenue Herrenschmidt, d\u00e9ploy\u00e9 sur pr\u00e8s de 10 hectares, m\u00ealant espaces int\u00e9rieurs et ext\u00e9rieurs. Entre le PMC et ses jardins, le Hall 5, le Parc-expo et ses deux parvis, la Foire permettra de retrouver des \u00ab\u00a0saveurs d\u2019ici et d\u2019ailleurs\u00a0\u00bb, d\u2019\u00ab\u00a0am\u00e9nager ou r\u00e9nover son logement et ses ext\u00e9rieurs\u00a0\u00bb.<\/p>\n<p>Au rayon des nouveaut\u00e9s, on aura droit \u00e0 un voyage immersif en Irlande sur 1 200m2 et \u00e0 une animation Ultimate Ninja Challenge. On trouvera diff\u00e9rents \u00ab\u00a0villages\u00a0\u00bb\u00a0: celui des D\u00e9lices, avec ses d\u00e9monstrations, d\u00e9gustations et concours culinaires, des corporations des m\u00e9tiers de bouche\u00a0; celui des arm\u00e9es et du SIS67 (service d\u2019incendie et de secours du Bas-Rhin)\u00a0; la mode &amp; d\u00e9co, l\u2019ameublement &amp; l\u2019am\u00e9nagement, l\u2019artisanat, ou encore l\u2019agriculture, qui ancrent l\u2019\u00e9v\u00e9nement dans les r\u00e9alit\u00e9s du territoire, le tout en pr\u00e9sence de l\u2019association UFC-Que Choisir. Mais aussi le village du Pacifique (danses traditionnelles, artisanat, gastronomie, tatouages).<\/p>\n<p class=\"note\">Billet unique \u00e0 5\u00a0\u20ac valable du 5 au 14\u00a0septembre. Entr\u00e9e gratuite \u00e0 18\u00a0h tous les jours. Restauration\u00a0: hall 1 et Village Meteor tous les jours de 10\u00a0h \u00e0 minuit.<\/p>\n","protected":false},"excerpt":{"rendered":"Les deux derni\u00e8res \u00e9ditions de la Foire europ\u00e9enne ont permis \u00e0 la SEM Strasbourg Events de contredire les&hellip;\n","protected":false},"author":2,"featured_media":351212,"comment_status":"","ping_status":"","sticky":false,"template":"","format":"standard","meta":{"footnotes":""},"categories":[2820],"tags":[1111,11,2389,4406,130,1687,33,1777,674,107,1685,1011,27,775,12,25,640],"class_list":{"0":"post-351211","1":"post","2":"type-post","3":"status-publish","4":"format-standard","5":"has-post-thumbnail","7":"category-strasbourg","8":"tag-actu","9":"tag-actualites","10":"tag-alsace","11":"tag-commerce-et-services","12":"tag-consommation","13":"tag-culture-loisirs","14":"tag-economie","15":"tag-eu","16":"tag-europe","17":"tag-fil-info","18":"tag-foire-et-salon","19":"tag-fr","20":"tag-france","21":"tag-grand-est","22":"tag-news","23":"tag-republique-francaise","24":"tag-strasbourg"},"share_on_mastodon":{"url":"https:\/\/pubeurope.com\/@fr\/115109800448567700","error":""},"_links":{"self":[{"href":"https:\/\/www.europesays.com\/fr\/wp-json\/wp\/v2\/posts\/351211","targetHints":{"allow":["GET"]}}],"collection":[{"href":"https:\/\/www.europesays.com\/fr\/wp-json\/wp\/v2\/posts"}],"about":[{"href":"https:\/\/www.europesays.com\/fr\/wp-json\/wp\/v2\/types\/post"}],"author":[{"embeddable":true,"href":"https:\/\/www.europesays.com\/fr\/wp-json\/wp\/v2\/users\/2"}],"replies":[{"embeddable":true,"href":"https:\/\/www.europesays.com\/fr\/wp-json\/wp\/v2\/comments?post=351211"}],"version-history":[{"count":0,"href":"https:\/\/www.europesays.com\/fr\/wp-json\/wp\/v2\/posts\/351211\/revisions"}],"wp:featuredmedia":[{"embeddable":true,"href":"https:\/\/www.europesays.com\/fr\/wp-json\/wp\/v2\/media\/351212"}],"wp:attachment":[{"href":"https:\/\/www.europesays.com\/fr\/wp-json\/wp\/v2\/media?parent=351211"}],"wp:term":[{"taxonomy":"category","embeddable":true,"href":"https:\/\/www.europesays.com\/fr\/wp-json\/wp\/v2\/categories?post=351211"},{"taxonomy":"post_tag","embeddable":true,"href":"https:\/\/www.europesays.com\/fr\/wp-json\/wp\/v2\/tags?post=351211"}],"curies":[{"name":"wp","href":"https:\/\/api.w.org\/{rel}","templated":true}]}}