{"id":351213,"date":"2025-08-29T02:55:11","date_gmt":"2025-08-29T02:55:11","guid":{"rendered":"https:\/\/www.europesays.com\/fr\/351213\/"},"modified":"2025-08-29T02:55:11","modified_gmt":"2025-08-29T02:55:11","slug":"fiorentina-crystal-palace-shakhtar-les-adversaires-potentiels-de-strasbourg-en-phase-de-ligue","status":"publish","type":"post","link":"https:\/\/www.europesays.com\/fr\/351213\/","title":{"rendered":"Fiorentina, Crystal Palace, Shakhtar&#8230; les adversaires potentiels de Strasbourg en phase de ligue"},"content":{"rendered":"<p>Port\u00e9 par son capitaine Emanuel Emegha, auteur d&rsquo;un doubl\u00e9, Strasbourg s&rsquo;est qualifi\u00e9 pour la Ligue Conf\u00e9rence en l&#8217;emportant \u00e0 Brondby (3-2), jeudi soir, en match retour de barrage. Le club alsacien est plac\u00e9 dans le pot 3.<\/p>\n<p>Strasbourg peut c\u00e9l\u00e9brer. Tenu en \u00e9chec au Stade de la Meinau (0-0) une semaine plus t\u00f4t, le club alsacien a cette fois fait sauter le verrou danois, au Brondby Stadion, <a href=\"https:\/\/rmcsport.bfmtv.com\/football\/clubs\/rc-strasbourg\/exclu-video-ligue-conference-strasbourg-arrache-sa-place-en-phase-de-ligue-bien-aide-par-le-gardien-de-brondby_AV-202508280823.html\" title=\"(EXCLU VIDEO) Ligue Conf\u00e9rence: Strasbourg arrache sa place en phase de ligue bien aid\u00e9 par le gardien de Brondby\" class=\"internal_link\" rel=\"nofollow noopener\" target=\"_blank\">port\u00e9 par son capitaine Emanuel Emegha, auteur d&rsquo;un doubl\u00e9 (3-2)<\/a>. Cette qualification constitue un soulagement pour un effectif renforc\u00e9 par une dizaine de joueurs cet \u00e9t\u00e9, contre une centaine de millions d&rsquo;euros, afin de disputer une comp\u00e9tition europ\u00e9enne. Un an apr\u00e8s l&rsquo;\u00e9chec de Lens \u00e0 ce stade de la comp\u00e9tition, la France aura donc bien un repr\u00e9sentant en C4. Les Alsaciens conna\u00eetront leurs futurs adversaires lors du tirage au sort pr\u00e9vu vendredi \u00e0 Monaco (14h).<\/p>\n<p>Les 36 \u00e9quipes participantes sont r\u00e9parties dans six chapeaux de six \u00e9quipes sur la base de leur coefficient UEFA en 2025. Chaque \u00e9quipe affronte sur un seul match une \u00e9quipe de chaque chapeau (y compris son propre chapeau), soit au total six adversaires diff\u00e9rents (trois matches \u00e0 domicile et trois matches \u00e0 l&rsquo;ext\u00e9rieur).<\/p>\n<p>Le chapeaux de la phase de ligue de Ligue Conf\u00e9rence<\/p>\n<p>Chapeau 1: Fiorentina, AZ Alkmaar, Shakhtar Donetsk, Slovan Bratislava, Rapid Vienne, Legia Varsovie<\/p>\n<p>Chapeau 2: Sparta Prague, Dinamo Kiev, Crystal Palace, Lech Poznan, Rayo Vallecano, Shamrock Rovers<\/p>\n<p>Chapeau 3: Omonia Nicosie, Mayence, <strong>Strasbourg<\/strong>, Jagiellonia Bialystok, NK Celje, HNK Rijeka<\/p>\n<p>Chapeau 4: Zrinjski Mostar, Kuopion Palloseura (KuPs), Lincoln Red Imps, AEK Ath\u00e8nes, Aberdeen, Drita<\/p>\n<p>Chapeau 5: Breidablik, Sigma Olomouc, Samsunspor, Rakow Czestochowa, AEK Larnaca, FK Shk\u00ebndija<\/p>\n<p>Chapeau 6: BK Hacken, FC Lausanne, Universitatea Craiova, Hamrun Spartans, FC Noah, Shelbourne FC<\/p>\n<p>La phase de ligue de la Ligue Conf\u00e9rence d\u00e9butera le 2 octobre et s&rsquo;\u00e9tirera jusqu&rsquo;au 18 d\u00e9cembre. Les huit premi\u00e8res \u00e9quipes seront directement qualifi\u00e9es pour les huiti\u00e8mes de finale, alors que les clubs class\u00e9s entre la 9e et la 24e place joueront des barrages aller-retour.<\/p>\n","protected":false},"excerpt":{"rendered":"Port\u00e9 par son capitaine Emanuel Emegha, auteur d&rsquo;un doubl\u00e9, Strasbourg s&rsquo;est qualifi\u00e9 pour la Ligue Conf\u00e9rence en l&#8217;emportant&hellip;\n","protected":false},"author":2,"featured_media":351214,"comment_status":"","ping_status":"","sticky":false,"template":"","format":"standard","meta":{"footnotes":""},"categories":[2820],"tags":[1111,11,1777,674,1011,27,775,12,25,640],"class_list":{"0":"post-351213","1":"post","2":"type-post","3":"status-publish","4":"format-standard","5":"has-post-thumbnail","7":"category-strasbourg","8":"tag-actu","9":"tag-actualites","10":"tag-eu","11":"tag-europe","12":"tag-fr","13":"tag-france","14":"tag-grand-est","15":"tag-news","16":"tag-republique-francaise","17":"tag-strasbourg"},"share_on_mastodon":{"url":"https:\/\/pubeurope.com\/@fr\/115109804510529069","error":""},"_links":{"self":[{"href":"https:\/\/www.europesays.com\/fr\/wp-json\/wp\/v2\/posts\/351213","targetHints":{"allow":["GET"]}}],"collection":[{"href":"https:\/\/www.europesays.com\/fr\/wp-json\/wp\/v2\/posts"}],"about":[{"href":"https:\/\/www.europesays.com\/fr\/wp-json\/wp\/v2\/types\/post"}],"author":[{"embeddable":true,"href":"https:\/\/www.europesays.com\/fr\/wp-json\/wp\/v2\/users\/2"}],"replies":[{"embeddable":true,"href":"https:\/\/www.europesays.com\/fr\/wp-json\/wp\/v2\/comments?post=351213"}],"version-history":[{"count":0,"href":"https:\/\/www.europesays.com\/fr\/wp-json\/wp\/v2\/posts\/351213\/revisions"}],"wp:featuredmedia":[{"embeddable":true,"href":"https:\/\/www.europesays.com\/fr\/wp-json\/wp\/v2\/media\/351214"}],"wp:attachment":[{"href":"https:\/\/www.europesays.com\/fr\/wp-json\/wp\/v2\/media?parent=351213"}],"wp:term":[{"taxonomy":"category","embeddable":true,"href":"https:\/\/www.europesays.com\/fr\/wp-json\/wp\/v2\/categories?post=351213"},{"taxonomy":"post_tag","embeddable":true,"href":"https:\/\/www.europesays.com\/fr\/wp-json\/wp\/v2\/tags?post=351213"}],"curies":[{"name":"wp","href":"https:\/\/api.w.org\/{rel}","templated":true}]}}