{"id":351215,"date":"2025-08-29T02:56:15","date_gmt":"2025-08-29T02:56:15","guid":{"rendered":"https:\/\/www.europesays.com\/fr\/351215\/"},"modified":"2025-08-29T02:56:15","modified_gmt":"2025-08-29T02:56:15","slug":"des-milliers-decoliers-recoivent-gratuitement-leur-materiel-scolaire","status":"publish","type":"post","link":"https:\/\/www.europesays.com\/fr\/351215\/","title":{"rendered":"des milliers d\u2019\u00e9coliers re\u00e7oivent gratuitement leur mat\u00e9riel scolaire"},"content":{"rendered":"<p><strong>Un coup de pouce bienvenu pour les familles ni\u00e7oises. Durant l\u2019\u00e9t\u00e9, elles ont re\u00e7u de la Ville tout un kit de fournitures scolaires distribu\u00e9es gratuitement, une aide suppl\u00e9mentaire pour soulager les parents.<\/strong><\/p>\n<p>Fini les fameuses (et parfois casse-t\u00eate) courses de la rentr\u00e9e. En tous les cas en partie. Cet \u00e9t\u00e9, la municipalit\u00e9 ni\u00e7oise s\u2019est mobilis\u00e9e pour les familles et leur budget, <a href=\"https:\/\/nicepresse.com\/fournitures-combien-vous-coutera-la-rentree-scolaire-cette-annee-une-association-devoile-son-estimation\/\" rel=\"nofollow noopener\" target=\"_blank\">que l\u2019on sait tr\u00e8s impact\u00e9<\/a> par cette liste <a href=\"https:\/\/nicepresse.com\/rentree-scolaire-gare-aux-fournitures-qui-peuvent-nuire-a-la-sante-des-enfants-quelques-conseils-pour-faire-les-bons-choix\/\" rel=\"nofollow noopener\" target=\"_blank\">de fournitures scolaires<\/a>. Cette ann\u00e9e, les m\u00e9nages auront bien moins de choses \u00e0 acheter.<\/p>\n<p>Au mois de juin, la Ville a fait parvenir, pour chaque \u00e9l\u00e8ve des \u00e9coles \u00e9l\u00e9mentaires publiques et priv\u00e9es sous contrat de la commune, un trousseau de l\u2019essentiel. \u00c0 commencer par un sac en toile synth\u00e9tique rouge et noir, nos couleurs locales.<\/p>\n<p>Des kits \u00e9labor\u00e9s en suivant les recommandations de l\u2019\u00c9ducation Nationale<\/p>\n<p>Les 22 000 kits remis comprennent aussi des stylos, une r\u00e8gle, deux crayons, une gomme, un taille-crayon, des b\u00e2tons de colle, des crayons et des feutres de couleur, une ardoise et les feutres qui vont avec. Un pack \u00e9labor\u00e9 selon les recommandations de l\u2019\u00c9ducation Nationale.<\/p>\n<p>La mesure vise \u00e0 \u00ab\u00a0favoriser l\u2019\u00e9galit\u00e9 des chances en offrant \u00e0 chaque enfant les fournitures n\u00e9cessaires pour d\u00e9buter l\u2019ann\u00e9e scolaire dans de bonnes conditions\u00a0\u00bb, ainsi que le pose la mairie.<\/p>\n<p>Elle rejoint d\u2019ailleurs d\u2019autres dispositifs ayant le m\u00eame objectif. On pense \u00e0 la <a href=\"https:\/\/nicepresse.com\/les-transports-publics-deviendront-gratuits-pour-les-enfants-a-partir-de-cet-ete-dans-les-communes-de-la-metropole-de-nice\/\" rel=\"nofollow noopener\" target=\"_blank\">gratuit\u00e9 des transports en commun<\/a> pour les moins de 11 ans, en vigueur depuis le 1er juillet. Il faut \u00e9galement pr\u00e9ciser que l\u2019aide, ou \u00ab\u00a0cr\u00e9dits p\u00e9dagogiques\u00a0\u00bb, est toujours valable. <\/p>\n<p>Elle concerne tous les petits inscrits en maternelle ou au niveau \u00e9l\u00e9mentaire, et se monte \u00e0 42,36 euros. Cette somme sert notamment \u00e0 acqu\u00e9rir des livres et n\u2019a pas vari\u00e9 par rapport aux ann\u00e9es pr\u00e9c\u00e9dentes. <\/p>\n<p>Les Communistes agac\u00e9s<\/p>\n<p>Un geste plut\u00f4t tr\u00e8s appr\u00e9ci\u00e9 par les Ni\u00e7ois, mais qui agace chez les Communistes.\u00ab\u00a0Que les choses soient claires : toute aide aux familles est bienvenue, pr\u00e9cisait <a href=\"https:\/\/nicepresse.com\/nice-la-mairie-de-christian-estrosi-paiera-aux-familles-les-fournitures-scolaires-une-manoeuvre-grossiere-selon-les-communistes\/\" rel=\"nofollow noopener\" target=\"_blank\">dans nos colonnes<\/a> Julien Picot, secr\u00e9taire g\u00e9n\u00e9ral de l\u2019organisation dans les Alpes-Maritimes. Mais ce changement brutal de politique, in\u00e9dit depuis toutes les ann\u00e9es de mandat de M. Estrosi, n\u2019a rien de fortuit. Il s\u2019agit d\u2019une man\u0153uvre grossi\u00e8re.\u00a0\u00bb<\/p>\n<p><a href=\"https:\/\/anneedelamer.nice.fr\/\" rel=\"nofollow noopener\" target=\"_blank\"><img loading=\"lazy\" decoding=\"async\" width=\"300\" height=\"300\" src=\"data:image\/svg+xml,%3Csvg%20xmlns=\" http:=\"\" alt=\"\" class=\"wp-image-235449\" data-lazy-src=\"https:\/\/www.europesays.com\/fr\/wp-content\/uploads\/2025\/04\/IMG_1416-2.png\"\/><\/a><\/p>\n<p>Si ce soutien est salutaire dans <a href=\"https:\/\/nicepresse.com\/alpes-maritimes-les-fortunes-cotoient-une-large-precarite-les-environs-de-nice-seraient-lun-des-territoires-les-plus-inegalitaires-de-france\/\" rel=\"nofollow noopener\" target=\"_blank\">une grande localit\u00e9 marqu\u00e9e<\/a> par la pr\u00e9carit\u00e9, le\u00a0PCF 06 y voit l\u00e0 une \u00ab\u00a0une op\u00e9ration \u00e9lectorale d\u00e9guis\u00e9e\u00a0\u00bb \u00e0 l\u2019approche des \u00e9lections municipales en 2026.<\/p>\n","protected":false},"excerpt":{"rendered":"Un coup de pouce bienvenu pour les familles ni\u00e7oises. Durant l\u2019\u00e9t\u00e9, elles ont re\u00e7u de la Ville tout&hellip;\n","protected":false},"author":2,"featured_media":351216,"comment_status":"","ping_status":"","sticky":false,"template":"","format":"standard","meta":{"footnotes":""},"categories":[2819],"tags":[1111,11,1777,674,1011,27,12,2401,882,25],"class_list":{"0":"post-351215","1":"post","2":"type-post","3":"status-publish","4":"format-standard","5":"has-post-thumbnail","7":"category-nice","8":"tag-actu","9":"tag-actualites","10":"tag-eu","11":"tag-europe","12":"tag-fr","13":"tag-france","14":"tag-news","15":"tag-nice","16":"tag-provence-alpes-cote-dazur","17":"tag-republique-francaise"},"share_on_mastodon":{"url":"https:\/\/pubeurope.com\/@fr\/115109808383371528","error":""},"_links":{"self":[{"href":"https:\/\/www.europesays.com\/fr\/wp-json\/wp\/v2\/posts\/351215","targetHints":{"allow":["GET"]}}],"collection":[{"href":"https:\/\/www.europesays.com\/fr\/wp-json\/wp\/v2\/posts"}],"about":[{"href":"https:\/\/www.europesays.com\/fr\/wp-json\/wp\/v2\/types\/post"}],"author":[{"embeddable":true,"href":"https:\/\/www.europesays.com\/fr\/wp-json\/wp\/v2\/users\/2"}],"replies":[{"embeddable":true,"href":"https:\/\/www.europesays.com\/fr\/wp-json\/wp\/v2\/comments?post=351215"}],"version-history":[{"count":0,"href":"https:\/\/www.europesays.com\/fr\/wp-json\/wp\/v2\/posts\/351215\/revisions"}],"wp:featuredmedia":[{"embeddable":true,"href":"https:\/\/www.europesays.com\/fr\/wp-json\/wp\/v2\/media\/351216"}],"wp:attachment":[{"href":"https:\/\/www.europesays.com\/fr\/wp-json\/wp\/v2\/media?parent=351215"}],"wp:term":[{"taxonomy":"category","embeddable":true,"href":"https:\/\/www.europesays.com\/fr\/wp-json\/wp\/v2\/categories?post=351215"},{"taxonomy":"post_tag","embeddable":true,"href":"https:\/\/www.europesays.com\/fr\/wp-json\/wp\/v2\/tags?post=351215"}],"curies":[{"name":"wp","href":"https:\/\/api.w.org\/{rel}","templated":true}]}}