{"id":351217,"date":"2025-08-29T02:57:11","date_gmt":"2025-08-29T02:57:11","guid":{"rendered":"https:\/\/www.europesays.com\/fr\/351217\/"},"modified":"2025-08-29T02:57:11","modified_gmt":"2025-08-29T02:57:11","slug":"comment-nice-a-fait-capoter-le-transfert-de-jonathan-clauss-au-bayer-leverkusen","status":"publish","type":"post","link":"https:\/\/www.europesays.com\/fr\/351217\/","title":{"rendered":"Comment Nice a fait capoter le transfert de Jonathan Clauss au Bayer Leverkusen"},"content":{"rendered":"<p>\u00c0 bient\u00f4t 33 ans (il les f\u00eatera le 25 septembre prochain), <a href=\"https:\/\/www.footmercato.net\/joueur\/jonathan-clauss\/\" rel=\"nofollow noopener\" target=\"_blank\">Jonathan Clauss<\/a> pensait vivre une nouvelle exp\u00e9rience en Allemagne. \u00c0 l\u2019heure o\u00f9 le Gym traverse une p\u00e9riode de turbulences malgr\u00e9 une belle saison 2024\/2025 ponctu\u00e9e par une quatri\u00e8me place au classement de <a href=\"https:\/\/www.footmercato.net\/france\/ligue-1\/\" rel=\"nofollow noopener\" target=\"_blank\">Ligue 1<\/a>, le lat\u00e9ral fran\u00e7ais s\u2019est vu offrir la possibilit\u00e9 d\u2019\u00e9voluer sous le maillot du <a href=\"https:\/\/www.footmercato.net\/club\/bayer-04-leverkusen\/\" rel=\"nofollow noopener\" target=\"_blank\">Bayer Leverkusen<\/a>. Un an seulement apr\u00e8s son arriv\u00e9e sur la C\u00f4te d\u2019Azur, l\u2019ancien Marseillais \u00e9tait partant pour plier bagage.<\/p>\n<p>            La suite apr\u00e8s cette publicit\u00e9<\/p>\n<p><a href=\"https:\/\/www.footmercato.net\/a2673553842385502718-jonathan-clauss-pourrait-quitter-nice-dici-la-fin-du-mercato\" rel=\"nofollow noopener\" target=\"_blank\">Des vell\u00e9it\u00e9s de d\u00e9part que nous vous avions r\u00e9v\u00e9l\u00e9es<\/a> et qui avaient \u00e9t\u00e9 confirm\u00e9es par l\u2019entra\u00eeneur ni\u00e7ois, Franck Haise. \u00ab Il a une volont\u00e9 de partir parce qu\u2019il y a une belle offre d\u2019un gros club. \u00c7a peut s\u2019entendre. \u00c7a fait quelques semaines d\u00e9j\u00e0, \u00e7a explique aussi certaines de ses performances r\u00e9centes. Le club a la volont\u00e9 de le conserver, s\u2019il doit y avoir un d\u00e9part, ce sera dans des conditions qui respecteront les trois parties. On veut le garder, il le sait. Retenir un joueur qui n\u2019a pas envie de rester, c\u2019est particulier. Il sera peut-\u00eatre l\u00e0 le 2 septembre, on ne sait pas. On verra. \u00bb<\/p>\n<p>            La suite apr\u00e8s cette publicit\u00e9<\/p>\n<p>        Nice r\u00e9clamait 20 M\u20ac au d\u00e9part pour Clauss<\/p>\n<p>Malheureusement pour Clauss, <a href=\"https:\/\/www.footmercato.net\/a9092950343952682365-mercato-nice-coup-de-theatre-pour-jonathan-clauss\" rel=\"nofollow noopener\" target=\"_blank\">il a vu son transfert capoter<\/a> et Lucas Vazquez lui passer devant. Et si les Allemands ont pr\u00e9f\u00e9r\u00e9 stopper les n\u00e9gociations avec le Gym pour foncer sur l\u2019ancien Merengue, c\u2019est bien pour une raison. Dans son \u00e9dition du jour, <a href=\"https:\/\/www.lequipe.fr\/Football\/Article\/Jonathan-clauss-histoire-d-un-transfert-rate-entre-nice-et-leverkusen\/1587841\" rel=\"nofollow noopener\" target=\"_blank\">L\u2019\u00c9quipe<\/a> r\u00e9v\u00e8le que <a href=\"https:\/\/www.footmercato.net\/club\/ogc-nice\/\" rel=\"nofollow noopener\" target=\"_blank\">Nice<\/a> a fait preuve d\u2019une gourmandise financi\u00e8re XXL. Les Aiglons ont-ils tent\u00e9 un coup de poker ? Le quotidien nous apprend qu\u2019ils ont r\u00e9clam\u00e9 une somme trop importante au vu de la situation de leur d\u00e9fenseur. Au d\u00e9part, Nice r\u00e9clamait pas moins de 20 M\u20ac secs pour un joueur de bient\u00f4t 33 ans \u00e0 qui il ne restait plus qu\u2019un an de contrat. Une somme bien trop \u00e9lev\u00e9e. <\/p>\n<p>Ensuite, les Ni\u00e7ois ont accept\u00e9 de laisser filer leur joueur contre 16 M\u20ac fixes plus 4 M\u20ac de bonus, avant de dire oui si une offre de 15 M\u20ac leur parvenait. En face, le Bayer Leverkusen n\u2019a jamais voulu payer autant. Les vice-champions de <a href=\"https:\/\/www.footmercato.net\/allemagne\/bundesliga\/\" rel=\"nofollow noopener\" target=\"_blank\">Bundesliga<\/a> ont d\u00e9marr\u00e9 les n\u00e9gociations avec deux premi\u00e8res offres (4 M\u20ac + 2 M\u20ac de bonus puis 6,25 M\u20ac + 2 M\u20ac de bonus), avant de formuler sa derni\u00e8re proposition de 8 M\u20ac + 4 M\u20ac de bonus. Lundi, quand Nice avait enfin accept\u00e9 de vendre Clauss pour moins de 15 M\u20ac, Leverkusen faisait passer la visite m\u00e9dicale \u00e0 Lucas Vazquez, mettant ainsi fin au feuilleton. Face \u00e0 ce sc\u00e9nario cruel pour le joueur, reste \u00e0 savoir comment va se passer son retour au sein de l\u2019effectif azur\u00e9en. <\/p>\n<p>\n    Pub. le 27\/08\/2025 08:46<br \/>\n            &#8211; MAJ le 28\/08\/2025 18:11\n    <\/p>\n","protected":false},"excerpt":{"rendered":"\u00c0 bient\u00f4t 33 ans (il les f\u00eatera le 25 septembre prochain), Jonathan Clauss pensait vivre une nouvelle exp\u00e9rience&hellip;\n","protected":false},"author":2,"featured_media":343460,"comment_status":"","ping_status":"","sticky":false,"template":"","format":"standard","meta":{"footnotes":""},"categories":[2819],"tags":[1111,11,1777,674,1011,27,12,2401,882,25],"class_list":{"0":"post-351217","1":"post","2":"type-post","3":"status-publish","4":"format-standard","5":"has-post-thumbnail","7":"category-nice","8":"tag-actu","9":"tag-actualites","10":"tag-eu","11":"tag-europe","12":"tag-fr","13":"tag-france","14":"tag-news","15":"tag-nice","16":"tag-provence-alpes-cote-dazur","17":"tag-republique-francaise"},"share_on_mastodon":{"url":"https:\/\/pubeurope.com\/@fr\/115109812663858360","error":""},"_links":{"self":[{"href":"https:\/\/www.europesays.com\/fr\/wp-json\/wp\/v2\/posts\/351217","targetHints":{"allow":["GET"]}}],"collection":[{"href":"https:\/\/www.europesays.com\/fr\/wp-json\/wp\/v2\/posts"}],"about":[{"href":"https:\/\/www.europesays.com\/fr\/wp-json\/wp\/v2\/types\/post"}],"author":[{"embeddable":true,"href":"https:\/\/www.europesays.com\/fr\/wp-json\/wp\/v2\/users\/2"}],"replies":[{"embeddable":true,"href":"https:\/\/www.europesays.com\/fr\/wp-json\/wp\/v2\/comments?post=351217"}],"version-history":[{"count":0,"href":"https:\/\/www.europesays.com\/fr\/wp-json\/wp\/v2\/posts\/351217\/revisions"}],"wp:featuredmedia":[{"embeddable":true,"href":"https:\/\/www.europesays.com\/fr\/wp-json\/wp\/v2\/media\/343460"}],"wp:attachment":[{"href":"https:\/\/www.europesays.com\/fr\/wp-json\/wp\/v2\/media?parent=351217"}],"wp:term":[{"taxonomy":"category","embeddable":true,"href":"https:\/\/www.europesays.com\/fr\/wp-json\/wp\/v2\/categories?post=351217"},{"taxonomy":"post_tag","embeddable":true,"href":"https:\/\/www.europesays.com\/fr\/wp-json\/wp\/v2\/tags?post=351217"}],"curies":[{"name":"wp","href":"https:\/\/api.w.org\/{rel}","templated":true}]}}