{"id":351218,"date":"2025-08-29T02:58:17","date_gmt":"2025-08-29T02:58:17","guid":{"rendered":"https:\/\/www.europesays.com\/fr\/351218\/"},"modified":"2025-08-29T02:58:17","modified_gmt":"2025-08-29T02:58:17","slug":"cette-commune-de-loire-atlantique-met-le-paquet-sur-les-composteurs-collectifs","status":"publish","type":"post","link":"https:\/\/www.europesays.com\/fr\/351218\/","title":{"rendered":"Cette commune de Loire-Atlantique met le paquet sur les composteurs collectifs"},"content":{"rendered":"<p>Pour r\u00e9pondre \u00e0 la loi Agec (Anti gaspillage pour une \u00e9conomie circulaire) de 2020, qui g\u00e9n\u00e9ralise sur tout le territoire le tri \u00e0 la source des d\u00e9chets alimentaires, Nantes M\u00e9tropole a travaill\u00e9 avec la Ville afin de rendre accessible le compostage \u00e0 chaque m\u00e9nage. D\u00e8s septembre, la ville s\u2019engage \u00e0 mettre en place 3\u00a0148\u00a0composteurs individuels, destin\u00e9s principalement aux maisons individuelles.<\/p>\n<p><a href=\"https:\/\/nantes.maville.com\/actu\/actudet_-le-plus-grand-centre-technique-de-tramway-de-france-ouvre-ses-portes-au-nord-de-nantes-_8-6946499_actu.Htm?utm_source=troove&amp;utm_medium=site\" target=\"_blank\" rel=\"noopener\">? \u00c0 LIRE AUSSI. Le plus grand centre technique de tramway de France ouvre ses portes au nord de Nantes<\/a><\/p>\n<p>Installer 35 composteurs collectifs<\/p>\n<p>Il suffira de v\u00e9rifier l\u2019\u00e9ligibilit\u00e9 sur le e-service \u00ab\u00a0je demande un composteur\u00a0\u00bb sur le site internet de Nantes M\u00e9tropole, puis se pr\u00e9senter au rendez-vous choisi.<\/p>\n<p>Les rendez-vous seront disponibles du 2 au 6\u00a0septembre \u00e0 la Chapelle Aulnay, du 21 au 27\u00a0octobre \u00e0 la salle de sport de la Coutanci\u00e8re et du 23 au 30\u00a0novembre \u00e0 l\u2019H\u00f4pitau.<\/p>\n<p>Il est\u00a0pr\u00e9vu \u00e9galement d\u2019installer 35\u00a0composteurs collectifs, en plus des six\u00a0existants.<\/p>\n<p><a href=\"https:\/\/nantes.maville.com\/actu\/actudet_-les-habitants-doivent-faire-le-deuil-des-vieux-platanes-dans-cette-commune-de-loire-atlantique-_8-6941160_actu.Htm?utm_source=troove&amp;utm_medium=site\" target=\"_blank\" rel=\"noopener\">? \u00c0 LIRE AUSSI. Les habitants doivent faire le deuil des vieux platanes, dans cette commune de Loire-Atlantique<\/a><\/p>\n<p>Code pour ouvrir le composteur<\/p>\n<p>\u00c0 l\u2019installation, les Ambassadeurs d\u00e9chets viendront \u00e0 la rencontre des habitants \u00e0 leur domicile afin d\u2019informer\u00a0sur le dispositif.<\/p>\n<p>Leur venue sera annonc\u00e9e par voie d\u2019affichage. Un code sera remis, permettant d\u2019ouvrir le composteur.<\/p>\n<p>En fin de cycle\u00a0le composte sera distribu\u00e9 aux utilisateurs, \u00e0 raison d\u2019une ou deux fois par an.<\/p>\n<p>La localisation des composteurs sera identifiable sur l\u2019application Nantesmetropoledansmapoche et le site internet de Nantes M\u00e9tropole, via la page tri des d\u00e9chets alimentaires.<\/p>\n<p>\u00a0<\/p>\n","protected":false},"excerpt":{"rendered":"Pour r\u00e9pondre \u00e0 la loi Agec (Anti gaspillage pour une \u00e9conomie circulaire) de 2020, qui g\u00e9n\u00e9ralise sur tout&hellip;\n","protected":false},"author":2,"featured_media":351219,"comment_status":"","ping_status":"","sticky":false,"template":"","format":"standard","meta":{"footnotes":""},"categories":[2818],"tags":[1111,11,48787,7052,9115,1777,674,1011,27,3047,3736,766,12,48786,2636,25],"class_list":{"0":"post-351218","1":"post","2":"type-post","3":"status-publish","4":"format-standard","5":"has-post-thumbnail","7":"category-nantes","8":"tag-actu","9":"tag-actualites","10":"tag-collectifs","11":"tag-commune","12":"tag-composteurs","13":"tag-eu","14":"tag-europe","15":"tag-fr","16":"tag-france","17":"tag-loire-atlantique","18":"tag-met","19":"tag-nantes","20":"tag-news","21":"tag-paquet","22":"tag-pays-de-la-loire","23":"tag-republique-francaise"},"share_on_mastodon":{"url":"https:\/\/pubeurope.com\/@fr\/115109816284813016","error":""},"_links":{"self":[{"href":"https:\/\/www.europesays.com\/fr\/wp-json\/wp\/v2\/posts\/351218","targetHints":{"allow":["GET"]}}],"collection":[{"href":"https:\/\/www.europesays.com\/fr\/wp-json\/wp\/v2\/posts"}],"about":[{"href":"https:\/\/www.europesays.com\/fr\/wp-json\/wp\/v2\/types\/post"}],"author":[{"embeddable":true,"href":"https:\/\/www.europesays.com\/fr\/wp-json\/wp\/v2\/users\/2"}],"replies":[{"embeddable":true,"href":"https:\/\/www.europesays.com\/fr\/wp-json\/wp\/v2\/comments?post=351218"}],"version-history":[{"count":0,"href":"https:\/\/www.europesays.com\/fr\/wp-json\/wp\/v2\/posts\/351218\/revisions"}],"wp:featuredmedia":[{"embeddable":true,"href":"https:\/\/www.europesays.com\/fr\/wp-json\/wp\/v2\/media\/351219"}],"wp:attachment":[{"href":"https:\/\/www.europesays.com\/fr\/wp-json\/wp\/v2\/media?parent=351218"}],"wp:term":[{"taxonomy":"category","embeddable":true,"href":"https:\/\/www.europesays.com\/fr\/wp-json\/wp\/v2\/categories?post=351218"},{"taxonomy":"post_tag","embeddable":true,"href":"https:\/\/www.europesays.com\/fr\/wp-json\/wp\/v2\/tags?post=351218"}],"curies":[{"name":"wp","href":"https:\/\/api.w.org\/{rel}","templated":true}]}}