{"id":351220,"date":"2025-08-29T02:59:19","date_gmt":"2025-08-29T02:59:19","guid":{"rendered":"https:\/\/www.europesays.com\/fr\/351220\/"},"modified":"2025-08-29T02:59:19","modified_gmt":"2025-08-29T02:59:19","slug":"un-coup-de-pouce-pour-trouver-un-emploi-pres-de-nantes","status":"publish","type":"post","link":"https:\/\/www.europesays.com\/fr\/351220\/","title":{"rendered":"Un coup de pouce pour trouver un emploi pr\u00e8s de Nantes"},"content":{"rendered":"<p><a href=\"https:\/\/nantes.maville.com\/actu\/actudet_-saint-herblain.place-a-l-emploi-a-atlantis-_8-5195717_actu.Htm\" target=\"_blank\" rel=\"nofollow noopener\">Un forum de l\u2019emploi et de la formation (nomm\u00e9 Place \u00e0 l\u2019emploi)<\/a> sera organis\u00e9 dans toute la galerie commerciale Atlantis, r\u00e9unissant plus de 50\u00a0entreprises et centres de formation dans de nombreuses fili\u00e8res. Il se tiendra jeudi 11\u00a0septembre 2025, de 9\u00a0h\u00a030 \u00e0 17\u00a0heures (gratuit et sans inscription).<\/p>\n<p>2\u00a0000\u00a0personnes l\u2019an pass\u00e9<\/p>\n<p>\u00a0Apr\u00e8s le succ\u00e8s de l\u2019\u00e9dition 2024 &#8211; plus de 2000 personnes avaient r\u00e9pondu pr\u00e9sentes &#8211; nous esp\u00e9rons battre un nouveau record sur cette nouvelle \u00e9dition. Nous sommes en plus le tout premier forum emploi du territoire en septembre\u00a0, se f\u00e9licite Philippe Huguet, responsable partenariat \u00e0 l\u2019Atdec, association parmi les organisateurs.<\/p>\n<p>\u00a0<\/p>\n","protected":false},"excerpt":{"rendered":"Un forum de l\u2019emploi et de la formation (nomm\u00e9 Place \u00e0 l\u2019emploi) sera organis\u00e9 dans toute la galerie&hellip;\n","protected":false},"author":2,"featured_media":351221,"comment_status":"","ping_status":"","sticky":false,"template":"","format":"standard","meta":{"footnotes":""},"categories":[2818],"tags":[1111,11,3952,341,1777,674,1011,27,766,12,2636,9120,3762,25,13586],"class_list":{"0":"post-351220","1":"post","2":"type-post","3":"status-publish","4":"format-standard","5":"has-post-thumbnail","7":"category-nantes","8":"tag-actu","9":"tag-actualites","10":"tag-coup","11":"tag-emploi","12":"tag-eu","13":"tag-europe","14":"tag-fr","15":"tag-france","16":"tag-nantes","17":"tag-news","18":"tag-pays-de-la-loire","19":"tag-pouce","20":"tag-pres","21":"tag-republique-francaise","22":"tag-trouver"},"share_on_mastodon":{"url":"https:\/\/pubeurope.com\/@fr\/115109820101778971","error":""},"_links":{"self":[{"href":"https:\/\/www.europesays.com\/fr\/wp-json\/wp\/v2\/posts\/351220","targetHints":{"allow":["GET"]}}],"collection":[{"href":"https:\/\/www.europesays.com\/fr\/wp-json\/wp\/v2\/posts"}],"about":[{"href":"https:\/\/www.europesays.com\/fr\/wp-json\/wp\/v2\/types\/post"}],"author":[{"embeddable":true,"href":"https:\/\/www.europesays.com\/fr\/wp-json\/wp\/v2\/users\/2"}],"replies":[{"embeddable":true,"href":"https:\/\/www.europesays.com\/fr\/wp-json\/wp\/v2\/comments?post=351220"}],"version-history":[{"count":0,"href":"https:\/\/www.europesays.com\/fr\/wp-json\/wp\/v2\/posts\/351220\/revisions"}],"wp:featuredmedia":[{"embeddable":true,"href":"https:\/\/www.europesays.com\/fr\/wp-json\/wp\/v2\/media\/351221"}],"wp:attachment":[{"href":"https:\/\/www.europesays.com\/fr\/wp-json\/wp\/v2\/media?parent=351220"}],"wp:term":[{"taxonomy":"category","embeddable":true,"href":"https:\/\/www.europesays.com\/fr\/wp-json\/wp\/v2\/categories?post=351220"},{"taxonomy":"post_tag","embeddable":true,"href":"https:\/\/www.europesays.com\/fr\/wp-json\/wp\/v2\/tags?post=351220"}],"curies":[{"name":"wp","href":"https:\/\/api.w.org\/{rel}","templated":true}]}}