{"id":351224,"date":"2025-08-29T03:01:23","date_gmt":"2025-08-29T03:01:23","guid":{"rendered":"https:\/\/www.europesays.com\/fr\/351224\/"},"modified":"2025-08-29T03:01:23","modified_gmt":"2025-08-29T03:01:23","slug":"deux-adolescentes-meurent-percutees-par-un-train-dans-un-tunnel-pres-de-bordeaux-28-08-2025-a-1712","status":"publish","type":"post","link":"https:\/\/www.europesays.com\/fr\/351224\/","title":{"rendered":"Deux adolescentes meurent percut\u00e9es par un train dans un tunnel pr\u00e8s de Bordeaux &#8211; 28\/08\/2025 \u00e0 17:12"},"content":{"rendered":"<p>        <img fetchpriority=\"high\" decoding=\"async\" src=\"https:\/\/www.europesays.com\/fr\/wp-content\/uploads\/2025\/08\/45d5eadd65b5a40b1af694a57789dc33-760x507.jpg\" alt=\"L'entr\u00e9e d'un tunnel ferroviaire o\u00f9 deux adolescentes ont \u00e9t\u00e9 tu\u00e9es apr\u00e8s avoir \u00e9t\u00e9 heurt\u00e9es par un train \u00e0 Lormont, dans la banlieue de Bordeaux, le 28 ao\u00fbt 2025 en Gironde ( AFP \/ Christophe ARCHAMBAULT )\" loading=\"eager\" width=\"760\" height=\"507\" style=\"max-width: 100%!important; height: auto;\"\/><\/p>\n<p class=\"c-image-news__legend\">L&rsquo;entr\u00e9e d&rsquo;un tunnel ferroviaire o\u00f9 deux adolescentes ont \u00e9t\u00e9 tu\u00e9es apr\u00e8s avoir \u00e9t\u00e9 heurt\u00e9es par un train \u00e0 Lormont, dans la banlieue de Bordeaux, le 28 ao\u00fbt 2025 en Gironde ( AFP \/ Christophe ARCHAMBAULT )<\/p>\n<p>\n Deux adolescentes, dont les parents avaient signal\u00e9 la disparition dans la nuit, ont \u00e9t\u00e9 percut\u00e9es mortellement par un train jeudi matin dans un tunnel \u00e0 Lormont, pr\u00e8s de Bordeaux.\n<\/p>\n<p>\n \u00ab\u00a0Les circonstances, y compris l&rsquo;heure du d\u00e9c\u00e8s, restent \u00e0 d\u00e9terminer, et ce d&rsquo;autant qu&rsquo;aucun conducteur de train n&rsquo;a signal\u00e9 \u00e0 ce stade cette percussion, qui n&rsquo;a pas n\u00e9cessairement \u00e9t\u00e9 frontale\u00a0\u00bb, pr\u00e9cise le procureur de la R\u00e9publique de Bordeaux, Renaud Gaudeul, dans un communiqu\u00e9.\n<\/p>\n<p>\n Les deux jeunes filles, \u00e2g\u00e9es de 14 ans et 15 ans, ont pu \u00eatre happ\u00e9es par un train dans le tunnel sans que le conducteur ne s&rsquo;en aper\u00e7oive, a indiqu\u00e9 \u00e0 l&rsquo;AFP une source proche du dossier, pour qui l&rsquo;absence de signalement par le personnel SNCF \u00e9taye cette hypoth\u00e8se accidentelle.\n<\/p>\n<p>\n La SNCF a pour sa part indiqu\u00e9 \u00e0 l&rsquo;AFP qu&rsquo;elle \u00ab\u00a0ne s&rsquo;exprimera(it) pas\u00a0\u00bb.\n<\/p>\n<\/p>\n<p>\n Les deux victimes \u00e9taient des coll\u00e9giennes de 3e, scolaris\u00e9es dans un \u00e9tablissement de la commune, a indiqu\u00e9 le maire de Lormont Jean Touzeau, \u00e9mu en conf\u00e9rence de presse.\n<\/p>\n<p>\n Selon le procureur, les parents des deux jeunes filles, \u00ab\u00a0demeurant pour l&rsquo;une \u00e0 Lormont et l&rsquo;autre \u00e0 Bordeaux\u00a0\u00bb, ont signal\u00e9 leur disparition au commissariat de Bordeaux dans la nuit de mercredi \u00e0 jeudi.\n<\/p>\n<p>\n \u00ab\u00a0Ce matin, aux environs de 05H30, le p\u00e8re de l&rsquo;une d&rsquo;elles a d\u00e9couvert le corps sans vie de sa fille et de son amie, sur les voies de chemin de fer situ\u00e9es dans un tunnel \u00e0 Lormont. Il s&rsquo;\u00e9tait rendu sur les lieux apr\u00e8s avoir re\u00e7u de la part d&rsquo;une amie de sa fille une photo prise par celle-ci \u00e0 l&rsquo;entr\u00e9e du tunnel hier apr\u00e8s-midi\u00a0\u00bb, poursuit M. Gaudeul dans son communiqu\u00e9.\n<\/p>\n<p> &#8211; \u00ab\u00a0Limites de l&rsquo;action publique\u00a0\u00bb &#8211;<\/p>\n<p>\n Insistant \u00e0 plusieur reprises sur \u00ab\u00a0un drame affreux\u00a0\u00bb , le maire de Lormont n&rsquo;a pas donn\u00e9 d&rsquo;\u00e9l\u00e9ments sur les circonstances de l&rsquo;accident et a pr\u00e9f\u00e9r\u00e9 renvoyer vers l&rsquo;enqu\u00eate ouverte jeudi matin par le parquet de Bordeaux \u00ab\u00a0aux fins de recherche des causes de la mort\u00a0\u00bb, confi\u00e9e au commissariat de police de Bordeaux.\n<\/p>\n<p>\n Sur place, l&rsquo;entr\u00e9e du tunnel est prot\u00e9g\u00e9e par un vaste portail en m\u00e9tal, toujours scell\u00e9 par une cha\u00eene, a constat\u00e9 l&rsquo;AFP. Selon des voisins, des personnes pouvaient le contourner la nuit, en crapahutant dans les arbres et les talus de v\u00e9g\u00e9tations.\n<\/p>\n<\/p>\n<p>\n Le maire Jean Touzeau a toutefois reconnu les \u00ab\u00a0limites de l&rsquo;action publique\u00a0\u00bb face aux \u00ab\u00a0volont\u00e9s d&rsquo;aller sur des lignes\u00a0\u00bb. \u00ab\u00a0Les tunnels sont am\u00e9nag\u00e9s, s\u00e9curis\u00e9s le plus possible0\u00a0\u00bb, \u00ab\u00a0mais les enfants qui veulent arrivent toujours \u00e0 trouver une solution pour franchir les obstacles\u00a0\u00bb, a-t-il regrett\u00e9.\n<\/p>\n<p>\n La circulation des trains a \u00e9t\u00e9 interrompue sur la voie pendant la matin\u00e9e, le temps des investigations notamment men\u00e9es par la police technique et scientifique.\n<\/p>\n<p>\n Une cellule d&rsquo;\u00e9coute psychologique pour les familles des deux jeunes filles a \u00e9t\u00e9 mise en place imm\u00e9diatement jeudi matin, dans des locaux mis \u00e0 disposition par la mairie de Lormont.\n<\/p>\n<p>\n Un \u00ab\u00a0accompagnement\u00a0\u00bb des \u00e9l\u00e8ves du coll\u00e8ge o\u00f9 \u00e9taient scolaris\u00e9es les victimes est aussi pr\u00e9vu pour \u00ab\u00a0surmonter ce drame\u00a0\u00bb, a pr\u00e9cis\u00e9 le maire.<\/p>\n","protected":false},"excerpt":{"rendered":"L&rsquo;entr\u00e9e d&rsquo;un tunnel ferroviaire o\u00f9 deux adolescentes ont \u00e9t\u00e9 tu\u00e9es apr\u00e8s avoir \u00e9t\u00e9 heurt\u00e9es par un train \u00e0&hellip;\n","protected":false},"author":2,"featured_media":349986,"comment_status":"","ping_status":"","sticky":false,"template":"","format":"standard","meta":{"footnotes":""},"categories":[2817],"tags":[400,1111,11,1997,398,408,405,1777,674,1011,27,403,402,399,404,12,2219,25,401,406,407],"class_list":{"0":"post-351224","1":"post","2":"type-post","3":"status-publish","4":"format-standard","5":"has-post-thumbnail","7":"category-bordeaux","8":"tag-action-cac-40","9":"tag-actu","10":"tag-actualites","11":"tag-bordeaux","12":"tag-bourse-de-paris","13":"tag-boursorama","14":"tag-cotations","15":"tag-eu","16":"tag-europe","17":"tag-fr","18":"tag-france","19":"tag-indices-devises","20":"tag-investir","21":"tag-investissement","22":"tag-marche-boursier","23":"tag-news","24":"tag-nouvelle-aquitaine","25":"tag-republique-francaise","26":"tag-sicav","27":"tag-trackers","28":"tag-warrants"},"share_on_mastodon":{"url":"https:\/\/pubeurope.com\/@fr\/115109828303335799","error":""},"_links":{"self":[{"href":"https:\/\/www.europesays.com\/fr\/wp-json\/wp\/v2\/posts\/351224","targetHints":{"allow":["GET"]}}],"collection":[{"href":"https:\/\/www.europesays.com\/fr\/wp-json\/wp\/v2\/posts"}],"about":[{"href":"https:\/\/www.europesays.com\/fr\/wp-json\/wp\/v2\/types\/post"}],"author":[{"embeddable":true,"href":"https:\/\/www.europesays.com\/fr\/wp-json\/wp\/v2\/users\/2"}],"replies":[{"embeddable":true,"href":"https:\/\/www.europesays.com\/fr\/wp-json\/wp\/v2\/comments?post=351224"}],"version-history":[{"count":0,"href":"https:\/\/www.europesays.com\/fr\/wp-json\/wp\/v2\/posts\/351224\/revisions"}],"wp:featuredmedia":[{"embeddable":true,"href":"https:\/\/www.europesays.com\/fr\/wp-json\/wp\/v2\/media\/349986"}],"wp:attachment":[{"href":"https:\/\/www.europesays.com\/fr\/wp-json\/wp\/v2\/media?parent=351224"}],"wp:term":[{"taxonomy":"category","embeddable":true,"href":"https:\/\/www.europesays.com\/fr\/wp-json\/wp\/v2\/categories?post=351224"},{"taxonomy":"post_tag","embeddable":true,"href":"https:\/\/www.europesays.com\/fr\/wp-json\/wp\/v2\/tags?post=351224"}],"curies":[{"name":"wp","href":"https:\/\/api.w.org\/{rel}","templated":true}]}}