{"id":351229,"date":"2025-08-29T03:05:15","date_gmt":"2025-08-29T03:05:15","guid":{"rendered":"https:\/\/www.europesays.com\/fr\/351229\/"},"modified":"2025-08-29T03:05:15","modified_gmt":"2025-08-29T03:05:15","slug":"genesio-en-retard-en-conference-de-presse-a-cause-de-letang","status":"publish","type":"post","link":"https:\/\/www.europesays.com\/fr\/351229\/","title":{"rendered":"G\u00e9n\u00e9sio en retard en conf\u00e9rence de presse&#8230; \u00e0 cause de L\u00e9tang"},"content":{"rendered":"<p class=\"date\">\n                                                            Thomas Siniecki, Media365 : publi\u00e9 le jeudi 28 ao\u00fbt 2025 \u00e0 20h46\n                                                    <\/p>\n<p>Ce n&rsquo;est pas tr\u00e8s sympa de la part du patron du LOSC, mais le coach, malicieux, ne voulait pas porter le chapeau.<\/p>\n<p>Bruno G\u00e9n\u00e9sio n&rsquo;est pas du genre \u00e0 ne pas arriver \u00e0 l&rsquo;heure, d&rsquo;ailleurs il s&rsquo;est excus\u00e9 aupr\u00e8s des journalistes pr\u00e9sents en conf\u00e9rence de presse jeudi. Et il n&rsquo;a pas h\u00e9sit\u00e9 \u00e0 balancer son sup\u00e9rieur Olivier L\u00e9tang : \u00ab\u00a0Ce n&rsquo;est pas volontaire, je ne suis pas comme \u00e7a&#8230; Si vous voulez tout savoir, c&rsquo;est mon pr\u00e9sident qui est arriv\u00e9 \u00e0 12h55. Il souhaitait qu&rsquo;on \u00e9change. Voil\u00e0, comme \u00e7a vous savez tout !\u00a0\u00bb Ont-ils \u00e9voqu\u00e9 <a href=\"https:\/\/sports.orange.fr\/football\/mercato\/article\/mercato-l-essentiel-a-retenir-du-mercredi-27-aout-exclu-CNT000002knpJB.html\" rel=\"nofollow noopener\" target=\"_blank\">Hamza Igamane, qui serait sur le point de rejoindre le LOSC en provenance des Glasgow Rangers<\/a> ? Le coach lillois est tout \u00e0 fait pr\u00eat \u00e0 parler de tr\u00e8s bonne nouvelle, mais&#8230;<\/p>\n<p>Santos : \u00ab\u00a0Avant de me blesser, je vivais un r\u00eave\u00a0\u00bb<\/p>\n<p>\u00ab\u00a0Si les choses \u00e9voluent dans le bon sens, oui, parce qu&rsquo;au moment o\u00f9 je vous parle il n&rsquo;y a rien de sign\u00e9. Je connais un petit peu le mercato, \u00e7a fait quelques-uns que je fais. \u00c7a nous ferait huit joueurs offensifs pour quatre postes, parce qu&rsquo;il peut aussi jouer meneur de jeu.\u00a0\u00bb Une fois n&rsquo;est pas coutume, les Dogues ont aussi envoy\u00e9 <a href=\"https:\/\/sports.orange.fr\/football\/ligue-1\/article\/lille-rupture-du-ligament-croise-pour-santos-CNT000002fup1Y.html\" rel=\"nofollow noopener\" target=\"_blank\">un joueur&#8230; bless\u00e9, \u00e0 savoir Tiago Santos<\/a> sur le chemin du retour : \u00ab\u00a0Mon objectif, c&rsquo;est de retrouver le groupe apr\u00e8s la tr\u00eave internationale.\u00a0\u00bb<\/p>\n<p>Gravement touch\u00e9 au genou au mois d&rsquo;octobre la saison derni\u00e8re, il a v\u00e9cu cette derni\u00e8re d&rsquo;une fa\u00e7on forc\u00e9ment particuli\u00e8re : \u00ab\u00a0Avant de me blesser, je vivais un r\u00eave. Je me sens tr\u00e8s bien, je me suis mis au travail depuis plusieurs mois et je me pr\u00e9pare pour revenir en pleine forme, je suis tr\u00e8s heureux d&rsquo;avoir retrouv\u00e9 l&rsquo;\u00e9quipe. Le club m&rsquo;a beaucoup soutenu, j&rsquo;ai\u00a0travaill\u00e9 avec des gens qui ont fait tout ce qu&rsquo;ils pouvaient, et qui font toujours tout ce qu&rsquo;ils peuvent, pour que je retrouve ma meilleure forme.\u00a0\u00bb C&rsquo;\u00e9tait difficile de ne pas pouvoir \u00eatre l\u00e0, avec ses co\u00e9quipiers, surtout durant cette belle campagne de Ligue des champions \u00e0 suivre de loin, de trop loin. Une dizaine de jours seulement avant sa rupture du ligament crois\u00e9, le d\u00e9fenseur portugais \u00e9tait titulaire lors de l&rsquo;exploit face au Real Madrid (1-0).<\/p>\n","protected":false},"excerpt":{"rendered":"Thomas Siniecki, Media365 : publi\u00e9 le jeudi 28 ao\u00fbt 2025 \u00e0 20h46 Ce n&rsquo;est pas tr\u00e8s sympa de&hellip;\n","protected":false},"author":2,"featured_media":351230,"comment_status":"","ping_status":"","sticky":false,"template":"","format":"standard","meta":{"footnotes":""},"categories":[2815],"tags":[1111,11,1777,674,1011,27,811,1307,12,25],"class_list":{"0":"post-351229","1":"post","2":"type-post","3":"status-publish","4":"format-standard","5":"has-post-thumbnail","7":"category-lille","8":"tag-actu","9":"tag-actualites","10":"tag-eu","11":"tag-europe","12":"tag-fr","13":"tag-france","14":"tag-hauts-de-france","15":"tag-lille","16":"tag-news","17":"tag-republique-francaise"},"share_on_mastodon":{"url":"https:\/\/pubeurope.com\/@fr\/115109843680078932","error":""},"_links":{"self":[{"href":"https:\/\/www.europesays.com\/fr\/wp-json\/wp\/v2\/posts\/351229","targetHints":{"allow":["GET"]}}],"collection":[{"href":"https:\/\/www.europesays.com\/fr\/wp-json\/wp\/v2\/posts"}],"about":[{"href":"https:\/\/www.europesays.com\/fr\/wp-json\/wp\/v2\/types\/post"}],"author":[{"embeddable":true,"href":"https:\/\/www.europesays.com\/fr\/wp-json\/wp\/v2\/users\/2"}],"replies":[{"embeddable":true,"href":"https:\/\/www.europesays.com\/fr\/wp-json\/wp\/v2\/comments?post=351229"}],"version-history":[{"count":0,"href":"https:\/\/www.europesays.com\/fr\/wp-json\/wp\/v2\/posts\/351229\/revisions"}],"wp:featuredmedia":[{"embeddable":true,"href":"https:\/\/www.europesays.com\/fr\/wp-json\/wp\/v2\/media\/351230"}],"wp:attachment":[{"href":"https:\/\/www.europesays.com\/fr\/wp-json\/wp\/v2\/media?parent=351229"}],"wp:term":[{"taxonomy":"category","embeddable":true,"href":"https:\/\/www.europesays.com\/fr\/wp-json\/wp\/v2\/categories?post=351229"},{"taxonomy":"post_tag","embeddable":true,"href":"https:\/\/www.europesays.com\/fr\/wp-json\/wp\/v2\/tags?post=351229"}],"curies":[{"name":"wp","href":"https:\/\/api.w.org\/{rel}","templated":true}]}}