{"id":351235,"date":"2025-08-29T03:08:12","date_gmt":"2025-08-29T03:08:12","guid":{"rendered":"https:\/\/www.europesays.com\/fr\/351235\/"},"modified":"2025-08-29T03:08:12","modified_gmt":"2025-08-29T03:08:12","slug":"lyon-la-metropole-fait-expulser-de-force-deux-campements-sauvages-dans-ce-quartier","status":"publish","type":"post","link":"https:\/\/www.europesays.com\/fr\/351235\/","title":{"rendered":"Lyon. La M\u00e9tropole fait expulser de force deux campements sauvages dans ce quartier"},"content":{"rendered":"<p>            Par<br \/>\n        <strong><br \/>\n            <a href=\"https:\/\/actu.fr\/auteur\/anthony-soudani\" title=\"Consulter tous les articles de Anthony Soudani\" rel=\"nofollow noopener\" target=\"_blank\">Anthony Soudani<\/a><br \/>\n        <\/strong><\/p>\n<p>        Publi\u00e9 le<\/p>\n<p>            28 ao\u00fbt 2025 \u00e0 17h26        <\/p>\n<p>Op\u00e9ration coup de poing ce jeudi matin. Les policiers ont \u00e9vacu\u00e9 <strong>deux campements de Roms et de Moldaves<\/strong> \u00e0 Gerland, dans le 7\u1d49 arrondissement de <a href=\"https:\/\/actu.fr\/lyon\/\" rel=\"nofollow noopener\" target=\"_blank\">Lyon<\/a>, aux alentours de 10h. La force publique a \u00e9t\u00e9 utilis\u00e9e pour les faire sortir. Tous ont coop\u00e9r\u00e9 dans le calme apr\u00e8s avoir rassembl\u00e9 leurs affaires.\u00a0<\/p>\n<p>    <a href=\"https:\/\/www.google.com\/maps\/embed?pb=!1m18!1m12!1m3!1d9367.64253646852!2d4.838194868226037!3d45.73075811964773!2m3!1f0!2f0!3f0!3m2!1i1024!2i768!4f13.1!3m3!1m2!1s0x47f4ea243d41f78d%3A0x2bb62e94dc16c50a!2s163%20Rue%20de%20Gerland%2C%2069007%20Lyon!5e0!3m2!1sfr!2sfr!4v1756394039138!5m2!1sfr!2sfr\" title=\"Ouvrie le lien\" rel=\"nofollow noopener\" target=\"_blank\">Cliquez ici pour visualiser le contenu<\/a><\/p>\n<p>La M\u00e9tropole reprend le contr\u00f4le des lieux<\/p>\n<p class=\" wall-content\">Les lieux, appartenant \u00e0 la <a href=\"https:\/\/actu.fr\/auvergne-rhone-alpes\/lyon_69123\/lyon-polemique-du-paysagiste-qui-entretient-les-espaces-abandonnes-la-metropole-le-recadre_63067242.html\" rel=\"nofollow noopener\" target=\"_blank\">M\u00e9tropole de Lyon<\/a>, ont \u00e9t\u00e9 rapidement \u00e9vacu\u00e9s. Les campements \u00e9taient install\u00e9s sur une<strong> friche industrielle<\/strong> situ\u00e9e au 163 rue de Gerland.<\/p>\n<p class=\" wall-content\">Ils \u00e9taient compos\u00e9s de tentes individuelles et de mobiliers de r\u00e9cup\u00e9ration pour la partie occup\u00e9e par la communaut\u00e9 rom, alors que la communaut\u00e9 moldave occupait un b\u00e2timent d\u00e9saffect\u00e9.<\/p>\n<p>50 personnes sorties des campements<\/p>\n<p class=\" wall-content\">Une pr\u00e9c\u00e9dente op\u00e9ration de recensement a permis d\u2019identifier la pr\u00e9sence de 70 personnes sur les deux campements, sur une emprise fonci\u00e8re d\u2019environ 5000 m\u00b2.\u00a0<\/p>\n<p class=\" wall-content\">Au total, 50 personnes ont \u00e9t\u00e9 \u00e9vacu\u00e9es sur les deux campements sauvages par 32 policiers. <strong>Les lieux font l\u2019objet d\u2019une surveillance<\/strong> pour \u00e9viter toute r\u00e9installation.<\/p>\n<p class=\" wall-content\">Personnalisez votre actualit\u00e9 en ajoutant vos villes et m\u00e9dias en favori avec <a href=\"https:\/\/moncompte.actu.fr\" title=\"D\u00e9couvez Mon Actu\" rel=\"nofollow noopener\" data-trk=\"{&quot;cta&quot;:{&quot;action&quot;:&quot;https:\\\/\\\/moncompte.actu.fr&quot;,&quot;category&quot;:&quot;mon compte&quot;,&quot;from&quot;:&quot;article footer&quot;,&quot;name&quot;:&quot;Mon actu&quot;,&quot;type&quot;:&quot;cta&quot;}}\" target=\"_blank\">Mon Actu<\/a>.<\/p>\n","protected":false},"excerpt":{"rendered":"Par Anthony Soudani Publi\u00e9 le 28 ao\u00fbt 2025 \u00e0 17h26 Op\u00e9ration coup de poing ce jeudi matin. Les&hellip;\n","protected":false},"author":2,"featured_media":351236,"comment_status":"","ping_status":"","sticky":false,"template":"","format":"standard","meta":{"footnotes":""},"categories":[1889],"tags":[1111,11,2430,1777,674,118,1011,27,2428,12,1072,25],"class_list":{"0":"post-351235","1":"post","2":"type-post","3":"status-publish","4":"format-standard","5":"has-post-thumbnail","7":"category-lyon","8":"tag-actu","9":"tag-actualites","10":"tag-auvergne-rhone-alpes","11":"tag-eu","12":"tag-europe","13":"tag-faits-divers","14":"tag-fr","15":"tag-france","16":"tag-lyon","17":"tag-news","18":"tag-police","19":"tag-republique-francaise"},"share_on_mastodon":{"url":"https:\/\/pubeurope.com\/@fr\/115109855492969788","error":""},"_links":{"self":[{"href":"https:\/\/www.europesays.com\/fr\/wp-json\/wp\/v2\/posts\/351235","targetHints":{"allow":["GET"]}}],"collection":[{"href":"https:\/\/www.europesays.com\/fr\/wp-json\/wp\/v2\/posts"}],"about":[{"href":"https:\/\/www.europesays.com\/fr\/wp-json\/wp\/v2\/types\/post"}],"author":[{"embeddable":true,"href":"https:\/\/www.europesays.com\/fr\/wp-json\/wp\/v2\/users\/2"}],"replies":[{"embeddable":true,"href":"https:\/\/www.europesays.com\/fr\/wp-json\/wp\/v2\/comments?post=351235"}],"version-history":[{"count":0,"href":"https:\/\/www.europesays.com\/fr\/wp-json\/wp\/v2\/posts\/351235\/revisions"}],"wp:featuredmedia":[{"embeddable":true,"href":"https:\/\/www.europesays.com\/fr\/wp-json\/wp\/v2\/media\/351236"}],"wp:attachment":[{"href":"https:\/\/www.europesays.com\/fr\/wp-json\/wp\/v2\/media?parent=351235"}],"wp:term":[{"taxonomy":"category","embeddable":true,"href":"https:\/\/www.europesays.com\/fr\/wp-json\/wp\/v2\/categories?post=351235"},{"taxonomy":"post_tag","embeddable":true,"href":"https:\/\/www.europesays.com\/fr\/wp-json\/wp\/v2\/tags?post=351235"}],"curies":[{"name":"wp","href":"https:\/\/api.w.org\/{rel}","templated":true}]}}