{"id":351243,"date":"2025-08-29T03:13:13","date_gmt":"2025-08-29T03:13:13","guid":{"rendered":"https:\/\/www.europesays.com\/fr\/351243\/"},"modified":"2025-08-29T03:13:13","modified_gmt":"2025-08-29T03:13:13","slug":"rachida-dati-et-michel-barnier-trouvent-un-accord-sur-la-legislative-partielle-a-paris","status":"publish","type":"post","link":"https:\/\/www.europesays.com\/fr\/351243\/","title":{"rendered":"Rachida Dati et Michel Barnier trouvent un accord sur la l\u00e9gislative partielle \u00e0 Paris"},"content":{"rendered":"<p><img alt=\"Rachida Dati et Michel Barnier photographi\u00e9s \u00e0 l\u2019Assembl\u00e9e au mois d\u2019octobre. (illustration)\" loading=\"lazy\" width=\"960\" height=\"679\" decoding=\"async\" data-nimg=\"1\" class=\"rounded-lg\" style=\"color:transparent\" src=\"https:\/\/www.europesays.com\/fr\/wp-content\/uploads\/2025\/08\/6b7b09a2b12598604ab009590120a160.jpeg\"\/><\/p>\n<p>THOMAS SAMSON \/ AFP Rachida Dati et Michel Barnier photographi\u00e9s \u00e0 l\u2019Assembl\u00e9e au mois d\u2019octobre. (illustration)<\/p>\n<p class=\"mb-4 text-lg md:leading-8 break-words\">POLITIQUE &#8211; Il n\u2019y aura pas de sang sur les murs. Ce jeudi 28 ao\u00fbt, l\u2019accord scell\u00e9 entre <a data-i13n=\"cpos:1;pos:1\" href=\"https:\/\/fr.news.yahoo.com\/nouvelle-tentative-barnier-%C3%A9viter-duel-065625512.html\" data-ylk=\"slk:Rachida Dati et Michel Barnier;cpos:1;pos:1;elm:context_link;itc:0;sec:content-canvas;outcm:mb_qualified_link;_E:mb_qualified_link;ct:story;\" class=\"link  yahoo-link\" target=\"_blank\" rel=\"noopener\">Rachida Dati et Michel Barnier<\/a> concernant l\u2019\u00e9lection l\u00e9gislative partielle dans la 2e circonscription de Paris a \u00e9t\u00e9 confirm\u00e9 par <a data-i13n=\"cpos:2;pos:1\" href=\"https:\/\/fr.news.yahoo.com\/r%C3%A9publicains-accorderont-confiance-%C3%A0-fran%C3%A7ois-094813576.html\" data-ylk=\"slk:Les R\u00e9publicains;cpos:2;pos:1;elm:context_link;itc:0;sec:content-canvas;outcm:mb_qualified_link;_E:mb_qualified_link;ct:story;\" class=\"link  yahoo-link\" target=\"_blank\" rel=\"noopener\">Les R\u00e9publicains<\/a>.<\/p>\n<p class=\"mb-4 text-lg md:leading-8 break-words\">\u00ab \u00c0 l\u2019unanimit\u00e9, les R\u00e9publicains ont investi Rachida Dati pour les municipales \u00e0 Paris \u00bb de mars 2026 et \u00ab Rachida Dati apportera son soutien \u00e0 Michel Barnier pour l\u2019\u00e9lection l\u00e9gislative partielle dans la 2e circonscription de Paris \u00bb pr\u00e9vue les 21 et 28 septembre, \u00e9crit le parti dans un communiqu\u00e9.<\/p>\n<p class=\"mb-4 text-lg md:leading-8 break-words\"><a data-i13n=\"cpos:3;pos:1\" href=\"https:\/\/fr.news.yahoo.com\/dates-%C3%A9lections-municipales-2026-officialis%C3%A9es-102711916.html\" data-ylk=\"slk:Les dates des \u00e9lections municipales 2026 officialis\u00e9es par le gouvernement;cpos:3;pos:1;elm:context_link;itc:0;sec:content-canvas;outcm:mb_qualified_link;_E:mb_qualified_link;ct:story;\" class=\"link  yahoo-link\" target=\"_blank\" rel=\"noopener\">Les dates des \u00e9lections municipales 2026 officialis\u00e9es par le gouvernement <\/a><\/p>\n<p class=\"mb-4 text-lg md:leading-8 break-words\">Alors que la ministre de la Culture promettait de partir <a data-i13n=\"cpos:4;pos:1\" href=\"https:\/\/fr.news.yahoo.com\/barnier-investi-lr-dati-dissidente-165845025.html\" data-ylk=\"slk:en dissidence;cpos:4;pos:1;elm:context_link;itc:0;sec:content-canvas;outcm:mb_qualified_link;_E:mb_qualified_link;ct:story;\" class=\"link  yahoo-link\" target=\"_blank\" rel=\"noopener\">en dissidence<\/a> contre son ancien chef de gouvernement, annon\u00e7ant un duel fratricide comme la droite (parisienne) les affectionne, la commission d\u2019investiture du parti de Bruno Retailleau annonce que c\u2019est bien le Savoyard, et lui seul, qui briguera le si\u00e8ge de cette circonscription cossue.<\/p>\n<p>\u00ab Jusqu\u2019au bout \u00bb<\/p>\n<p class=\"mb-4 text-lg md:leading-8 break-words\">En \u00e9change du retrait de sa candidature, Rachida Dati est assur\u00e9e d\u2019avoir le soutien du parti pour les \u00e9lections municipales de 2026. Un d\u00e9nouement qui <a data-i13n=\"cpos:5;pos:1\" href=\"https:\/\/fr.news.yahoo.com\/duel-contre-michel-barnier-%C3%A0-142027390.html\" data-ylk=\"slk:confirme la piste du bluff;cpos:5;pos:1;elm:context_link;itc:0;sec:content-canvas;outcm:mb_qualified_link;_E:mb_qualified_link;ct:story;\" class=\"link  yahoo-link\" target=\"_blank\" rel=\"noopener\">confirme la piste du bluff<\/a> exerc\u00e9 par la maire du VIIe de Paris, qui jurait pourtant il y a encore quelques jours qu\u2019elle irait \u00ab <a data-i13n=\"cpos:6;pos:1\" href=\"https:\/\/fr.news.yahoo.com\/rachida-dati-pris-d%C3%A9cision-d%C3%A9finitive-052132445.html\" data-ylk=\"slk:jusqu\u2019au bout;cpos:6;pos:1;elm:context_link;itc:0;sec:content-canvas;outcm:mb_qualified_link;_E:mb_qualified_link;ct:story;\" class=\"link  yahoo-link\" target=\"_blank\" rel=\"noopener\">jusqu\u2019au bout <\/a>\u00bb de sa d\u00e9marche.<\/p>\n<p class=\"mb-4 text-lg md:leading-8 break-words\">\u00c0 noter que ce n\u2019est pas la premi\u00e8re fois que l\u2019int\u00e9ress\u00e9e exerce un tel coup de pression. En 2011, Rachida Dati s\u2019\u00e9tait d\u00e9j\u00e0 pr\u00e9sent\u00e9e en dissidence contre Fran\u00e7ois Fillon dans cette m\u00eame 2e circonscription. Avant de se retirer un mois avant le premier tour, \u00ab en responsabilit\u00e9 \u00bb pour ne \u00ab pas ajouter de la division \u00e0 l\u2019\u00e9chec en (se) pr\u00e9sentant dans la circonscription o\u00f9 (elle est) pourtant l\u00e9gitime \u00bb. Bis repetita, donc.<\/p>\n<p class=\"mb-4 text-lg md:leading-8 break-words\">Le premier tour de l\u2019\u00e9lection l\u00e9gislative partielle sur la 2e circonscription de Paris (pour laquelle les \u00e9cologistes ont d\u00e9cid\u00e9 de soutenir la candidate socialiste Fr\u00e9d\u00e9rique Bredin) est programm\u00e9 pour le 21 septembre. \u00c0 moins qu\u2019une <a data-i13n=\"cpos:7;pos:1\" href=\"https:\/\/fr.news.yahoo.com\/dissolution-l-assembl%C3%A9e-apr%C3%A8s-chute-103004903.html\" data-ylk=\"slk:dissolution;cpos:7;pos:1;elm:context_link;itc:0;sec:content-canvas;outcm:mb_qualified_link;_E:mb_qualified_link;ct:story;\" class=\"link  yahoo-link\" target=\"_blank\" rel=\"noopener\">dissolution<\/a> cons\u00e9cutive \u00e0 la crise politique secouant l\u2019ex\u00e9cutif vienne chambouler ce calendrier.<\/p>\n<p class=\"mb-4 text-lg md:leading-8 break-words\"><a data-i13n=\"cpos:8;pos:1\" href=\"https:\/\/fr.news.yahoo.com\/fran%C3%A7ois-bayrou-youtube-loi-duplomb-051517398.html\" data-ylk=\"slk:Fran\u00e7ois Bayrou sur YouTube, loi Duplomb\u2026 Les 5 infos politiques de l\u2019\u00e9t\u00e9 \u00e0 rattraper si vous n\u2019avez rien suivi;cpos:8;pos:1;elm:context_link;itc:0;sec:content-canvas;outcm:mb_qualified_link;_E:mb_qualified_link;ct:story;\" class=\"link  yahoo-link\" target=\"_blank\" rel=\"noopener\">Fran\u00e7ois Bayrou sur YouTube, loi Duplomb\u2026 Les 5 infos politiques de l\u2019\u00e9t\u00e9 \u00e0 rattraper si vous n\u2019avez rien suivi <\/a><\/p>\n<p class=\"mb-4 text-lg md:leading-8 break-words\"><a data-i13n=\"cpos:9;pos:1\" href=\"https:\/\/fr.news.yahoo.com\/rachida-dati-avantag%C3%A9e-candidate-ps-204307328.html\" data-ylk=\"slk:Rachida Dati avantag\u00e9e ? La candidate PS \u00e0 la l\u00e9gislative partielle \u00e0 Paris r\u00e9clame un report du scrutin;cpos:9;pos:1;elm:context_link;itc:0;sec:content-canvas;outcm:mb_qualified_link;_E:mb_qualified_link;ct:story;\" class=\"link  yahoo-link\" target=\"_blank\" rel=\"noopener\">Rachida Dati avantag\u00e9e ? La candidate PS \u00e0 la l\u00e9gislative partielle \u00e0 Paris r\u00e9clame un report du scrutin <\/a><\/p>\n","protected":false},"excerpt":{"rendered":"THOMAS SAMSON \/ AFP Rachida Dati et Michel Barnier photographi\u00e9s \u00e0 l\u2019Assembl\u00e9e au mois d\u2019octobre. (illustration) POLITIQUE &#8211;&hellip;\n","protected":false},"author":2,"featured_media":351244,"comment_status":"","ping_status":"","sticky":false,"template":"","format":"standard","meta":{"footnotes":""},"categories":[1888],"tags":[1111,1928,11,1927,1013,14519,1777,674,1011,27,27636,2616,12,1926,626,1925,417,25],"class_list":{"0":"post-351243","1":"post","2":"type-post","3":"status-publish","4":"format-standard","5":"has-post-thumbnail","7":"category-paris","8":"tag-actu","9":"tag-actu-paris","10":"tag-actualites","11":"tag-actualites-paris","12":"tag-bruno-retailleau","13":"tag-ce-nest-pas-la-premiere","14":"tag-eu","15":"tag-europe","16":"tag-fr","17":"tag-france","18":"tag-michel-barnier","19":"tag-ministre-de-la-culture","20":"tag-news","21":"tag-news-paris","22":"tag-paris","23":"tag-paris-news","24":"tag-rachida-dati","25":"tag-republique-francaise"},"share_on_mastodon":{"url":"https:\/\/pubeurope.com\/@fr\/115109875178958028","error":""},"_links":{"self":[{"href":"https:\/\/www.europesays.com\/fr\/wp-json\/wp\/v2\/posts\/351243","targetHints":{"allow":["GET"]}}],"collection":[{"href":"https:\/\/www.europesays.com\/fr\/wp-json\/wp\/v2\/posts"}],"about":[{"href":"https:\/\/www.europesays.com\/fr\/wp-json\/wp\/v2\/types\/post"}],"author":[{"embeddable":true,"href":"https:\/\/www.europesays.com\/fr\/wp-json\/wp\/v2\/users\/2"}],"replies":[{"embeddable":true,"href":"https:\/\/www.europesays.com\/fr\/wp-json\/wp\/v2\/comments?post=351243"}],"version-history":[{"count":0,"href":"https:\/\/www.europesays.com\/fr\/wp-json\/wp\/v2\/posts\/351243\/revisions"}],"wp:featuredmedia":[{"embeddable":true,"href":"https:\/\/www.europesays.com\/fr\/wp-json\/wp\/v2\/media\/351244"}],"wp:attachment":[{"href":"https:\/\/www.europesays.com\/fr\/wp-json\/wp\/v2\/media?parent=351243"}],"wp:term":[{"taxonomy":"category","embeddable":true,"href":"https:\/\/www.europesays.com\/fr\/wp-json\/wp\/v2\/categories?post=351243"},{"taxonomy":"post_tag","embeddable":true,"href":"https:\/\/www.europesays.com\/fr\/wp-json\/wp\/v2\/tags?post=351243"}],"curies":[{"name":"wp","href":"https:\/\/api.w.org\/{rel}","templated":true}]}}