{"id":351246,"date":"2025-08-29T03:15:19","date_gmt":"2025-08-29T03:15:19","guid":{"rendered":"https:\/\/www.europesays.com\/fr\/351246\/"},"modified":"2025-08-29T03:15:19","modified_gmt":"2025-08-29T03:15:19","slug":"paris-lr-intronise-dati-pour-les-municipales-et-sauve-barnier-dun-duel-fratricide-a-la-legislative-28-08-2025-a-2207","status":"publish","type":"post","link":"https:\/\/www.europesays.com\/fr\/351246\/","title":{"rendered":"Paris: LR intronise Dati pour les municipales et sauve Barnier d&rsquo;un duel fratricide \u00e0 la l\u00e9gislative &#8211; 28\/08\/2025 \u00e0 22:07"},"content":{"rendered":"<p>        <img fetchpriority=\"high\" decoding=\"async\" src=\"https:\/\/www.europesays.com\/fr\/wp-content\/uploads\/2025\/07\/43c7a44b50163a2d6a3e97661cc2b6e2-760x570.jpg\" alt=\"Combinaison d'images cr\u00e9\u00e9e le 18 juillet 2025 de Rachida Dati, \u00e0 Paris le 25 novembre 2019 et de Michel Barnier, \u00e0 Paris le 11 mai 2021 ( AFP \/ JOEL SAGET )\" loading=\"eager\" width=\"760\" height=\"570\" style=\"max-width: 100%!important; height: auto;\"\/><\/p>\n<p class=\"c-image-news__legend\">Combinaison d&rsquo;images cr\u00e9\u00e9e le 18 juillet 2025 de Rachida Dati, \u00e0 Paris le 25 novembre 2019 et de Michel Barnier, \u00e0 Paris le 11 mai 2021 ( AFP \/ JOEL SAGET )<\/p>\n<p>\n Un accord et un soulagement \u00e0 droite: les R\u00e9publicains ont officiellement investi jeudi soir Rachida Dati comme candidate \u00e0 la mairie de Paris, en \u00e9change de son retrait de la l\u00e9gislative partielle qui devait l&rsquo;opposer \u00e0 Michel Barnier fin septembre, \u00e9vitant ainsi un duel fratricide.\n<\/p>\n<p>\n \u00ab\u00a0A l&rsquo;unanimit\u00e9, les R\u00e9publicains ont investi Rachida Dati pour les municipales \u00e0 Paris\u00a0\u00bb de mars 2026 et celle-ci \u00ab\u00a0apportera son soutien \u00e0 Michel Barnier pour l&rsquo;\u00e9lection l\u00e9gislative partielle dans la 2e circonscription de Paris\u00a0\u00bb, a \u00e9crit le parti dans un communiqu\u00e9.\n<\/p>\n<p>\n La maire LR du 7e arrondissement n&rsquo;avait pas appr\u00e9ci\u00e9 l&rsquo;annonce de la candidature de Michel Barnier au scrutin dans la 2e circonscription de Paris, un bastion de la droite menac\u00e9 l&rsquo;an dernier par une candidate du PS, et avait dans un premier temps annonc\u00e9 maintenir une candidature dissidente.\n<\/p>\n<p>\n Le s\u00e9nateur Francis Szpiner, qui briguait \u00e9galement l&rsquo;investiture pour les municipales, a retir\u00e9 sa candidature, a indiqu\u00e9 la porte-parole de LR, Agn\u00e8s Evren.\n<\/p>\n<p>\n \u00ab\u00a0La raison l&rsquo;a emport\u00e9\u00a0\u00bb pour \u00ab\u00a0un accord gagnant-gagnant\u00a0\u00bb, a-t-elle estim\u00e9 aupr\u00e8s de l&rsquo;AFP.\n<\/p>\n<p>\n Michel Barnier, ex-Premier ministre d&rsquo;Emmanuel Macron, renvers\u00e9 par une motion de censure de l&rsquo;Assembl\u00e9e nationale en d\u00e9cembre 2024, devient donc le candidat unique de la droite au si\u00e8ge de d\u00e9put\u00e9 dans cette circonscription \u00e0 cheval sur les 5e, 6e et 7e arrondissements.\n<\/p>\n<p>\n Jean Laussucq, ancien collaborateur de Mme Dati y avait initialement remport\u00e9 le scrutin en juillet 2024, et si\u00e9geait au sein du groupe Renaissance, avant de voir son \u00e9lection invalid\u00e9e par le Conseil constitutionnel le 11 juillet 2025 pour irr\u00e9gularit\u00e9s dans ses comptes de campagne.\n<\/p>\n<p>\n Dans la foul\u00e9e, Michel Barnier a annonc\u00e9 que sa suppl\u00e9ante serait Florence Berthout, maire (Horizons) du 5e arrondissement, particuli\u00e8rement crucial dans cette \u00e9lection.\n<\/p>\n<p>        <img decoding=\"async\" src=\"https:\/\/www.europesays.com\/fr\/wp-content\/uploads\/2025\/08\/61d88d4462dded73c6ec7d9fe38b7aa9-760x534.jpg\" alt=\"Fr\u00e9d\u00e9rique Bredin, pr\u00e9sidente du CNC le 29 octobre 2013 ( AFP \/ DANIEL MIHAILESCU )\" loading=\"eager\" width=\"760\" height=\"534\" style=\"max-width: 100%!important; height: auto;\"\/><\/p>\n<p class=\"c-image-news__legend\">Fr\u00e9d\u00e9rique Bredin, pr\u00e9sidente du CNC le 29 octobre 2013 ( AFP \/ DANIEL MIHAILESCU )<\/p>\n<p>\n Outre Michel Barnier, deux autres personnalit\u00e9s sont en lice \u00e0 ce jour pour tenter de remporter cette l\u00e9gislative partielle: le RN Thierry Mariani et la socialiste Fr\u00e9d\u00e9rique Bredin, investie par le PS et soutenue par les Ecologistes.\n<\/p>\n<p>\n Le scrutin est pr\u00e9vu les 21 et 28 septembre, mais la candidate de gauche a \u00e9crit le 18 ao\u00fbt au Premier ministre Fran\u00e7ois Bayrou pour lui demander un report du scrutin \u00e0 d\u00e9but octobre, en \u00e9voquant notamment des d\u00e9lais trop serr\u00e9s.\n<\/p>\n<p> &#8211; Agenda judiciaire &#8211;<\/p>\n<p>\n De son c\u00f4t\u00e9, Rachida Dati va donc se focaliser sur le scrutin municipal de 2026 lors duquel elle devrait notamment affronter l&rsquo;ex-premier adjoint d&rsquo;Anne Hidalgo, Emmanuel Gr\u00e9goire, d\u00e9sign\u00e9 par le PS en juin dernier.\n<\/p>\n<p>\n \u00ab\u00a0Ce soir, la conqu\u00eate de Paris a commenc\u00e9. Je remercie Les R\u00e9publicains qui m&rsquo;ont accord\u00e9 leur investiture \u00e0 l&rsquo;unanimit\u00e9. A Paris, j\u2019\u0153uvrerai au rassemblement de toutes les forces d\u2019alternance et j&rsquo;appelle tous les Parisiens \u00e0 me rejoindre. Ensemble, nous allons gagner!\u00a0\u00bb, a r\u00e9agi Mme Dati sur X.\n<\/p>\n<p>        <img decoding=\"async\" src=\"https:\/\/www.europesays.com\/fr\/wp-content\/uploads\/2025\/08\/b3a437f03854a79a284ca406c8419230-760x507.jpg\" alt=\"La ministre de la Culture, Rachida Dati, quitte l'\u00c9lys\u00e9e \u00e0 Paris, le 30 juillet 2025 ( AFP \/ Thomas SAMSON )\" loading=\"eager\" width=\"760\" height=\"507\" style=\"max-width: 100%!important; height: auto;\"\/><\/p>\n<p class=\"c-image-news__legend\">La ministre de la Culture, Rachida Dati, quitte l&rsquo;\u00c9lys\u00e9e \u00e0 Paris, le 30 juillet 2025 ( AFP \/ Thomas SAMSON )<\/p>\n<p>\n Exclue des R\u00e9publicains en 2024 apr\u00e8s avoir \u00e9t\u00e9 recrut\u00e9e en janvier 2024 par la macronie pour entrer dans le gouvernement de Gabriel Attal comme ministre de la Culture, Rachida Dati a repris sa carte chez LR.\n<\/p>\n<p>\n Elle n&rsquo;a toutefois pas ralli\u00e9 \u00e0 sa cause Pierre-Yves Bournazel, lui-m\u00eame candidat d\u00e9clar\u00e9 \u00e0 la mairie de Paris. Elle sera \u00ab\u00a0la candidate de la droite dure\u00a0\u00bb, a tweet\u00e9 en r\u00e9action \u00e0 son investiture ce membre d&rsquo;Horizons, le parti d&rsquo;Edouard Philippe.\n<\/p>\n<p>\n Au calendrier \u00e9lectoral, Mme Dati, 59 ans, doit faire correspondre son agenda judiciaire: elle a \u00e9t\u00e9 renvoy\u00e9e le 22 juillet en proc\u00e8s pour corruption et trafic d&rsquo;influence, soup\u00e7onn\u00e9e d&rsquo;avoir per\u00e7u 900.000 euros entre 2010 et 2012 pour des prestations de conseil avec une filiale de l&rsquo;alliance Renault-Nissan mais sans avoir r\u00e9ellement travaill\u00e9, alors qu&rsquo;elle \u00e9tait avocate et d\u00e9put\u00e9e europ\u00e9enne. Elle a fait appel de la d\u00e9cision.\n<\/p>\n<p>\n La date pr\u00e9cise du proc\u00e8s devrait \u00eatre fix\u00e9e lors d&rsquo;une premi\u00e8re audience pr\u00e9vue le 29 septembre.\n<\/p>\n<p>\n Le Conseil constitutionnel a valid\u00e9 d\u00e9but ao\u00fbt un nouveau mode de scrutin pour les \u00e9lections municipales \u00e0 Paris, Lyon et Marseille, dont les conseillers des mairies centrales seront d\u00e9sormais \u00e9lus directement, en plus des repr\u00e9sentants d&rsquo;arrondissements et de secteurs.<\/p>\n","protected":false},"excerpt":{"rendered":"Combinaison d&rsquo;images cr\u00e9\u00e9e le 18 juillet 2025 de Rachida Dati, \u00e0 Paris le 25 novembre 2019 et de&hellip;\n","protected":false},"author":2,"featured_media":278658,"comment_status":"","ping_status":"","sticky":false,"template":"","format":"standard","meta":{"footnotes":""},"categories":[1888],"tags":[400,11,398,408,405,1777,674,1011,27,403,402,399,404,12,626,25,401,406,407],"class_list":{"0":"post-351246","1":"post","2":"type-post","3":"status-publish","4":"format-standard","5":"has-post-thumbnail","7":"category-paris","8":"tag-action-cac-40","9":"tag-actualites","10":"tag-bourse-de-paris","11":"tag-boursorama","12":"tag-cotations","13":"tag-eu","14":"tag-europe","15":"tag-fr","16":"tag-france","17":"tag-indices-devises","18":"tag-investir","19":"tag-investissement","20":"tag-marche-boursier","21":"tag-news","22":"tag-paris","23":"tag-republique-francaise","24":"tag-sicav","25":"tag-trackers","26":"tag-warrants"},"share_on_mastodon":{"url":"https:\/\/pubeurope.com\/@fr\/115109883134490943","error":""},"_links":{"self":[{"href":"https:\/\/www.europesays.com\/fr\/wp-json\/wp\/v2\/posts\/351246","targetHints":{"allow":["GET"]}}],"collection":[{"href":"https:\/\/www.europesays.com\/fr\/wp-json\/wp\/v2\/posts"}],"about":[{"href":"https:\/\/www.europesays.com\/fr\/wp-json\/wp\/v2\/types\/post"}],"author":[{"embeddable":true,"href":"https:\/\/www.europesays.com\/fr\/wp-json\/wp\/v2\/users\/2"}],"replies":[{"embeddable":true,"href":"https:\/\/www.europesays.com\/fr\/wp-json\/wp\/v2\/comments?post=351246"}],"version-history":[{"count":0,"href":"https:\/\/www.europesays.com\/fr\/wp-json\/wp\/v2\/posts\/351246\/revisions"}],"wp:featuredmedia":[{"embeddable":true,"href":"https:\/\/www.europesays.com\/fr\/wp-json\/wp\/v2\/media\/278658"}],"wp:attachment":[{"href":"https:\/\/www.europesays.com\/fr\/wp-json\/wp\/v2\/media?parent=351246"}],"wp:term":[{"taxonomy":"category","embeddable":true,"href":"https:\/\/www.europesays.com\/fr\/wp-json\/wp\/v2\/categories?post=351246"},{"taxonomy":"post_tag","embeddable":true,"href":"https:\/\/www.europesays.com\/fr\/wp-json\/wp\/v2\/tags?post=351246"}],"curies":[{"name":"wp","href":"https:\/\/api.w.org\/{rel}","templated":true}]}}